{"id":227055,"date":"2025-07-05T02:12:11","date_gmt":"2025-07-05T02:12:11","guid":{"rendered":"https:\/\/www.europesays.com\/fr\/227055\/"},"modified":"2025-07-05T02:12:11","modified_gmt":"2025-07-05T02:12:11","slug":"je-prends-beaucoup-de-plaisir-au-quotidien","status":"publish","type":"post","link":"https:\/\/www.europesays.com\/fr\/227055\/","title":{"rendered":"Je prends beaucoup de plaisir au quotidien"},"content":{"rendered":"<p>            Par<br \/>\n        <strong><br \/>\n            <a href=\"https:\/\/actu.fr\/auteur\/ivan-capecchi\" title=\"Consulter tous les articles de Ivan CAPECCHI\" target=\"_blank\" rel=\"noopener\">Ivan CAPECCHI<\/a><br \/>\n        <\/strong><\/p>\n<p>        Publi\u00e9 le<\/p>\n<p>            4 juil. 2025 \u00e0 16h41<br \/>\n        ; mis \u00e0 jour le 4 juil. 2025 \u00e0 16h45    <\/p>\n<p><strong>Jeanne Barseghian<\/strong> entre dans la course. Jeudi 3 juillet 2025, la maire \u00e9cologiste de <strong>Strasbourg<\/strong> a annonc\u00e9, devant des soutiens, son intention de briguer un second mandat lors des \u00e9lections <a href=\"https:\/\/actu.fr\/tag\/municipales-2026\" target=\"_blank\" rel=\"noopener\">municipales de 2026<\/a>.<\/p>\n<p class=\" wall-content\">Sans d\u00e9clarer officiellement l\u2019ouverture de sa campagne, <a href=\"https:\/\/actu.fr\/tag\/jeanne-barseghian\" target=\"_blank\" rel=\"noopener\">Jeanne Barseghian<\/a> dit vouloir <strong>poursuivre le travail engag\u00e9 avec ses partenaires<\/strong>. Entretien.<\/p>\n<p>\u00ab\u00a0Le cap que nous nous sommes fix\u00e9s est plus que jamais d\u2019actualit\u00e9\u00a0\u00bb<\/p>\n<p class=\"ac-article-content__question wall-content\"><strong class=\"color-primary\">Actu : <\/strong>Pourquoi avoir fait le choix de vous repr\u00e9senter ? <\/p>\n<p class=\" wall-content\"><strong class=\"color-primary\">Jeanne Barseghian : <\/strong>Cela me paraissait important de confirmer mon envie de continuer d\u2019exercer cette fonction pour laquelle je prends beaucoup de plaisir au quotidien. J&rsquo;ai la conviction que le cap que nous nous sommes fix\u00e9s en 2020 est plus que jamais d\u2019actualit\u00e9, qu\u2019il s\u2019agisse de l\u2019urgence climatique ou sociale. La canicule, et ses cons\u00e9quences, notamment en termes de bouillores thermiques, en est une illustration r\u00e9cente. On voit bien qu\u2019on se doit d\u2019acc\u00e9l\u00e9rer la transition, le Haut Conseil pour le climat (HCC) a d&rsquo;ailleurs appel\u00e9 jeudi \u00e0 un sursaut collectif. <\/p>\n<p>\u00ab\u00a0La dimension citoyenne sera une composante forte de la future \u00e9quipe\u00a0\u00bb<\/p>\n<p class=\"ac-article-content__question wall-content\">En 2020, vous aviez pr\u00e9sent\u00e9 une liste issue de la soci\u00e9t\u00e9 civile. Allez-vous appliquer la m\u00eame chose en 2026 ? <\/p>\n<p class=\" wall-content\"><strong class=\"color-primary\">J.B. : <\/strong>La dimension citoyenne \u00e9tait particuli\u00e8rement importante en 2020, je souhaite que cela reste une composante forte de la dynamique et de la future \u00e9quipe. Plus de la moiti\u00e9 de mes coll\u00e8gues de la majorit\u00e9 ne sont pas encart\u00e9s. Cet engagement de renouveau des pratiques d\u00e9mocratiques est toujours d&rsquo;actualit\u00e9. Une partie de l&rsquo;\u00e9quipe sortante sera maintenue mais il y aura aussi une part de renouvellement, tout cela se pr\u00e9cisera dans les prochains mois. Je suis convaincue qu\u2019un rassemblement des forces de gauche, \u00e9cologistes et citoyennes, fait pleinement sens \u00e0 Strasbourg. <\/p>\n<p>Vid\u00e9os : en ce moment sur Actu\u00ab\u00a0Une opposition de fa\u00e7ade\u00a0\u00bb<\/p>\n<p class=\"ac-article-content__question wall-content\">L&rsquo;opposition a r\u00e9agi \u00e0 votre annonce. Par exemple, le parti Renaissance parle d&rsquo;un \u00ab\u00a0mandat marqu\u00e9 par l\u2019inaction, les divisions et les renoncements\u00a0\u00bb&#8230;<\/p>\n<p class=\" wall-content\"><strong class=\"color-primary\">J.B. : <\/strong>Ce que je constate dans la vie de tous les jours, ce sont plut\u00f4t des personnes qui pl\u00e9biscitent les transformations en cours, comme l&rsquo;augmentation du budget de l&rsquo;Education, le recrutement d&rsquo;ATSEM [Agent territorial sp\u00e9cialis\u00e9 des \u00e9coles maternelles], la mise en place de l&rsquo;ordonnance verte, le r\u00e9am\u00e9nagement de places, la cr\u00e9ation de trottoirs ou de pistes cyclables&#8230; Lors des conseils municipaux, la majorit\u00e9 des points sont adopt\u00e9s par l&rsquo;opposition. Je suis convaincue qu&rsquo;il y a des d\u00e9saccords sur le fond, mais il y a aussi, dans une certaine mesure, une opposition de fa\u00e7ade. <\/p>\n<p>\u00ab\u00a0Je serai maire \u00e0 100 % jusqu\u2019\u00e0 la fin du mandat\u00a0\u00bb<\/p>\n<p class=\"ac-article-content__question wall-content\">Vous dites \u00eatre pr\u00eate pour 2026 mais ne pas vouloir encore entrer en campagne, n&rsquo;est-ce pas contradictoire ?<\/p>\n<p class=\" wall-content\"><strong class=\"color-primary\">J.B. : <\/strong>Effectivement, je ne compte pas entrer en campagne imm\u00e9diatement. L&rsquo;\u00e9lection, c&rsquo;est dans huit mois. Il y a encore fort \u00e0 faire, et je compte bien \u00eatre maire \u00e0 100 % jusqu&rsquo;au bout du mandat. Pour moi, le temps de la campagne n&rsquo;est pas encore venu. <\/p>\n<p>\u00ab\u00a0\u00catre maire, c\u2019est une immense responsabilit\u00e9 mais aussi une fonction passionnante\u00a0\u00bb<\/p>\n<p class=\"ac-article-content__question wall-content\">Au d\u00e9but de cet entretien, vous disiez prendre beaucoup de plaisir dans votre fonction de maire, qu&rsquo;entendez-vous par l\u00e0, concr\u00e8tement ?<\/p>\n<p class=\" wall-content\"><strong class=\"color-primary\">J.B. : <\/strong>\u00catre maire, c&rsquo;est \u00e0 la fois une immense responsabilit\u00e9 mais aussi une fonction passionnante. D&rsquo;abord, il n&rsquo;y a pas de temps mort, on est dans l&rsquo;action 24h\/24, 7 jours sur 7. J&rsquo;aime la grande diversit\u00e9 des missions de maire. Le matin, on peut \u00eatre avec des habitants autour d&rsquo;un potager collectif et, l&rsquo;apr\u00e8s-midi, ouvrir les assises europ\u00e9ennes de la transition \u00e9nerg\u00e9tique au parlement europ\u00e9en. C&rsquo;est captivant, car Strasbourg n&rsquo;est pas une ville comme les autres, elle a cette identit\u00e9 europ\u00e9enne tr\u00e8s forte qui m&rsquo;est tr\u00e8s ch\u00e8re. \u00catre tous les jours dans la proximit\u00e9 avec les habitants et en prise avec les enjeux europ\u00e9ens, c&rsquo;est absolument passionnant. <\/p>\n<p class=\" wall-content\">Suivez toute l\u2019actualit\u00e9 de vos villes et m\u00e9dias favoris en vous inscrivant \u00e0 <a href=\"https:\/\/moncompte.actu.fr\" title=\"D\u00e9couvez Mon Actu\" rel=\"nofollow noopener\" data-trk=\"{&quot;cta&quot;:{&quot;action&quot;:&quot;https:\\\/\\\/moncompte.actu.fr&quot;,&quot;category&quot;:&quot;mon compte&quot;,&quot;from&quot;:&quot;article footer&quot;,&quot;name&quot;:&quot;Mon actu&quot;,&quot;type&quot;:&quot;cta&quot;}}\" target=\"_blank\">Mon Actu<\/a>.<\/p>\n<ul class=\"ac-article-tag wall-content\">\n<li><a href=\"https:\/\/actu.fr\/tag\/jeanne-barseghian\" data-trk=\"{&quot;cta&quot;:{&quot;action&quot;:&quot;Jeanne Barseghian&quot;,&quot;category&quot;:&quot;tag&quot;,&quot;from&quot;:&quot;article footer&quot;,&quot;name&quot;:&quot;Jeanne Barseghian&quot;,&quot;type&quot;:&quot;cta&quot;}}\" target=\"_blank\" rel=\"noopener\">#Jeanne Barseghian<\/a><\/li>\n<li><a href=\"https:\/\/actu.fr\/tag\/municipales-2026\" data-trk=\"{&quot;cta&quot;:{&quot;action&quot;:&quot;Municipales 2026&quot;,&quot;category&quot;:&quot;tag&quot;,&quot;from&quot;:&quot;article footer&quot;,&quot;name&quot;:&quot;Municipales 2026&quot;,&quot;type&quot;:&quot;cta&quot;}}\" target=\"_blank\" rel=\"noopener\">#Municipales 2026<\/a><\/li>\n<\/ul>\n","protected":false},"excerpt":{"rendered":"Par Ivan CAPECCHI Publi\u00e9 le 4 juil. 2025 \u00e0 16h41 ; mis \u00e0 jour le 4 juil. 2025&hellip;\n","protected":false},"author":2,"featured_media":227056,"comment_status":"","ping_status":"","sticky":false,"template":"","format":"standard","meta":{"footnotes":""},"categories":[2820],"tags":[1111,11,1777,674,1011,27,775,7125,3434,12,316,25,640],"class_list":{"0":"post-227055","1":"post","2":"type-post","3":"status-publish","4":"format-standard","5":"has-post-thumbnail","7":"category-strasbourg","8":"tag-actu","9":"tag-actualites","10":"tag-eu","11":"tag-europe","12":"tag-fr","13":"tag-france","14":"tag-grand-est","15":"tag-jeanne-barseghian","16":"tag-municipales-2026","17":"tag-news","18":"tag-politique","19":"tag-republique-francaise","20":"tag-strasbourg"},"share_on_mastodon":{"url":"https:\/\/pubeurope.com\/@fr\/114798208198839837","error":""},"_links":{"self":[{"href":"https:\/\/www.europesays.com\/fr\/wp-json\/wp\/v2\/posts\/227055","targetHints":{"allow":["GET"]}}],"collection":[{"href":"https:\/\/www.europesays.com\/fr\/wp-json\/wp\/v2\/posts"}],"about":[{"href":"https:\/\/www.europesays.com\/fr\/wp-json\/wp\/v2\/types\/post"}],"author":[{"embeddable":true,"href":"https:\/\/www.europesays.com\/fr\/wp-json\/wp\/v2\/users\/2"}],"replies":[{"embeddable":true,"href":"https:\/\/www.europesays.com\/fr\/wp-json\/wp\/v2\/comments?post=227055"}],"version-history":[{"count":0,"href":"https:\/\/www.europesays.com\/fr\/wp-json\/wp\/v2\/posts\/227055\/revisions"}],"wp:featuredmedia":[{"embeddable":true,"href":"https:\/\/www.europesays.com\/fr\/wp-json\/wp\/v2\/media\/227056"}],"wp:attachment":[{"href":"https:\/\/www.europesays.com\/fr\/wp-json\/wp\/v2\/media?parent=227055"}],"wp:term":[{"taxonomy":"category","embeddable":true,"href":"https:\/\/www.europesays.com\/fr\/wp-json\/wp\/v2\/categories?post=227055"},{"taxonomy":"post_tag","embeddable":true,"href":"https:\/\/www.europesays.com\/fr\/wp-json\/wp\/v2\/tags?post=227055"}],"curies":[{"name":"wp","href":"https:\/\/api.w.org\/{rel}","templated":true}]}}