{"id":227070,"date":"2025-07-05T02:22:26","date_gmt":"2025-07-05T02:22:26","guid":{"rendered":"https:\/\/www.europesays.com\/fr\/227070\/"},"modified":"2025-07-05T02:22:26","modified_gmt":"2025-07-05T02:22:26","slug":"ca-ne-sert-a-rien-dacheter-tout-le-temps-avec-upsac-lille-les-cartables-ont-droit-a-une-seconde-vie","status":"publish","type":"post","link":"https:\/\/www.europesays.com\/fr\/227070\/","title":{"rendered":"\u00ab\u00a0\u00c7a ne sert \u00e0 rien d\u2019acheter tout le temps\u00a0!\u00a0\u00bb\u00a0: avec Up\u2019sac Lille, les cartables ont droit \u00e0 une seconde vie"},"content":{"rendered":"<p class=\"paragraph text_align_left lp-f-body-02\">\u00ab J\u2019ai fait deux porte-cl\u00e9s, un <a href=\"https:\/\/www.leparisien.fr\/societe\/lunique-exemplaire-au-monde-une-figurine-geante-labubu-vendue-130-000-euros-aux-encheres-en-chine-12-06-2025-ARKQHZM2ENFI5D7PIFRZHST25Y.php\" target=\"_blank\" rel=\"noreferrer noopener\">Labubu<\/a> et un Mickey ! \u00bb, sourit fi\u00e8rement Capucine, 8 ans. La fillette a aussi une nouvelle trousse, sur laquelle elle a dessin\u00e9 un chat noir au pochoir. Le clou du spectacle, c\u2019est son superbe cartable Hello Kitty, tout juste chin\u00e9. \u00ab On lui a r\u00e9par\u00e9 la hanse \u00bb, pr\u00e9cise Chlo\u00e9, sa maman.<\/p>\n<p class=\"paragraph text_align_left lp-f-body-02\">En tout, 296 enfants participent ce mercredi 2 juillet \u00e0 l\u2019Up\u2019sac Lille, un atelier gratuit organis\u00e9 par la mairie de <a href=\"https:\/\/www.leparisien.fr\/sports\/cyclisme\/tour-de-france\/a-lille-on-espere-que-le-grand-depart-du-tour-de-france-va-rapporter-gros-a-larrivee-03-07-2025-EMTSFOFZMZAM5ORGRIXE542NSA.php\" target=\"_blank\" rel=\"noreferrer noopener\">Lille<\/a> \u00e0 l\u2019H\u00f4tel de Ville. Objectif : r\u00e9parer et customiser son sac d\u2019\u00e9cole. Tissus, machines \u00e0 coudre, perles \u00e0 repasser, badges\u2026 Quatre associations et six animateurs de la Ville aident et guident les enfants. Pr\u00e8s de 200 cartables, issus de dons, sont \u00e0 leur disposition \u2013 ils peuvent aussi en ramener un.<\/p>\n<p>\u00ab La seconde main fait partie de notre culture \u00bb<\/p>\n<p class=\"paragraph text_align_left lp-f-body-02\">Margot, 21 ans, fait partie de l\u2019association Fou de Coudre. \u00ab On rebouche les trous et on r\u00e9pare les sangles cass\u00e9es ! \u00bb, explique-t-elle. \u00ab C\u2019est pas tr\u00e8s beau d\u2019avoir un cartable ab\u00eem\u00e9\u2026 Et moi je suis particuli\u00e8rement coquette \u00bb, affirme Juliette, 8 ans, qui choisit un tissu pour rafistoler la poign\u00e9e de son cartable fleuri.<\/p>\n<p class=\"paragraph text_align_left lp-f-body-02\">\u00ab C\u2019est sympa qu\u2019elle comprenne que \u00e7a ne sert \u00e0 rien d\u2019<a href=\"https:\/\/www.leparisien.fr\/economie\/consommation\/chaque-francais-a-achete-42-pieces-vetements-neufs-en-2024-un-record-17-06-2025-DKYK4ZFNEBFHZER3NRGZQFOPGY.php\" target=\"_blank\" rel=\"noreferrer noopener\">acheter tout le temps<\/a> \u00bb, glisse son papa, Camille. \u00ab Et \u00e7a \u00e9vitera de d\u00e9penser 70 euros\u2026 \u00bb Il en profite d\u2019ailleurs pour faire r\u00e9parer la fermeture de son propre sac.<\/p>\n<p class=\"paragraph text_align_left lp-f-body-02\">\u00ab <a href=\"https:\/\/www.leparisien.fr\/en-region\/je-vends-3-euros-des-habits-achetes-jusqua-75-euros-la-braderie-de-lille-grande-vitrine-du-reemploi-12-09-2024-VXEDIWW62VFKJOMSS7OSLB2TGQ.php\" target=\"_blank\" rel=\"noreferrer noopener\">Lille, c\u2019est la ville de la Braderie !<\/a> La seconde main fait partie de notre culture \u00bb, rappelle Charlotte Brun, premi\u00e8re adjointe au maire. L\u2019op\u00e9ration Up\u2019sac Lille co\u00fbte 3 500 euros \u00e0 la municipalit\u00e9 et s\u2019inscrit, depuis cinq ans d\u00e9j\u00e0, dans \u00ab une logique de solidarit\u00e9 et d\u2019\u00e9cologie \u00bb. Une initiative \u00e0 relier \u00e0 une politique globale : Lille a mis en place la <a href=\"https:\/\/www.leparisien.fr\/societe\/a-lille-les-fournitures-scolaires-gratuites-dans-les-ecoles-primaires-a-la-rentree-30-06-2021-WYK7JFKKVVG4ZJFWDD53RI26AM.php\" target=\"_blank\" rel=\"noreferrer noopener\">gratuit\u00e9 des fournitures scolaires depuis 2021<\/a>, soit un budget de 720 000 euros pour la rentr\u00e9e 2025.<\/p>\n","protected":false},"excerpt":{"rendered":"\u00ab J\u2019ai fait deux porte-cl\u00e9s, un Labubu et un Mickey ! \u00bb, sourit fi\u00e8rement Capucine, 8 ans. La&hellip;\n","protected":false},"author":2,"featured_media":227071,"comment_status":"","ping_status":"","sticky":false,"template":"","format":"standard","meta":{"footnotes":""},"categories":[2815],"tags":[1111,917,11,459,1777,674,1011,27,811,1307,12,8193,25,104],"class_list":{"0":"post-227070","1":"post","2":"type-post","3":"status-publish","4":"format-standard","5":"has-post-thumbnail","7":"category-lille","8":"tag-actu","9":"tag-actu-locale","10":"tag-actualites","11":"tag-departements-horsidfo","12":"tag-eu","13":"tag-europe","14":"tag-fr","15":"tag-france","16":"tag-hauts-de-france","17":"tag-lille","18":"tag-news","19":"tag-nord-59","20":"tag-republique-francaise","21":"tag-societe"},"share_on_mastodon":{"url":"https:\/\/pubeurope.com\/@fr\/114798247511116907","error":""},"_links":{"self":[{"href":"https:\/\/www.europesays.com\/fr\/wp-json\/wp\/v2\/posts\/227070","targetHints":{"allow":["GET"]}}],"collection":[{"href":"https:\/\/www.europesays.com\/fr\/wp-json\/wp\/v2\/posts"}],"about":[{"href":"https:\/\/www.europesays.com\/fr\/wp-json\/wp\/v2\/types\/post"}],"author":[{"embeddable":true,"href":"https:\/\/www.europesays.com\/fr\/wp-json\/wp\/v2\/users\/2"}],"replies":[{"embeddable":true,"href":"https:\/\/www.europesays.com\/fr\/wp-json\/wp\/v2\/comments?post=227070"}],"version-history":[{"count":0,"href":"https:\/\/www.europesays.com\/fr\/wp-json\/wp\/v2\/posts\/227070\/revisions"}],"wp:featuredmedia":[{"embeddable":true,"href":"https:\/\/www.europesays.com\/fr\/wp-json\/wp\/v2\/media\/227071"}],"wp:attachment":[{"href":"https:\/\/www.europesays.com\/fr\/wp-json\/wp\/v2\/media?parent=227070"}],"wp:term":[{"taxonomy":"category","embeddable":true,"href":"https:\/\/www.europesays.com\/fr\/wp-json\/wp\/v2\/categories?post=227070"},{"taxonomy":"post_tag","embeddable":true,"href":"https:\/\/www.europesays.com\/fr\/wp-json\/wp\/v2\/tags?post=227070"}],"curies":[{"name":"wp","href":"https:\/\/api.w.org\/{rel}","templated":true}]}}