{"id":227074,"date":"2025-07-05T02:24:12","date_gmt":"2025-07-05T02:24:12","guid":{"rendered":"https:\/\/www.europesays.com\/fr\/227074\/"},"modified":"2025-07-05T02:24:12","modified_gmt":"2025-07-05T02:24:12","slug":"lhuveaune-place-en-alerte-secheresse-par-la-prefecture-des-bouches-du-rhone-des-restrictions-pour-les-usagers","status":"publish","type":"post","link":"https:\/\/www.europesays.com\/fr\/227074\/","title":{"rendered":"L&rsquo;Huveaune plac\u00e9 en alerte s\u00e9cheresse par la pr\u00e9fecture des Bouches-du-Rh\u00f4ne, des restrictions pour les usagers"},"content":{"rendered":"<p>Ce n\u2019\u00e9tait qu\u2019une question de jours, c\u2019est d\u00e9sormais chose faite. Ce vendredi 4\u00a0juillet, la pr\u00e9fecture des Bouches-du-Rh\u00f4ne a plac\u00e9 <a href=\"https:\/\/www.laprovence.com\/article\/region\/1843820069193114\/face-a-la-secheresse-une-riviere-souterraine-sous-l-huveaune-pourrait-aider-le-pays-daubagne\" target=\"_blank\" rel=\"noopener\">l\u2019Huveaune en \u00e9tat d\u2019alerte s\u00e9cheresse<\/a>, soit le premier des trois niveaux de vigilance. \u00ab\u00a0Le d\u00e9ficit pluviom\u00e9trique enregistr\u00e9 ces deux derniers mois et les temp\u00e9ratures particuli\u00e8rement \u00e9lev\u00e9es de ces derni\u00e8res semaines ont engendr\u00e9 la baisse des niveaux des cours d\u2019eau et des nappes du d\u00e9partement\u00a0\u00bb, analysent les services pr\u00e9fectoraux.<\/p>\n<p>La mesure \u00e9tait attendue par les professionnels de terrain qui ont vu le d\u00e9bit du petit fleuve de 48\u00a0km s\u2019amenuiser ces derniers jours. Le premier seuil d\u2019alerte se d\u00e9clenche lorsque le d\u00e9bit de l\u2019Huveaune tombe sous la barre des 210 litres par seconde en aval, au passage d\u2019Aubagne, et de 140 litres par seconde en amont au niveau de Roquevaire. Des niveaux que n\u2019atteint plus le cours d\u2019eau ces derniers jours, s\u2019\u00e9tablissant en moyenne bien en dessous d\u2019apr\u00e8s les relev\u00e9s des stations hydrom\u00e9triques.<\/p>\n<p>Retour des restrictions<\/p>\n<p>\u00ab\u00a0Les pr\u00e9visions m\u00e9t\u00e9orologiques annoncent encore des prochaines semaines plut\u00f4t s\u00e8ches et chaudes\u00a0\u00bb, met en garde la pr\u00e9fecture qui estime que la situation des ressources locales que sont les cours d\u2019eau et les nappes \u00ab\u00a0va ainsi continuer \u00e0 se d\u00e9t\u00e9riorer\u00a0\u00bb. Avec le passage au stade d\u2019alerte,<a href=\"https:\/\/www.laprovence.com\/article\/region\/4599504505655115\/vers-une-evolution-des-criteres-de-protection-de-l-huveaune-pour-faire-face-au-changement-climatique\" target=\"_blank\" rel=\"noopener\"> les restrictions estivales<\/a> font \u00e9galement leur retour. Que la ressource soit issue des nappes comme des cours d\u2019eau, il est d\u00e9sormais interdit d\u2019arroser son jardin et potager entre 9h et 19h, de laver son v\u00e9hicule \u00e0 domicile ou de nettoyer ses fa\u00e7ades et toitures. Pour le remplissage des piscines, celui-ci est autoris\u00e9 \u00e0 condition de s\u2019approvisionner avec de l\u2019eau issue des canaux Durance et Verdon.<\/p>\n<p>La pr\u00e9fecture des Bouches-du-Rh\u00f4ne appelle particuli\u00e8rement \u00e0 la vigilance alors qu\u2019avec les chaleurs caniculaires que conna\u00eet la Provence depuis deux semaines, \u00ab\u00a0des consommations exceptionnelles d\u2019eau sont observ\u00e9es provoquant des tensions sur le r\u00e9seau de distribution, avec pour cons\u00e9quences des casses et des coupures d\u2019eau\u00a0\u00bb. Au total, dix communes du bassin de l\u2019Huveaune sont concern\u00e9es par les restrictions\u00a0: Aubagne, Auriol, La Bouilladisse, Cadolive, La Destrousse, G\u00e9menos, La Penne-sur-Huveaune, Peypin, Roquevaire et Saint-Savournin.<\/p>\n","protected":false},"excerpt":{"rendered":"Ce n\u2019\u00e9tait qu\u2019une question de jours, c\u2019est d\u00e9sormais chose faite. Ce vendredi 4\u00a0juillet, la pr\u00e9fecture des Bouches-du-Rh\u00f4ne a&hellip;\n","protected":false},"author":2,"featured_media":227075,"comment_status":"","ping_status":"","sticky":false,"template":"","format":"standard","meta":{"footnotes":""},"categories":[2814],"tags":[17,1111,11,898,154,436,1777,674,1011,27,36537,884,12,5912,5536,8916,882,25,12817],"class_list":{"0":"post-227074","1":"post","2":"type-post","3":"status-publish","4":"format-standard","5":"has-post-thumbnail","7":"category-marseille","8":"tag-17","9":"tag-actu","10":"tag-actualites","11":"tag-alerte","12":"tag-des","13":"tag-environnement","14":"tag-eu","15":"tag-europe","16":"tag-fr","17":"tag-france","18":"tag-lhuveaune","19":"tag-marseille","20":"tag-news","21":"tag-par","22":"tag-place","23":"tag-prefecture","24":"tag-provence-alpes-cote-dazur","25":"tag-republique-francaise","26":"tag-secheresse"},"share_on_mastodon":{"url":"https:\/\/pubeurope.com\/@fr\/114798255408313291","error":""},"_links":{"self":[{"href":"https:\/\/www.europesays.com\/fr\/wp-json\/wp\/v2\/posts\/227074","targetHints":{"allow":["GET"]}}],"collection":[{"href":"https:\/\/www.europesays.com\/fr\/wp-json\/wp\/v2\/posts"}],"about":[{"href":"https:\/\/www.europesays.com\/fr\/wp-json\/wp\/v2\/types\/post"}],"author":[{"embeddable":true,"href":"https:\/\/www.europesays.com\/fr\/wp-json\/wp\/v2\/users\/2"}],"replies":[{"embeddable":true,"href":"https:\/\/www.europesays.com\/fr\/wp-json\/wp\/v2\/comments?post=227074"}],"version-history":[{"count":0,"href":"https:\/\/www.europesays.com\/fr\/wp-json\/wp\/v2\/posts\/227074\/revisions"}],"wp:featuredmedia":[{"embeddable":true,"href":"https:\/\/www.europesays.com\/fr\/wp-json\/wp\/v2\/media\/227075"}],"wp:attachment":[{"href":"https:\/\/www.europesays.com\/fr\/wp-json\/wp\/v2\/media?parent=227074"}],"wp:term":[{"taxonomy":"category","embeddable":true,"href":"https:\/\/www.europesays.com\/fr\/wp-json\/wp\/v2\/categories?post=227074"},{"taxonomy":"post_tag","embeddable":true,"href":"https:\/\/www.europesays.com\/fr\/wp-json\/wp\/v2\/tags?post=227074"}],"curies":[{"name":"wp","href":"https:\/\/api.w.org\/{rel}","templated":true}]}}