{"id":227082,"date":"2025-07-05T02:29:16","date_gmt":"2025-07-05T02:29:16","guid":{"rendered":"https:\/\/www.europesays.com\/fr\/227082\/"},"modified":"2025-07-05T02:29:16","modified_gmt":"2025-07-05T02:29:16","slug":"debut-de-journee-rouge-sur-les-routes-de-paris-et-dile-de-france-la-circulation-tres-embouteillee","status":"publish","type":"post","link":"https:\/\/www.europesays.com\/fr\/227082\/","title":{"rendered":"D\u00e9but de journ\u00e9e rouge sur les routes de Paris et d&rsquo;\u00cele-de-France, la circulation tr\u00e8s embouteill\u00e9e"},"content":{"rendered":"<p>            Par<br \/>\n        <strong><br \/>\n            <a href=\"https:\/\/actu.fr\/auteur\/redaction-paris\" title=\"Consulter tous les articles de R\u00e9daction Paris\" target=\"_blank\" rel=\"noopener\">R\u00e9daction Paris<\/a><br \/>\n        <\/strong><\/p>\n<p>        Publi\u00e9 le<\/p>\n<p>            4 juil. 2025 \u00e0 8h50        <\/p>\n<p>Les cloches des \u00e9coles n\u2019ont pas encore sonn\u00e9 que d\u00e9j\u00e0 certains Franciliens semblent avoir pris la route des <a href=\"https:\/\/actu.fr\/tag\/vacances-scolaires\" target=\"_blank\" rel=\"noopener\">vacances<\/a>. Ce vendredi 4\u00a0juillet 2025, jour de fin d\u2019ann\u00e9e scolaire, les <strong>embouteillages<\/strong> sur les routes de Paris et d\u2019\u00cele-de-France sont bien au-dessus des valeurs habituelles.<\/p>\n<p>234 kilom\u00e8tres de bouchons<\/p>\n<p class=\" wall-content\">D\u2019apr\u00e8s le barom\u00e8tre de <a href=\"https:\/\/www.sytadin.fr\/sys\/alert_reseau.jsp.html#577601\" target=\"_blank\" rel=\"noopener\">Sytadin.fr<\/a>, les bouchons atteignent, \u00e0 8h30, <strong>234 kilom\u00e8tres<\/strong>. En temps normal, lorsque la circulation est fluide, ils d\u00e9passent rarement 140 kilom\u00e8tres. Une situation qu\u2019avait anticip\u00e9e <a href=\"https:\/\/actu.fr\/tag\/bison-fute\" target=\"_blank\" rel=\"noopener\">Bison Fut\u00e9<\/a> en <a href=\"https:\/\/actu.fr\/ile-de-france\/paris_75056\/vacances-d-ete-bison-fute-prevoit-un-week-end-tres-difficile-sur-les-routes-de-paris-et-d-ile-de-france_62858436.html\" target=\"_blank\" rel=\"noopener\">classant rouge<\/a> cette journ\u00e9e en \u00cele-de-France, dans les deux sens de circulation.<\/p>\n<p class=\" wall-content\">Quelques <strong>incidents<\/strong> peuvent aussi localement ralentir le trafic\u2009:<\/p>\n<p class=\" wall-content\">\u2013 Sur l\u2019<strong>A86<\/strong> sens int\u00e9rieur au niveau de Bobigny, accident impliquant un v\u00e9hicule l\u00e9ger. Deux voies sur les trois sont neutralis\u00e9es<\/p>\n<p class=\" wall-content\">\u2013 Sur l\u2019<strong>A86<\/strong> sens int\u00e9rieur au niveau de Fontenay-sous-Bois, poids lourd en panne. Une des deux voies est neutralis\u00e9e<\/p>\n<p>Vid\u00e9os : en ce moment sur Actu<\/p>\n<p class=\" wall-content\">Suivez toute l\u2019actualit\u00e9 de vos villes et m\u00e9dias favoris en vous inscrivant \u00e0 <a href=\"https:\/\/moncompte.actu.fr\" title=\"D\u00e9couvez Mon Actu\" rel=\"nofollow noopener\" data-trk=\"{&quot;cta&quot;:{&quot;action&quot;:&quot;https:\\\/\\\/moncompte.actu.fr&quot;,&quot;category&quot;:&quot;mon compte&quot;,&quot;from&quot;:&quot;article footer&quot;,&quot;name&quot;:&quot;Mon actu&quot;,&quot;type&quot;:&quot;cta&quot;}}\" target=\"_blank\">Mon Actu<\/a>.<\/p>\n","protected":false},"excerpt":{"rendered":"Par R\u00e9daction Paris Publi\u00e9 le 4 juil. 2025 \u00e0 8h50 Les cloches des \u00e9coles n\u2019ont pas encore sonn\u00e9&hellip;\n","protected":false},"author":2,"featured_media":190395,"comment_status":"","ping_status":"","sticky":false,"template":"","format":"standard","meta":{"footnotes":""},"categories":[1592],"tags":[1111,11,6427,3542,1777,674,1011,27,662,12,626,25,104,2803],"class_list":{"0":"post-227082","1":"post","2":"type-post","3":"status-publish","4":"format-standard","5":"has-post-thumbnail","7":"category-ile-de-france","8":"tag-actu","9":"tag-actualites","10":"tag-bison-fute","11":"tag-circulation","12":"tag-eu","13":"tag-europe","14":"tag-fr","15":"tag-france","16":"tag-ile-de-france","17":"tag-news","18":"tag-paris","19":"tag-republique-francaise","20":"tag-societe","21":"tag-transport"},"share_on_mastodon":{"url":"https:\/\/pubeurope.com\/@fr\/114798275125408398","error":""},"_links":{"self":[{"href":"https:\/\/www.europesays.com\/fr\/wp-json\/wp\/v2\/posts\/227082","targetHints":{"allow":["GET"]}}],"collection":[{"href":"https:\/\/www.europesays.com\/fr\/wp-json\/wp\/v2\/posts"}],"about":[{"href":"https:\/\/www.europesays.com\/fr\/wp-json\/wp\/v2\/types\/post"}],"author":[{"embeddable":true,"href":"https:\/\/www.europesays.com\/fr\/wp-json\/wp\/v2\/users\/2"}],"replies":[{"embeddable":true,"href":"https:\/\/www.europesays.com\/fr\/wp-json\/wp\/v2\/comments?post=227082"}],"version-history":[{"count":0,"href":"https:\/\/www.europesays.com\/fr\/wp-json\/wp\/v2\/posts\/227082\/revisions"}],"wp:featuredmedia":[{"embeddable":true,"href":"https:\/\/www.europesays.com\/fr\/wp-json\/wp\/v2\/media\/190395"}],"wp:attachment":[{"href":"https:\/\/www.europesays.com\/fr\/wp-json\/wp\/v2\/media?parent=227082"}],"wp:term":[{"taxonomy":"category","embeddable":true,"href":"https:\/\/www.europesays.com\/fr\/wp-json\/wp\/v2\/categories?post=227082"},{"taxonomy":"post_tag","embeddable":true,"href":"https:\/\/www.europesays.com\/fr\/wp-json\/wp\/v2\/tags?post=227082"}],"curies":[{"name":"wp","href":"https:\/\/api.w.org\/{rel}","templated":true}]}}