{"id":227083,"date":"2025-07-05T02:30:17","date_gmt":"2025-07-05T02:30:17","guid":{"rendered":"https:\/\/www.europesays.com\/fr\/227083\/"},"modified":"2025-07-05T02:30:17","modified_gmt":"2025-07-05T02:30:17","slug":"promenade-escalade-festivals-lhippodrome-de-vincennes-va-se-transformer-et-souvrir-aux-parisiens","status":"publish","type":"post","link":"https:\/\/www.europesays.com\/fr\/227083\/","title":{"rendered":"Promenade, escalade, festivals&#8230; L&rsquo;hippodrome de Vincennes va se transformer et s&rsquo;ouvrir aux Parisiens"},"content":{"rendered":"<p>            Par<br \/>\n        <strong><br \/>\n            <a href=\"https:\/\/actu.fr\/auteur\/redaction-paris\" title=\"Consulter tous les articles de R\u00e9daction Paris\" rel=\"nofollow noopener\" target=\"_blank\">R\u00e9daction Paris<\/a><br \/>\n        <\/strong><\/p>\n<p>        Publi\u00e9 le<\/p>\n<p>            4 juil. 2025 \u00e0 19h11        <\/p>\n<p>Une bonne nouvelle pour les Parisiens et les Franciliens. L\u2019<strong><a href=\"https:\/\/actu.fr\/economie\/vie-des-entreprises\/cavalier-d-entrainement-eleveur-a-l-hippodrome-de-vincennes-la-filiere-equestre-se-devoile_59966537.html\" rel=\"nofollow noopener\" target=\"_blank\">hippodrome de Vincennes<\/a><\/strong> va devenir un espace vert accessible \u00e0 tous, avec l\u2019ouverture prochaine d\u2019une <strong>promenade<\/strong> permettant de traverser tout le site. D\u2019autres \u00e9volutions sont pr\u00e9vues sur la diversification des usages du site de <a href=\"https:\/\/actu.fr\/sports\/hippisme\/hippisme-a-vincennes-lincroyable-reussite-des-manchois-au-sommet-du-trot_61246043.html\" rel=\"nofollow noopener\" target=\"_blank\">courses hippiques<\/a> le plus actif au monde, a annonc\u00e9 par voie de communiqu\u00e9 la Soci\u00e9t\u00e9 d\u2019encouragement \u00e0 l\u2019\u00e9levage du trotteur fran\u00e7ais (SETEF), qui g\u00e8re les lieux depuis 1975, et dont la concession d\u2019occupation a \u00e9t\u00e9 renouvel\u00e9e ce vendredi 4\u00a0juillet 2025 par le <a href=\"https:\/\/actu.fr\/tag\/conseil-de-paris\" rel=\"nofollow noopener\" target=\"_blank\">Conseil de Paris<\/a> pour les trente prochaines ann\u00e9es.<\/p>\n<p>Un hippodrome r\u00e9nov\u00e9 et diversifi\u00e9<\/p>\n<p class=\" wall-content\">Pour \u00ab\u2009s\u2019ouvrir \u00e0 la ville\u2009\u00bb et rajeunir son public vieillissant, l\u2019hippodrome de 42\u00a0ha construit en 1863 au c\u0153ur du <a href=\"https:\/\/actu.fr\/ile-de-france\/paris_75056\/pourquoi-le-bois-de-vincennes-appartient-il-a-la-ville-de-paris_49696892.html\" rel=\"nofollow noopener\" target=\"_blank\">bois de Vincennes<\/a> va d\u00e9velopper de <strong>nouvelles activit\u00e9s<\/strong> dans les prochaines ann\u00e9es. Outre la promenade ouverte au public, qui doit voir le jour en 2030 au plus tard, des parcours p\u00e9dagogiques et des \u00e9v\u00e9nements visant \u00e0 faire d\u00e9couvrir le monde \u00e9quin vont \u00eatre organis\u00e9s. Des poneys en <a href=\"https:\/\/actu.fr\/ile-de-france\/montreuil_93048\/insolite-seine-saint-denis-des-boucs-et-des-vaches-pour-tondre-un-parc-a-montreuil_41115350.html\" rel=\"nofollow noopener\" target=\"_blank\">\u00e9cop\u00e2turage<\/a> seront pr\u00e9sents de mani\u00e8re permanente sur place.<\/p>\n<p class=\" wall-content\">Si l\u2019activit\u00e9 hippique reste le pilier de ce site qui accueille le plus grand nombre de courses hippiques au monde, avec des \u00e9v\u00e9nements prestigieux comme le Grand Prix d\u2019Am\u00e9rique, une <strong>offre de loisirs<\/strong> va \u00e9galement se d\u00e9velopper en parall\u00e8le dans les prochaines ann\u00e9es, pr\u00e9voit la SETF\u2009: festivals, \u00e9v\u00e9nements culturels et sportifs, animations\u2026 L\u2019offre devrait se pr\u00e9ciser dans les prochains mois. Mais, d\u00e9j\u00e0 des <a href=\"https:\/\/actu.fr\/ile-de-france\/aubervilliers_93001\/on-sacrifie-la-securite-pour-le-fric-a-l-ombre-du-succes-de-l-escalade-a-paris-des-employes-en-souffrance_62495049.html\" rel=\"nofollow noopener\" target=\"_blank\">activit\u00e9s d\u2019escalade<\/a> sont annonc\u00e9es, avec l\u2019ouverture du \u00ab\u2009plus haut mur d\u2019\u00cele-de-France\u2009\u00bb, en partenariat avec <a href=\"https:\/\/actu.fr\/ile-de-france\/nanterre_92050\/arkose-ouvre-une-nouvelle-salle-d-escalade-a-nanterre-sa-dixieme-en-ile-de-france_60138754.html\" rel=\"nofollow noopener\" target=\"_blank\">Arkose<\/a>. On trouvera \u00e9galement de l\u2019<a href=\"https:\/\/actu.fr\/ile-de-france\/palaiseau_91477\/essonne-ce-cycliste-amateur-est-devenu-champion-de-france-de-e-cycling_60882032.html\" rel=\"nofollow noopener\" target=\"_blank\">e-cycling<\/a>, ainsi qu\u2019une \u00e9cole du v\u00e9lo.<\/p>\n<p class=\" wall-content\">Les visiteurs trouveront aussi sur une place une <strong>offre de restauration<\/strong> durable, qui s\u2019adressera aussi aux parieurs habitu\u00e9s qu\u2019aux familles, professionnels, promeneurs ou sportifs. Sans en d\u00e9voiler plus pour le moment, la SETF promet \u00e9galement l\u2019arriv\u00e9e d\u2019\u00ab\u2009un espace \u00e9v\u00e9nementiel parmi les plus en pointe et les plus originaux de Paris et de sa r\u00e9gion, capable d\u2019accueillir jusqu\u2019\u00e0 20\u2009000\u00a0personnes en ext\u00e9rieur\u2009\u00bb.<\/p>\n<p class=\" wall-content\">Dans le cadre de sa nouvelle convention, la SETF s\u2019engage donc \u00e0 r\u00e9nover et diversifier les activit\u00e9s du lieu, avec notamment un <strong>p\u00f4le d\u2019agriculture urbaine<\/strong>, un investissement \u00e9valu\u00e9 \u00e0 plus de 60\u00a0millions d\u2019euros pour des travaux qui commenceront d\u00e8s 2025.<\/p>\n<p>Vid\u00e9os : en ce moment sur ActuUne redevance moins importante qu\u2019esp\u00e9r\u00e9e par la Ville<\/p>\n<p class=\" wall-content\">Propri\u00e9t\u00e9 de la <a href=\"https:\/\/actu.fr\/tag\/mairie-de-paris\" rel=\"nofollow noopener\" target=\"_blank\">Ville de Paris,<\/a> l\u2019hippodrome de Vincennes est occup\u00e9 depuis cinquante ans par la SETF. Le bail est arriv\u00e9 \u00e0 \u00e9ch\u00e9ance fin 2024 et a fait l\u2019objet d\u2019un appel d\u2019offres pour lequel la SETF \u00e9tait le seul candidat recevable. Apr\u00e8s cinq ans de n\u00e9gociations, le projet de ce dernier a \u00e9t\u00e9 retenu pour ses propositions d\u2019ouverture et d\u2019animations du lieu, malgr\u00e9 un niveau de redevance forfaitaire propos\u00e9 plus faible qu\u2019esp\u00e9r\u00e9 par la Ville de Paris, soit <strong>2\u00a0millions d\u2019euros<\/strong> par an au lieu de 5\u00a0millions attendus.<\/p>\n<p class=\" wall-content\">\u00ab\u2009Ce niveau de redevance forfaitaire bas, justifi\u00e9 par le candidat comme \u00e9tant le maximum soutenable pour la fili\u00e8re, est en rupture compl\u00e8te avec le contrat historique et s\u2019\u00e9l\u00e8ve \u00e0 pr\u00e8s de 20\u00a0fois la redevance forfaitaire per\u00e7ue en 2024\u2009\u00bb (101\u2009832\u00a0euros), souligne toutefois la d\u00e9lib\u00e9ration adopt\u00e9e vendredi.<\/p>\n<p class=\" wall-content\"><strong>Avec AFP<\/strong><\/p>\n<p class=\" wall-content\">Suivez toute l\u2019actualit\u00e9 de vos villes et m\u00e9dias favoris en vous inscrivant \u00e0 <a href=\"https:\/\/moncompte.actu.fr\" title=\"D\u00e9couvez Mon Actu\" rel=\"nofollow noopener\" data-trk=\"{&quot;cta&quot;:{&quot;action&quot;:&quot;https:\\\/\\\/moncompte.actu.fr&quot;,&quot;category&quot;:&quot;mon compte&quot;,&quot;from&quot;:&quot;article footer&quot;,&quot;name&quot;:&quot;Mon actu&quot;,&quot;type&quot;:&quot;cta&quot;}}\" target=\"_blank\">Mon Actu<\/a>.<\/p>\n","protected":false},"excerpt":{"rendered":"Par R\u00e9daction Paris Publi\u00e9 le 4 juil. 2025 \u00e0 19h11 Une bonne nouvelle pour les Parisiens et les&hellip;\n","protected":false},"author":2,"featured_media":227084,"comment_status":"","ping_status":"","sticky":false,"template":"","format":"standard","meta":{"footnotes":""},"categories":[1888],"tags":[1111,1928,11,1927,5354,12668,2617,1777,674,1011,27,12,1926,626,1925,25,104],"class_list":{"0":"post-227083","1":"post","2":"type-post","3":"status-publish","4":"format-standard","5":"has-post-thumbnail","7":"category-paris","8":"tag-actu","9":"tag-actu-paris","10":"tag-actualites","11":"tag-actualites-paris","12":"tag-bois-de-vincennes","13":"tag-cheval","14":"tag-conseil-de-paris","15":"tag-eu","16":"tag-europe","17":"tag-fr","18":"tag-france","19":"tag-news","20":"tag-news-paris","21":"tag-paris","22":"tag-paris-news","23":"tag-republique-francaise","24":"tag-societe"},"share_on_mastodon":{"url":"https:\/\/pubeurope.com\/@fr\/114798279038646465","error":""},"_links":{"self":[{"href":"https:\/\/www.europesays.com\/fr\/wp-json\/wp\/v2\/posts\/227083","targetHints":{"allow":["GET"]}}],"collection":[{"href":"https:\/\/www.europesays.com\/fr\/wp-json\/wp\/v2\/posts"}],"about":[{"href":"https:\/\/www.europesays.com\/fr\/wp-json\/wp\/v2\/types\/post"}],"author":[{"embeddable":true,"href":"https:\/\/www.europesays.com\/fr\/wp-json\/wp\/v2\/users\/2"}],"replies":[{"embeddable":true,"href":"https:\/\/www.europesays.com\/fr\/wp-json\/wp\/v2\/comments?post=227083"}],"version-history":[{"count":0,"href":"https:\/\/www.europesays.com\/fr\/wp-json\/wp\/v2\/posts\/227083\/revisions"}],"wp:featuredmedia":[{"embeddable":true,"href":"https:\/\/www.europesays.com\/fr\/wp-json\/wp\/v2\/media\/227084"}],"wp:attachment":[{"href":"https:\/\/www.europesays.com\/fr\/wp-json\/wp\/v2\/media?parent=227083"}],"wp:term":[{"taxonomy":"category","embeddable":true,"href":"https:\/\/www.europesays.com\/fr\/wp-json\/wp\/v2\/categories?post=227083"},{"taxonomy":"post_tag","embeddable":true,"href":"https:\/\/www.europesays.com\/fr\/wp-json\/wp\/v2\/tags?post=227083"}],"curies":[{"name":"wp","href":"https:\/\/api.w.org\/{rel}","templated":true}]}}