{"id":227095,"date":"2025-07-05T02:36:10","date_gmt":"2025-07-05T02:36:10","guid":{"rendered":"https:\/\/www.europesays.com\/fr\/227095\/"},"modified":"2025-07-05T02:36:10","modified_gmt":"2025-07-05T02:36:10","slug":"jour-de-fete-nationale-trump-promulgue-sa-grande-et-belle-loi-budgetaire","status":"publish","type":"post","link":"https:\/\/www.europesays.com\/fr\/227095\/","title":{"rendered":"Jour de f\u00eate nationale, Trump promulgue sa \u00ab\u00a0grande et belle loi\u00a0\u00bb budg\u00e9taire"},"content":{"rendered":"<p><a href=\"https:\/\/www.20minutes.fr\/dossier\/donald_trump\" target=\"_blank\" class=\"color-ultramarine c-link\" rel=\"noopener\">Donald Trump<\/a> a promulgu\u00e9 vendredi une loi budg\u00e9taire colossale, lors d\u2019une c\u00e9r\u00e9monie tr\u00e8s orchestr\u00e9e \u00e0 la Maison-Blanche \u00e0 l\u2019occasion de la f\u00eate nationale. Le pr\u00e9sident am\u00e9ricain a saisi cette vitrine patriotique pour signer ce qu\u2019il appelle sa \u00ab\u00a0grande et belle loi\u00a0\u00bb et vanter une s\u00e9rie de victoires politiques qu\u2019il qualifie d\u2019historiques.<\/p>\n<p>\u00ab\u00a0Nous entrons dans l\u2019\u00e2ge d\u2019or de l\u2019Am\u00e9rique\u00a0\u00bb, a lanc\u00e9 le pr\u00e9sident devant ses soutiens <a href=\"https:\/\/www.20minutes.fr\/monde\/republicains\/\" target=\"_blank\" class=\"color-ultramarine c-link\" rel=\"noopener\">r\u00e9publicains<\/a>, visiblement galvanis\u00e9. Apr\u00e8s des semaines de tractations, le texte a \u00e9t\u00e9 adopt\u00e9 in extremis au <a href=\"https:\/\/www.20minutes.fr\/dossier\/congres\" target=\"_blank\" class=\"color-ultramarine c-link\" rel=\"noopener\">Congr\u00e8s<\/a>, la Chambre ayant vot\u00e9 jeudi soir par 218 voix contre 214. Ce feu vert l\u00e9gislatif, obtenu \u00e0 la veille du 249e anniversaire de l\u2019ind\u00e9pendance am\u00e9ricaine, est pr\u00e9sent\u00e9 par <a href=\"https:\/\/www.20minutes.fr\/monde\/etats-unis\/4161857-20250704-etats-unis-donald-trump-obtient-feu-vert-congres-grande-reforme-budgetaire\" target=\"_blank\" class=\"color-ultramarine c-link\" rel=\"noopener\">Donald Trump comme \u00ab\u00a0la plus grande victoire\u00a0\u00bb<\/a> de son mandat.<\/p>\n<p>Une mise en sc\u00e8ne militaire pour une loi de rupture<\/p>\n<p>La c\u00e9r\u00e9monie s\u2019est accompagn\u00e9e d\u2019un d\u00e9fil\u00e9 a\u00e9rien spectaculaire\u00a0: deux B-2, les avions qui ont bombard\u00e9 les installations nucl\u00e9aires iraniennes le 22\u00a0juin, ont survol\u00e9 la <a href=\"https:\/\/www.20minutes.fr\/dossier\/maison_blanche\" target=\"_blank\" class=\"color-ultramarine c-link\" rel=\"noopener\">Maison-Blanche<\/a>, escort\u00e9s de chasseurs F-35. Plusieurs pilotes ayant particip\u00e9 \u00e0 cette op\u00e9ration \u00e9taient pr\u00e9sents, soulignant le lien assum\u00e9 entre d\u00e9monstration de force et affirmation politique.<\/p>\n<\/p>\n<p>Donald Trump en a profit\u00e9 pour rappeler ses succ\u00e8s r\u00e9cents\u00a0: un cessez-le-feu entre l\u2019<a href=\"https:\/\/www.20minutes.fr\/monde\/iran\/\" target=\"_blank\" class=\"color-ultramarine c-link\" rel=\"noopener\">Iran<\/a> et <a href=\"https:\/\/www.20minutes.fr\/monde\/israel\/\" target=\"_blank\" class=\"color-ultramarine c-link\" rel=\"noopener\">Isra\u00ebl<\/a>, un nouvel accord sur le financement de l\u2019<a href=\"https:\/\/www.20minutes.fr\/monde\/otan\/\" target=\"_blank\" class=\"color-ultramarine c-link\" rel=\"noopener\">Otan<\/a>, et une d\u00e9cision de la <a href=\"https:\/\/www.20minutes.fr\/monde\/cour_supreme\/\" target=\"_blank\" class=\"color-ultramarine c-link\" rel=\"noopener\">Cour supr\u00eame<\/a> consolidant le pouvoir ex\u00e9cutif. Autant de signaux d\u2019une pr\u00e9sidence qui se veut \u00e0 la fois conqu\u00e9rante \u00e0 l\u2019international et r\u00e9solument autoritaire en interne.<\/p>\n<p>Cadeaux fiscaux, coupes sociales et strat\u00e9gie \u00e9lectorale<\/p>\n<p>Le budget ent\u00e9rine plusieurs promesses de campagne\u00a0: augmentation des d\u00e9penses militaires, financement d\u2019une vaste op\u00e9ration d\u2019expulsions de migrants, et prolongation de cr\u00e9dits d\u2019imp\u00f4ts pour un total de 4.500\u00a0milliards de dollars. Mais pour en compenser le co\u00fbt, la loi r\u00e9duit s\u00e9v\u00e8rement les aides sociales.<\/p>\n<p>Par exemple, le Medicaid, le programme de sant\u00e9 pour les plus modestes, subira les plus importantes coupes depuis sa cr\u00e9ation dans les ann\u00e9es\u00a01960. Jusqu\u2019\u00e0 17\u00a0millions de personnes pourraient perdre leur couverture m\u00e9dicale. Kevin Hassett, conseiller \u00e9conomique du pr\u00e9sident, a d\u00e9fendu la mesure sur Fox News. \u00ab\u00a0Cette loi permet de lutter contre le gaspillage, la fraude et les abus. Et elle prot\u00e8ge les zones rurales\u00a0\u00bb, a-t-il martel\u00e9.<\/p>\n<p>L\u2019opposition pr\u00e9pare la riposte pour\u00a02026<\/p>\n<p>Les d\u00e9mocrates d\u00e9noncent une redistribution de la richesse vers les plus fortun\u00e9s et misent sur les r\u00e9percussions sociales de la loi pour reconqu\u00e9rir la Chambre des repr\u00e9sentants lors des \u00e9lections de mi-mandat. Ils comptent faire de cette r\u00e9forme un symbole d\u2019injustice \u00e9conomique.<\/p>\n<p><a href=\"https:\/\/www.20minutes.fr\/dossier\/donald_trump\" target=\"_blank\" class=\"c-link c-btn c-btn--primary\" rel=\"noopener\">Nos articles sur Donald Trump<\/a><\/p>\n<p>Mais en ce 4\u00a0juillet, c\u2019est bien Donald Trump qui a impos\u00e9 son r\u00e9cit\u00a0: celui d\u2019un pr\u00e9sident en contr\u00f4le, d\u00e9cid\u00e9 \u00e0 remodeler l\u2019Am\u00e9rique \u00e0 son image, \u00e0 coups de lois muscl\u00e9es, de survols militaires et de slogans victorieux.<\/p>\n","protected":false},"excerpt":{"rendered":"Donald Trump a promulgu\u00e9 vendredi une loi budg\u00e9taire colossale, lors d\u2019une c\u00e9r\u00e9monie tr\u00e8s orchestr\u00e9e \u00e0 la Maison-Blanche \u00e0&hellip;\n","protected":false},"author":2,"featured_media":227096,"comment_status":"","ping_status":"","sticky":false,"template":"","format":"standard","meta":{"footnotes":""},"categories":[1589],"tags":[47,11,1003,10514,75,73,1866,420,78,74,12,1864,1865,1863,308],"class_list":{"0":"post-227095","1":"post","2":"type-post","3":"status-publish","4":"format-standard","5":"has-post-thumbnail","7":"category-etats-unis","8":"tag-actualite","9":"tag-actualites","10":"tag-budget","11":"tag-congres-des-etats-unis","12":"tag-donald-trump","13":"tag-etats-unis","14":"tag-etats-unis-damerique","15":"tag-loi","16":"tag-maison-blanche","17":"tag-monde","18":"tag-news","19":"tag-united-states","20":"tag-united-states-of-america","21":"tag-us","22":"tag-usa"},"share_on_mastodon":{"url":"https:\/\/pubeurope.com\/@fr\/114798302633008419","error":""},"_links":{"self":[{"href":"https:\/\/www.europesays.com\/fr\/wp-json\/wp\/v2\/posts\/227095","targetHints":{"allow":["GET"]}}],"collection":[{"href":"https:\/\/www.europesays.com\/fr\/wp-json\/wp\/v2\/posts"}],"about":[{"href":"https:\/\/www.europesays.com\/fr\/wp-json\/wp\/v2\/types\/post"}],"author":[{"embeddable":true,"href":"https:\/\/www.europesays.com\/fr\/wp-json\/wp\/v2\/users\/2"}],"replies":[{"embeddable":true,"href":"https:\/\/www.europesays.com\/fr\/wp-json\/wp\/v2\/comments?post=227095"}],"version-history":[{"count":0,"href":"https:\/\/www.europesays.com\/fr\/wp-json\/wp\/v2\/posts\/227095\/revisions"}],"wp:featuredmedia":[{"embeddable":true,"href":"https:\/\/www.europesays.com\/fr\/wp-json\/wp\/v2\/media\/227096"}],"wp:attachment":[{"href":"https:\/\/www.europesays.com\/fr\/wp-json\/wp\/v2\/media?parent=227095"}],"wp:term":[{"taxonomy":"category","embeddable":true,"href":"https:\/\/www.europesays.com\/fr\/wp-json\/wp\/v2\/categories?post=227095"},{"taxonomy":"post_tag","embeddable":true,"href":"https:\/\/www.europesays.com\/fr\/wp-json\/wp\/v2\/tags?post=227095"}],"curies":[{"name":"wp","href":"https:\/\/api.w.org\/{rel}","templated":true}]}}