{"id":227099,"date":"2025-07-05T02:38:10","date_gmt":"2025-07-05T02:38:10","guid":{"rendered":"https:\/\/www.europesays.com\/fr\/227099\/"},"modified":"2025-07-05T02:38:10","modified_gmt":"2025-07-05T02:38:10","slug":"allemagne-le-journal-nationaliste-compact-gagne-son-combat-pour-la-liberte-de-la-presse","status":"publish","type":"post","link":"https:\/\/www.europesays.com\/fr\/227099\/","title":{"rendered":"Allemagne : le journal nationaliste Compact gagne son combat pour la libert\u00e9 de la presse"},"content":{"rendered":"<p><strong>La jus\u00adtice alle\u00admande a annul\u00e9 l\u2019interdiction du mag\u00ada\u00adzine Com\u00adpact, une d\u00e9ci\u00adsion reten\u00adtis\u00adsante pour la lib\u00adert\u00e9 d\u2019expression. Retour sur une affaire qui a sec\u00adou\u00e9 le paysage m\u00e9di\u00ada\u00adtique et poli\u00adtique ger\u00admanique, r\u00e9v\u00e9lant les ten\u00adsions entre pou\u00advoir et voix dissidentes.<\/strong><\/p>\n<p>Interdiction invalid\u00e9e<\/p>\n<p>Le 24 juin 2025, la Cour admin\u00adis\u00adtra\u00adtive f\u00e9d\u00e9rale de Leipzig a invalid\u00e9 <a href=\"https:\/\/www.ojim.fr\/liberte-de-la-presse-la-revue-compact-interdite-en-allemagne\/\" target=\"_blank\" rel=\"noopener nofollow\">l\u2019interdiction du mag\u00ada\u00adzine Com\u00adpact, pronon\u00adc\u00e9e en juil\u00adlet 2024<\/a> par le min\u00adistre de l\u2019Int\u00e9rieur de l\u2019\u00e9poque, la social-d\u00e9moc\u00adrate <a href=\"https:\/\/www.ojim.fr\/allemagne-nancy-faeser-ministre-antifa-1\/\" target=\"_blank\" rel=\"noopener nofollow\">Nan\u00adcy Faeser r\u00e9put\u00e9e proche de l\u2019extr\u00eame gauche rad\u00adi\u00adcale<\/a>. Cette d\u00e9ci\u00adsion, qual\u00adi\u00adfi\u00e9e de \u00ab claque \u00bb par le mag\u00ada\u00adzine sur X, mar\u00adque une vic\u00adtoire sig\u00adni\u00adfica\u00adtive pour la lib\u00adert\u00e9 de la presse en Alle\u00admagne. Accus\u00e9 de propager un dis\u00adcours nation\u00adal\u00adiste et anti-d\u00e9moc\u00adra\u00adtique, Com\u00adpact a su d\u00e9mon\u00adtr\u00ader que ses pub\u00adli\u00adca\u00adtions, bien que par\u00adfois provo\u00adca\u00adtri\u00adces rel\u00ade\u00advaient de la lib\u00adert\u00e9 d\u2019expression pro\u00adt\u00e9g\u00e9e par la Con\u00adsti\u00adtu\u00adtion allemande.<\/p>\n<p>Un m\u00e9dia soutenu par l\u2019AfD<\/p>\n<p>Le tri\u00adbunal a jug\u00e9 que, mal\u00adgr\u00e9 cer\u00adtains con\u00adtenus con\u00adtro\u00adver\u00ads\u00e9s, l\u2019ensemble des pub\u00adli\u00adca\u00adtions ne jus\u00adti\u00adfi\u00adait pas une inter\u00addic\u00adtion totale, soulig\u00adnant que la Loi fon\u00adda\u00admen\u00adtale garan\u00adtit la lib\u00adert\u00e9 d\u2019opinion, m\u00eame pour les voix critiques.<\/p>\n<p>L\u2019interdiction, d\u00e9cid\u00e9e le 16 juil\u00adlet 2024, s\u2019accompagnait de perqui\u00adsi\u00adtions spec\u00adtac\u00adu\u00adlaires dans qua\u00adtre L\u00e4n\u00adder, visant les locaux du mag\u00ada\u00adzine et les domi\u00adciles de ses dirigeants, dont J\u00fcr\u00adgen Els\u00e4ss\u00ader, son fon\u00adda\u00adteur. Les autorit\u00e9s reprochaient \u00e0 Com\u00adpact d\u2019attiser la haine con\u00adtre les migrants et de pro\u00admou\u00advoir des id\u00e9es con\u00adtraires \u00e0 l\u2019ordre d\u00e9mocratique.<\/p>\n<p>D\u00e9rives autoritaires du gouvernement<\/p>\n<p>Cette mesure, raris\u00adsime en Alle\u00admagne, a \u00e9t\u00e9 per\u00e7ue comme une ten\u00adta\u00adtive de musel\u00ader un m\u00e9dia influ\u00adent \u00e0 l\u2019approche d\u2019\u00e9lections r\u00e9gionales o\u00f9 le par\u00adti Alter\u00adna\u00adtive f\u00fcr Deutsch\u00adland (AfD), soutenu par Com\u00adpact, gag\u00adnait du ter\u00adrain. Les saisies, inclu\u00adant argent, v\u00e9hicules et m\u00eame du mat\u00e9riel de bureau, ont ampli\u00adfi\u00e9 les cri\u00adtiques con\u00adtre une d\u00e9rive autori\u00adtaire du gou\u00adverne\u00adment Scholz.<\/p>\n<p>Alice Wei\u00addel, <a href=\"https:\/\/www.ojim.fr\/en-allemagne-aussi-lafd-est-boudee-par-les-medias\/\" target=\"_blank\" rel=\"noopener nofollow\">la patronne de l\u2019AFD, dont le par\u00adti peine tou\u00adjours \u00e0 se faire une place dans les m\u00e9dias<\/a>, a salu\u00e9 la vic\u00adtoire judi\u00adci\u00adaire du jour\u00adnal d\u00e9clarant sur X\u00a0: \u00ab\u00a0La presse que le peu\u00adple con\u00adstru\u00adit pour lui-m\u00eame ne sera jamais r\u00e9duite au silence\u00a0\u00bb.<\/p>\n<p>Compact contre-attaque<\/p>\n<p>Com\u00adpact, fond\u00e9 en 2010, revendique un tirage de 40 000 exem\u00adplaires et une forte pr\u00e9sence en ligne, avec 515 000 abon\u00adn\u00e9s sur sa cha\u00eene YouTube \u00ab Com\u00adpact TV \u00bb. Sa ligne \u00e9di\u00adto\u00adri\u00adale nation\u00adal\u00adiste, cri\u00adtique de l\u2019immigration, de l\u2019Union Europ\u00e9enne et de l\u2019establishment poli\u00adtique, lui a valu une audi\u00adence crois\u00adsane, mais aus\u00adsi une sur\u00adveil\u00adlance accrue. Class\u00e9 en 2021 comme \u00ab extr\u00e9miste \u00bb par le tr\u00e8s sus\u00adcep\u00adti\u00adble Office f\u00e9d\u00e9ral de la pro\u00adtec\u00adtion de la con\u00adsti\u00adtu\u00adtion, le mag\u00ada\u00adzine a\u00a0 su mobilis\u00ader un sou\u00adtien pop\u00adu\u00adlaire. Des man\u00adi\u00adfes\u00adta\u00adtions \u00e0 Berlin et des cam\u00adpagnes sur X, comme #FreeCom\u00adpact, ont d\u00e9non\u00adc\u00e9 une cen\u00adsure politique.<\/p>\n<p>Victoire partielle\u00a0?<\/p>\n<p>Cette vic\u00adtoire judi\u00adci\u00adaire ne met pas fin au d\u00e9bat. Si Com\u00adpact c\u00e9l\u00e8bre un tri\u00adom\u00adphe pour la lib\u00adert\u00e9 d\u2019expression, cer\u00adtains m\u00e9dias, comme l\u2019hebdomadaire de cen\u00adtre gauche Stern his\u00adtorique\u00adment con\u00adnu pour des affaires de fauss\u00ades infor\u00adma\u00adtions, ou la cha\u00eene t\u00e9l\u00e9vis\u00e9e n\u2011tv, d\u00e9plorent un pr\u00e9c\u00e9\u00addent qui pour\u00adrait ren\u00adforcer l\u2019AfD. En ten\u00adtant d\u2019interdire Com\u00adpact, le gou\u00adverne\u00adment a non seule\u00adment \u00e9chou\u00e9, mais a offert au mag\u00ada\u00adzine une vis\u00adi\u00adbil\u00adit\u00e9 accrue alors que le paysage m\u00e9di\u00ada\u00adtique nation\u00adal\u00adiste en Alle\u00admagne demeure assez pau\u00advre avec peu de titres si ce n\u2019est Com\u00adpact comme jour\u00adnal men\u00adsu\u00adel et <a href=\"https:\/\/www.ojim.fr\/junge-freiheit-jeune-liberte-lirresistible-ascension-dun-journal-dissident-dans-la-droite-allemande\/\" target=\"_blank\" rel=\"noopener nofollow\">l\u2019hebdomadaire Junge Frei\u00adheit, jour\u00adnal proche des id\u00e9es de la Nou\u00advelle droite<\/a>.<\/p>\n<p style=\"text-align: right;\"><strong>Saman\u00adtha\u00a0Luce<\/strong><\/p>\n","protected":false},"excerpt":{"rendered":"La jus\u00adtice alle\u00admande a annul\u00e9 l\u2019interdiction du mag\u00ada\u00adzine Com\u00adpact, une d\u00e9ci\u00adsion reten\u00adtis\u00adsante pour la lib\u00adert\u00e9 d\u2019expression. Retour sur&hellip;\n","protected":false},"author":2,"featured_media":227100,"comment_status":"","ping_status":"","sticky":false,"template":"","format":"standard","meta":{"footnotes":""},"categories":[1587],"tags":[11,672,1804,1805,1803,1777,674,1801,36540,12,1802],"class_list":{"0":"post-227099","1":"post","2":"type-post","3":"status-publish","4":"format-standard","5":"has-post-thumbnail","7":"category-allemagne","8":"tag-actualites","9":"tag-allemagne","10":"tag-bundesrepublik-deutschland","11":"tag-de","12":"tag-deutschland","13":"tag-eu","14":"tag-europe","15":"tag-germany","16":"tag-liberte-dexpression-et-liberte-de-la-presse","17":"tag-news","18":"tag-republique-federale-dallemagne"},"share_on_mastodon":{"url":"https:\/\/pubeurope.com\/@fr\/114798310447540179","error":""},"_links":{"self":[{"href":"https:\/\/www.europesays.com\/fr\/wp-json\/wp\/v2\/posts\/227099","targetHints":{"allow":["GET"]}}],"collection":[{"href":"https:\/\/www.europesays.com\/fr\/wp-json\/wp\/v2\/posts"}],"about":[{"href":"https:\/\/www.europesays.com\/fr\/wp-json\/wp\/v2\/types\/post"}],"author":[{"embeddable":true,"href":"https:\/\/www.europesays.com\/fr\/wp-json\/wp\/v2\/users\/2"}],"replies":[{"embeddable":true,"href":"https:\/\/www.europesays.com\/fr\/wp-json\/wp\/v2\/comments?post=227099"}],"version-history":[{"count":0,"href":"https:\/\/www.europesays.com\/fr\/wp-json\/wp\/v2\/posts\/227099\/revisions"}],"wp:featuredmedia":[{"embeddable":true,"href":"https:\/\/www.europesays.com\/fr\/wp-json\/wp\/v2\/media\/227100"}],"wp:attachment":[{"href":"https:\/\/www.europesays.com\/fr\/wp-json\/wp\/v2\/media?parent=227099"}],"wp:term":[{"taxonomy":"category","embeddable":true,"href":"https:\/\/www.europesays.com\/fr\/wp-json\/wp\/v2\/categories?post=227099"},{"taxonomy":"post_tag","embeddable":true,"href":"https:\/\/www.europesays.com\/fr\/wp-json\/wp\/v2\/tags?post=227099"}],"curies":[{"name":"wp","href":"https:\/\/api.w.org\/{rel}","templated":true}]}}