{"id":227103,"date":"2025-07-05T02:40:10","date_gmt":"2025-07-05T02:40:10","guid":{"rendered":"https:\/\/www.europesays.com\/fr\/227103\/"},"modified":"2025-07-05T02:40:10","modified_gmt":"2025-07-05T02:40:10","slug":"lue-regrette-la-menace-chinoise-de-taxer-les-importations-de-cognac-francais-3","status":"publish","type":"post","link":"https:\/\/www.europesays.com\/fr\/227103\/","title":{"rendered":"L&rsquo;UE \u00ab\u00a0regrette\u00a0\u00bb la menace chinoise de taxer les importations de cognac fran\u00e7ais"},"content":{"rendered":"<p class=\"ap-StoryElement ap-StoryElement--mb ap-StoryText\">La Commission europ\u00e9enne va maintenant \u00e9tudier ces mesures et d\u00e9cidera des prochaines \u00e9tapes afin de prot\u00e9ger l&rsquo;industrie europ\u00e9enne et les int\u00e9r\u00eats \u00e9conomiques de l&rsquo;UE, a-t-il encore soulign\u00e9.<\/p>\n<p class=\"ap-StoryElement ap-StoryElement--mb ap-StoryText\">P\u00e9kin a d\u00e9but\u00e9 l&rsquo;an dernier une enqu\u00eate antidumping sur les importations de brandy europ\u00e9en, une riposte \u00e0 la proc\u00e9dure europ\u00e9enne visant les subventions d&rsquo;\u00c9tat chinoises dont b\u00e9n\u00e9ficient les v\u00e9hicules \u00e9lectriques fabriqu\u00e9s en Chine.<\/p>\n<p class=\"ap-StoryElement ap-StoryElement--mb ap-StoryText\">Des restrictions avaient dans la foul\u00e9e \u00e9t\u00e9 impos\u00e9es aux importateurs, tenus de d\u00e9poser une caution aupr\u00e8s des douanes chinoises.<\/p>\n<p class=\"ap-StoryElement ap-StoryElement--mb ap-StoryText\">Ces mesures ont port\u00e9 un coup s\u00e9v\u00e8re \u00e0 l&rsquo;ensemble de la fili\u00e8re cognac fran\u00e7aise, qui affirme perdre 50 millions d&rsquo;euros par mois.<\/p>\n<p class=\"ap-StoryElement ap-StoryElement--mb ap-StoryText\">Apr\u00e8s des mois de n\u00e9gociations, le minist\u00e8re chinois du Commerce a publi\u00e9 vendredi une liste de 34 producteurs de brandys s&rsquo;\u00e9tant accord\u00e9s sur une hausse des prix.<\/p>\n","protected":false},"excerpt":{"rendered":"La Commission europ\u00e9enne va maintenant \u00e9tudier ces mesures et d\u00e9cidera des prochaines \u00e9tapes afin de prot\u00e9ger l&rsquo;industrie europ\u00e9enne&hellip;\n","protected":false},"author":2,"featured_media":2837,"comment_status":"","ping_status":"","sticky":false,"template":"","format":"standard","meta":{"footnotes":""},"categories":[1586],"tags":[11,327,309,2390,215,312,1777,674,1779,1011,27,12,25,1778,364],"class_list":{"0":"post-227103","1":"post","2":"type-post","3":"status-publish","4":"format-standard","5":"has-post-thumbnail","7":"category-europe","8":"tag-actualites","9":"tag-agriculture","10":"tag-chine","11":"tag-comeuro","12":"tag-commerce","13":"tag-diplomatie","14":"tag-eu","15":"tag-europe","16":"tag-european-union","17":"tag-fr","18":"tag-france","19":"tag-news","20":"tag-republique-francaise","21":"tag-ue","22":"tag-union-europeenne"},"share_on_mastodon":{"url":"https:\/\/pubeurope.com\/@fr\/114798318556757585","error":""},"_links":{"self":[{"href":"https:\/\/www.europesays.com\/fr\/wp-json\/wp\/v2\/posts\/227103","targetHints":{"allow":["GET"]}}],"collection":[{"href":"https:\/\/www.europesays.com\/fr\/wp-json\/wp\/v2\/posts"}],"about":[{"href":"https:\/\/www.europesays.com\/fr\/wp-json\/wp\/v2\/types\/post"}],"author":[{"embeddable":true,"href":"https:\/\/www.europesays.com\/fr\/wp-json\/wp\/v2\/users\/2"}],"replies":[{"embeddable":true,"href":"https:\/\/www.europesays.com\/fr\/wp-json\/wp\/v2\/comments?post=227103"}],"version-history":[{"count":0,"href":"https:\/\/www.europesays.com\/fr\/wp-json\/wp\/v2\/posts\/227103\/revisions"}],"wp:featuredmedia":[{"embeddable":true,"href":"https:\/\/www.europesays.com\/fr\/wp-json\/wp\/v2\/media\/2837"}],"wp:attachment":[{"href":"https:\/\/www.europesays.com\/fr\/wp-json\/wp\/v2\/media?parent=227103"}],"wp:term":[{"taxonomy":"category","embeddable":true,"href":"https:\/\/www.europesays.com\/fr\/wp-json\/wp\/v2\/categories?post=227103"},{"taxonomy":"post_tag","embeddable":true,"href":"https:\/\/www.europesays.com\/fr\/wp-json\/wp\/v2\/tags?post=227103"}],"curies":[{"name":"wp","href":"https:\/\/api.w.org\/{rel}","templated":true}]}}