{"id":227106,"date":"2025-07-05T02:42:17","date_gmt":"2025-07-05T02:42:17","guid":{"rendered":"https:\/\/www.europesays.com\/fr\/227106\/"},"modified":"2025-07-05T02:42:17","modified_gmt":"2025-07-05T02:42:17","slug":"alain-duhamel-revient-sur-ses-soixante-ans-de-carriere","status":"publish","type":"post","link":"https:\/\/www.europesays.com\/fr\/227106\/","title":{"rendered":"Alain Duhamel revient sur ses soixante ans de carri\u00e8re"},"content":{"rendered":"<p><strong>PORTRAIT &#8211;<\/strong> Jeudi, le journaliste politique a pr\u00e9sent\u00e9 sa derni\u00e8re \u00e9mission sur BFM. Une page tourn\u00e9e, l\u2019annonce, \u00e0 85\u00a0ans, d\u2019une nouvelle vie, m\u00eame si la retraite n\u2019est pas vraiment \u00e0 l\u2019ordre du jour pour cet \u00e9ternel passionn\u00e9 de politique.<\/p>\n<p class=\"fig-paragraph\">\u00ab\u00a0Je ferai encore de petites choses, mais c\u2019est un changement de vie. C\u2019\u00e9tait une profession, ce sera un hobby. J\u2019avais un mode de vie extr\u00eamement strict et je vais d\u00e9couvrir la libert\u00e9. Et je serai peut-\u00eatre tr\u00e8s d\u00e9\u00e7u\u2026\u00a0\u00bb\u00a0<a href=\"http:\/\/www.lefigaro.fr\/politique\/derniere-emission-quotidienne-d-alain-duhamel-retour-en-images-sur-six-de-ses-moments-cultes-a-la-television-20250703\" target=\"_blank\" data-fig-type=\"Article\" rel=\"noopener\" data-gtm-custom-categorie=\"navigation\" data-gtm-custom-action=\"crossclick\" data-gtm-custom-label=\"Contextuel\" data-gtm-event=\"customEventSPE\" data-fig-domain=\"LEFIGARO\">Alain Duhamel<\/a>\u00a0marque un silence, avec, au fond des yeux cette lueur mi-inqui\u00e8te mi-interrogative qui est sa signature. Puis, \u00e0 l\u2019issue d\u2019environ une heure d\u2019entretien men\u00e9 d\u2019un ton alerte et pr\u00e9cis, il l\u00e2che cet aveu. Comme une mani\u00e8re d\u2019exprimer son d\u00e9sarroi face \u00e0 une nouvelle page de sa vie. Une forme d\u2019angoisse sourde. \u00ab\u00a0Peut-\u00eatre que,\u00a0<a href=\"http:\/\/tvmag.lefigaro.fr\/programme-tv\/actu-tele\/bon-vent-benjamin-duhamel-rend-hommage-a-son-oncle-alain-duhamel-pour-sa-derniere-sur-bfmtv-20250703\" target=\"_blank\" data-fig-type=\"Article\" rel=\"noopener\" data-gtm-custom-categorie=\"navigation\" data-gtm-custom-action=\"crossclick\" data-gtm-custom-label=\"Contextuel\" data-gtm-event=\"customEventSPE\" data-fig-domain=\"TVMAG\">comme beaucoup de gens qui ont beaucoup travaill\u00e9<\/a> \u00a0et qui ont r\u00e9ussi certaines choses, \u00e7a va me faire mourir. Il y a beaucoup de gens \u00e0 qui c\u2019est arriv\u00e9\u2026\u00a0\u00bb<\/p>\n<p class=\"fig-paragraph\">On sourit, vaguement g\u00ean\u00e9e et tout en empathie. On compatit, avant que l\u2019on n\u2019apprenne que, bien que le d\u00e9part du journaliste politique aux soixante\u00a0ans de carri\u00e8re &#8211; salu\u00e9 par une s\u00e9rie de podcasts sur BFM et un documentaire en pr\u00e9paration &#8211; ait \u00e9t\u00e9 annonc\u00e9 avec tambour\u2026<\/p>\n<p class=\"fig-premium-paywall__infos\">\n        Cet article est r\u00e9serv\u00e9 aux abonn\u00e9s.        Il vous reste 89% \u00e0 d\u00e9couvrir.\n    <\/p>\n<p>                <img  data- alt=\"Le Figaro\" class=\"fig-img--complete fig-img\"\/><\/p>\n<p class=\"fig-premium-paywall__title\">Vous avez envie de lire la suite ?<\/p>\n<p class=\"fig-premium-paywall__subtitle\">D\u00e9bloquez tous les articles imm\u00e9diatement.<\/p>\n<p class=\"fig-premium-paywall__connect\">\n                D\u00e9j\u00e0 abonn\u00e9\u00a0?                <a class=\"fig-premium-paywall__connect-link\" href=\"https:\/\/connect.lefigaro.fr\/login?client=horizon_web&amp;type=main&amp;redirect_uri=https%3A%2F%2Fwww.lefigaro.fr%2Fmedias%2Fje-vais-decouvrir-la-liberte-alain-duhamel-revient-sur-ses-soixante-ans-de-carriere-20250704\" data-js-gtm=\"{&quot;customCategorie&quot;: &quot;conversion&quot;, &quot;customAction&quot;: &quot;before_Landing_Connexion_paywall_auto&quot;, &quot;customLabel&quot;: &quot;bGVmaWdhcm8uZnJfXzFmMDU4YWQ3LTc5NTYtNjBhNC04MDZjLWJmNzEwYWU5ZWRmYl9fQXJ0aWNsZQ==_\u00abJe vais d\u00e9couvrir la libert\u00e9\u00bb\u00a0: Alain Duhamel revient sur ses soixante ans de carri\u00e8re_271&quot;, &quot;customIDSPE&quot;: &quot;bGVmaWdhcm8uZnJfXzFmMDU4YWQ3LTc5NTYtNjBhNC04MDZjLWJmNzEwYWU5ZWRmYl9fQXJ0aWNsZQ==&quot;, &quot;event&quot;: &quot;customEventSPE&quot;}\" target=\"_blank\" rel=\"noopener\"><br \/>\n                    Connectez-vous<br \/>\n                <\/a>\n            <\/p>\n","protected":false},"excerpt":{"rendered":"PORTRAIT &#8211; Jeudi, le journaliste politique a pr\u00e9sent\u00e9 sa derni\u00e8re \u00e9mission sur BFM. Une page tourn\u00e9e, l\u2019annonce, \u00e0&hellip;\n","protected":false},"author":2,"featured_media":227107,"comment_status":"","ping_status":"","sticky":false,"template":"","format":"standard","meta":{"footnotes":""},"categories":[2],"tags":[11,36542,10831,1073,1011,27,12,25],"class_list":{"0":"post-227106","1":"post","2":"type-post","3":"status-publish","4":"format-standard","5":"has-post-thumbnail","7":"category-actualites","8":"tag-actualites","9":"tag-alain-duhamel","10":"tag-bfmtv","11":"tag-emmanuel-macron","12":"tag-fr","13":"tag-france","14":"tag-news","15":"tag-republique-francaise"},"share_on_mastodon":{"url":"https:\/\/pubeurope.com\/@fr\/114798326161919627","error":""},"_links":{"self":[{"href":"https:\/\/www.europesays.com\/fr\/wp-json\/wp\/v2\/posts\/227106","targetHints":{"allow":["GET"]}}],"collection":[{"href":"https:\/\/www.europesays.com\/fr\/wp-json\/wp\/v2\/posts"}],"about":[{"href":"https:\/\/www.europesays.com\/fr\/wp-json\/wp\/v2\/types\/post"}],"author":[{"embeddable":true,"href":"https:\/\/www.europesays.com\/fr\/wp-json\/wp\/v2\/users\/2"}],"replies":[{"embeddable":true,"href":"https:\/\/www.europesays.com\/fr\/wp-json\/wp\/v2\/comments?post=227106"}],"version-history":[{"count":0,"href":"https:\/\/www.europesays.com\/fr\/wp-json\/wp\/v2\/posts\/227106\/revisions"}],"wp:featuredmedia":[{"embeddable":true,"href":"https:\/\/www.europesays.com\/fr\/wp-json\/wp\/v2\/media\/227107"}],"wp:attachment":[{"href":"https:\/\/www.europesays.com\/fr\/wp-json\/wp\/v2\/media?parent=227106"}],"wp:term":[{"taxonomy":"category","embeddable":true,"href":"https:\/\/www.europesays.com\/fr\/wp-json\/wp\/v2\/categories?post=227106"},{"taxonomy":"post_tag","embeddable":true,"href":"https:\/\/www.europesays.com\/fr\/wp-json\/wp\/v2\/tags?post=227106"}],"curies":[{"name":"wp","href":"https:\/\/api.w.org\/{rel}","templated":true}]}}