{"id":227110,"date":"2025-07-05T02:46:11","date_gmt":"2025-07-05T02:46:11","guid":{"rendered":"https:\/\/www.europesays.com\/fr\/227110\/"},"modified":"2025-07-05T02:46:11","modified_gmt":"2025-07-05T02:46:11","slug":"lequipe-de-france-souffre-mais-sen-sort-face-au-pays-de-galles","status":"publish","type":"post","link":"https:\/\/www.europesays.com\/fr\/227110\/","title":{"rendered":"l\u2019\u00e9quipe de France souffre mais s\u2019en sort face au pays de Galles"},"content":{"rendered":"<p>Malmen\u00e9s pendant plus d\u2019une mi-temps, les Bleuets sont parvenus \u00e0 battre le pays de Galles (35-21) ce vendredi \u00e0 Rovigo (Italie).<\/p>\n<p class=\"fig-paragraph\">Et de deux pour l\u2019<a href=\"https:\/\/www.lefigaro.fr\/sports\/rugby\/en-direct-france-pays-de-galles-u20-suivez-le-deuxieme-match-de-coupe-du-monde-de-rugby-des-bleuets-20250704\" data-fig-type=\"Live\" data-gtm-custom-categorie=\"navigation\" data-gtm-custom-action=\"crossclick\" data-gtm-custom-label=\"Contextuel\" data-gtm-event=\"customEventSPE\" data-fig-domain=\"LEFIGARO\" rel=\"nofollow noopener\" target=\"_blank\">\u00e9quipe de France des moins de 20 ans<\/a>. Mais que ce fut dur&#8230; Forts de leur large succ\u00e8s la semaine pass\u00e9e face \u00e0 l\u2019Espagne (49-11), les Bleuets \u2013 champions du monde \u00e0 trois reprises en 2018, 2019 et 2023 \u2013 ont difficilement battu le pays de Galles (35-21) ce vendredi en Italie. Des Gallois que les tricolores avaient martyris\u00e9s en f\u00e9vrier dernier lors du Tournoi des six nations (63-19).<\/p>\n<p class=\"fig-paragraph\">Tout avait si bien commenc\u00e9. Sur un magnifique mouvement des trois-quarts, l\u2019arri\u00e8re de l\u2019UBB Echegaray, l\u2019ailier de Bayonne L\u00e9v\u00eaque, le centre de Vannes Taccola, et l\u2019autre bayonnais, Baptiste Tilloles, ont plant\u00e9 la premi\u00e8re banderille de la rencontre gr\u00e2ce \u00e0 ce dernier. 7-0 d\u00e8s la 3e minute, la machine \u00e9tait lanc\u00e9e. Avant de s\u2019enrayer consid\u00e9rablement. Maladroits, les tricolores rendent imm\u00e9diatement le ballon au joueur du Poireau. En force, le pilier droit Scott en profite pour remettre les siens \u00e0 \u00e9galit\u00e9 (9e, 7-7).<\/p>\n<p>                                    <a class=\"fig-a11y-skip a11y-hidden\" href=\"#fig-a11y-skip-main-inarticle\"><br \/>\n        Passer la publicit\u00e9<br \/>\n    <\/a><\/p>\n<p class=\"fig-paragraph\">Presque cinq minutes plus tard, c\u2019\u00e9tait au tour des arri\u00e8res gallois d\u2019enflammer la pelouse de Rovigo. L\u2019arri\u00e8re Woods s\u2019est jou\u00e9 de la d\u00e9fense apathique des Fran\u00e7ais en tapant par-dessus et en adressant une passe d\u00e9cisive \u00e0 son co\u00e9quipier et ailier Bowen (15e, 7-14). Pleins de bonnes volont\u00e9s, les joueurs du s\u00e9lectionneur C\u00e9dric Laborde ont voulu jouer tous les ballons mais se sont expos\u00e9s. Sanction imm\u00e9diate avec le troisi\u00e8me essai de ce diable de Woods sur un bon coup de pied de recentrage de son ailier Evans (18e, 7-21).<\/p>\n<p>En-avant sur en-avant<\/p>\n<p class=\"fig-paragraph\">Sonn\u00e9s, les tricolores ont cherch\u00e9 \u00e0 r\u00e9agir. Les mauvais choix, eux, ont continu\u00e9 \u00e0 s\u2019encha\u00eener. Les maladresses, aussi. Un carton jaune pour le centre de Vannes Taccola a m\u00eame \u00e9t\u00e9 accord\u00e9 (20e). Une touche a \u00e9t\u00e9 perdue. Deux m\u00eal\u00e9es ont \u00e9t\u00e9 sanctionn\u00e9es d\u2019un bras cass\u00e9. La b\u00e9r\u00e9zina&#8230;En face, une \u00e9quipe galloise comp\u00e9titive, propre, clinique. Rien \u00e0 voir donc avec celle qui s\u2019\u00e9tait d\u00e9plac\u00e9e en France en f\u00e9vrier dernier et qui avait encaiss\u00e9 63 grains&#8230;<\/p>\n<p class=\"fig-paragraph\">Pour illustrer au mieux la f\u00e9brilit\u00e9 guettant les Fran\u00e7ais, prenez le coup d\u2019envoi de la seconde p\u00e9riode. Le ballon ne fait pas 10 m\u00e8tres. M\u00eal\u00e9e au centre du terrain pour le pays de Galles. Un temps de jeu plus tard, bis repetita et nouvel en-avant. Tout a ensuite chang\u00e9. C\u00e9dric Laborde a proc\u00e9d\u00e9 \u00e0 plusieurs remplacements et a pu s\u2019appuyer sur un banc XXL. Le pilier du Racing 92 Njocke a aplati le deuxi\u00e8me essai des siens (53e). Quatre minutes plus tard, la m\u00eal\u00e9e tricolore performe et Daunivucu, sur un magnifique exploit individuel, a remis les siens \u00e0 \u00e9galit\u00e9. Bissu, troisi\u00e8me-ligne puissant de l\u2019UBB, a lui aussi scell\u00e9 le sort du match (35-21).<\/p>\n<p class=\"fig-paragraph\">Plus pr\u00e9cis, les Fran\u00e7ais ont retrouv\u00e9 de l\u2019\u00e9nergie et sont m\u00eame pass\u00e9s devant sur un essai de Mousques (63e) apr\u00e8s un jeu au pied par-dessus de Daroque. Le point noir de la journ\u00e9e reste la blessure du troisi\u00e8me-ligne de Bayonne Noa Traversier apr\u00e8s un tr\u00e8s vilain d\u00e9blayage. Les Bleuets devront sans doute composer sans lui pour le dernier match des phases de poules le mercredi 9 juillet prochain.<\/p>\n","protected":false},"excerpt":{"rendered":"Malmen\u00e9s pendant plus d\u2019une mi-temps, les Bleuets sont parvenus \u00e0 battre le pays de Galles (35-21) ce vendredi&hellip;\n","protected":false},"author":2,"featured_media":227111,"comment_status":"","ping_status":"","sticky":false,"template":"","format":"standard","meta":{"footnotes":""},"categories":[1416],"tags":[1011,27,479,1468,60,513],"class_list":{"0":"post-227110","1":"post","2":"type-post","3":"status-publish","4":"format-standard","5":"has-post-thumbnail","7":"category-rugby","8":"tag-fr","9":"tag-france","10":"tag-rugby","11":"tag-rugby-football","12":"tag-sports","13":"tag-xv-de-france"},"share_on_mastodon":{"url":"https:\/\/pubeurope.com\/@fr\/114798342052731235","error":""},"_links":{"self":[{"href":"https:\/\/www.europesays.com\/fr\/wp-json\/wp\/v2\/posts\/227110","targetHints":{"allow":["GET"]}}],"collection":[{"href":"https:\/\/www.europesays.com\/fr\/wp-json\/wp\/v2\/posts"}],"about":[{"href":"https:\/\/www.europesays.com\/fr\/wp-json\/wp\/v2\/types\/post"}],"author":[{"embeddable":true,"href":"https:\/\/www.europesays.com\/fr\/wp-json\/wp\/v2\/users\/2"}],"replies":[{"embeddable":true,"href":"https:\/\/www.europesays.com\/fr\/wp-json\/wp\/v2\/comments?post=227110"}],"version-history":[{"count":0,"href":"https:\/\/www.europesays.com\/fr\/wp-json\/wp\/v2\/posts\/227110\/revisions"}],"wp:featuredmedia":[{"embeddable":true,"href":"https:\/\/www.europesays.com\/fr\/wp-json\/wp\/v2\/media\/227111"}],"wp:attachment":[{"href":"https:\/\/www.europesays.com\/fr\/wp-json\/wp\/v2\/media?parent=227110"}],"wp:term":[{"taxonomy":"category","embeddable":true,"href":"https:\/\/www.europesays.com\/fr\/wp-json\/wp\/v2\/categories?post=227110"},{"taxonomy":"post_tag","embeddable":true,"href":"https:\/\/www.europesays.com\/fr\/wp-json\/wp\/v2\/tags?post=227110"}],"curies":[{"name":"wp","href":"https:\/\/api.w.org\/{rel}","templated":true}]}}