{"id":227114,"date":"2025-07-05T02:49:21","date_gmt":"2025-07-05T02:49:21","guid":{"rendered":"https:\/\/www.europesays.com\/fr\/227114\/"},"modified":"2025-07-05T02:49:21","modified_gmt":"2025-07-05T02:49:21","slug":"on-est-des-anes-martin-est-genial","status":"publish","type":"post","link":"https:\/\/www.europesays.com\/fr\/227114\/","title":{"rendered":"On est des \u00e2nes, Martin est g\u00e9nial !"},"content":{"rendered":"<p>Ce n&rsquo;est pas la premi\u00e8re fois que les m\u00e9dias se font rouler dans la farine, ils ont suivi comme un seul homme une com certes aiguis\u00e9e comme une \u00e9p\u00e9e de torero de Valera, le manager de Martin, <strong>mais avec jamais aucune nouvelle info.<\/strong> Valera qui a annonc\u00e9, en plein direct du GP d&rsquo;Assen, au micro de MotoGP TV que son pilote est libre comme l&rsquo;air et tagada-tsoin-tsoin l&rsquo;orchestre a suivi sans une seule fausse note ! J&rsquo;adore Martin, comme pilote, j&rsquo;avoue que voir fonctionner aussi bien une ficelle aussi grosse me le rend encore plus sympathique. Alors on analyse ? Il n&rsquo;aura \u00e9chapp\u00e9 \u00e0 personne qu&rsquo;aujourd&rsquo;hui, la politique et les grosses affaires financi\u00e8res marchent \u00e0 coups de com. Plus c&rsquo;est \u00e9norme et plus \u00e7a marche! R\u00e9flexion z\u00e9ro. J&rsquo;ai lu ici et l\u00e0 que l&rsquo;on se demande pourquoi Valera a sorti son \u00ab <strong>info sans infos<\/strong> \u00bb c&rsquo;est simple les mecs la r\u00e9ponse est sous vos doigts. Vous en remplissez vos \u00e9ditos ! Idem pour la sortie \u00e0 Barcelone, la posture est sympa, cette image tient lieu d&rsquo;info, plus un commentaire en quelques mots du pilote ! Deux en italien \u00ab Jamais peur \u00bb, le reste en anglais, \u00ab de retour \u00e0 moto apr\u00e8s trois mois \u00bb&#8230; On fait parler de soi, et surtout plus fort que les autres. Et \u00e7a ne vous rappelle rien \u00e7a ? Aprilia peut juste r\u00e9torquer que pour eux rien ne change, ils sont \u00e9videmment inaudibles. Valera et Martin ont clairement gagn\u00e9 la bataille de la com. Re-s\u00e9ance d&rsquo;auto-communication avec cette sortie \u00e0 Barcelone, pas de chrono publi\u00e9, pas d&rsquo;infos, juste un message en forme de d\u00e9fi, \u00e7a aussi c&rsquo;est assez bien jou\u00e9, on s&rsquo;adresse aux tifosi et aficionados, pas aux journalistes ! Mais au passage les journalistes marchent comme un seul homme ! Donc, on le sait depuis un gros paquet de temps, pas de retour au Sachsenring mais peut-\u00eatre \u00e0 Brno et ce sous contr\u00f4le m\u00e9dical. Le contrat avec Aprilia est respect\u00e9 au poil pr\u00e8s, Jorge veut en sortir fin 2025 mais pendant la saison, s&rsquo;il en est capable physiquement, il va rouler&#8230; Il a aussi assist\u00e9 comme vedette aux journ\u00e9es Aprilia officielles, au milieu des tifosi, toujours tr\u00e8s fort ! Mais on revient sur le fond de notre m\u00e9tier, qui ne consiste pas \u00e0 publier des messages persos, dans ces deux cas quoi de neuf ? <strong>Nada !<\/strong><\/p>\n","protected":false},"excerpt":{"rendered":"Ce n&rsquo;est pas la premi\u00e8re fois que les m\u00e9dias se font rouler dans la farine, ils ont suivi&hellip;\n","protected":false},"author":2,"featured_media":227115,"comment_status":"","ping_status":"","sticky":false,"template":"","format":"standard","meta":{"footnotes":""},"categories":[1413],"tags":[17,5828,4791,1011,27,1466,1457,1456,1458,8133,60,24302],"class_list":{"0":"post-227114","1":"post","2":"type-post","3":"status-publish","4":"format-standard","5":"has-post-thumbnail","7":"category-moto","8":"tag-17","9":"tag-aprilia","10":"tag-barcelone","11":"tag-fr","12":"tag-france","13":"tag-jorge-martin","14":"tag-moto","15":"tag-motocycle","16":"tag-motogp","17":"tag-retour","18":"tag-sports","19":"tag-valera"},"share_on_mastodon":{"url":"https:\/\/pubeurope.com\/@fr\/114798353708296452","error":""},"_links":{"self":[{"href":"https:\/\/www.europesays.com\/fr\/wp-json\/wp\/v2\/posts\/227114","targetHints":{"allow":["GET"]}}],"collection":[{"href":"https:\/\/www.europesays.com\/fr\/wp-json\/wp\/v2\/posts"}],"about":[{"href":"https:\/\/www.europesays.com\/fr\/wp-json\/wp\/v2\/types\/post"}],"author":[{"embeddable":true,"href":"https:\/\/www.europesays.com\/fr\/wp-json\/wp\/v2\/users\/2"}],"replies":[{"embeddable":true,"href":"https:\/\/www.europesays.com\/fr\/wp-json\/wp\/v2\/comments?post=227114"}],"version-history":[{"count":0,"href":"https:\/\/www.europesays.com\/fr\/wp-json\/wp\/v2\/posts\/227114\/revisions"}],"wp:featuredmedia":[{"embeddable":true,"href":"https:\/\/www.europesays.com\/fr\/wp-json\/wp\/v2\/media\/227115"}],"wp:attachment":[{"href":"https:\/\/www.europesays.com\/fr\/wp-json\/wp\/v2\/media?parent=227114"}],"wp:term":[{"taxonomy":"category","embeddable":true,"href":"https:\/\/www.europesays.com\/fr\/wp-json\/wp\/v2\/categories?post=227114"},{"taxonomy":"post_tag","embeddable":true,"href":"https:\/\/www.europesays.com\/fr\/wp-json\/wp\/v2\/tags?post=227114"}],"curies":[{"name":"wp","href":"https:\/\/api.w.org\/{rel}","templated":true}]}}