{"id":227122,"date":"2025-07-05T02:53:09","date_gmt":"2025-07-05T02:53:09","guid":{"rendered":"https:\/\/www.europesays.com\/fr\/227122\/"},"modified":"2025-07-05T02:53:09","modified_gmt":"2025-07-05T02:53:09","slug":"gims-reglement-de-comptes-inattendu-avec-pascal-praud","status":"publish","type":"post","link":"https:\/\/www.europesays.com\/fr\/227122\/","title":{"rendered":"Gims : r\u00e8glement de comptes inattendu avec Pascal Praud"},"content":{"rendered":"<p>      R\u00e9sum\u00e9<\/p>\n<p>Gims d\u00e9voile un nouveau single dark et provocateur avec une allusion surprenante \u00e0 Pascal Praud, m\u00ealant musique, politique et controverse m\u00e9diatique.<\/p>\n<p>        Sommaire<\/p>\n<p>V\u00e9ritable faiseur de tubes, Gims a visiblement d\u00e9cid\u00e9 de ne plus s&rsquo;arr\u00eater. Apr\u00e8s les sorties de \u00ab\u00a0Ninao\u00a0\u00bb, \u00ab\u00a0Appelle ta copine\u00a0\u00bb ou encore \u00ab\u00a0Ciel\u00a0\u00bb, le c\u00e9l\u00e8bre chanteur d\u00e9voile \u00ab\u00a0Contact\u00a0\u00bb, un nouveau single au clip visuellement travaill\u00e9. <\/p>\n<p>Au menu \u00e9galement : paroles \u00e0 la fois crues et myst\u00e9rieuses, o\u00f9 l&rsquo;ancien leader de la Sexion d\u2019Assaut s\u2019y d\u00e9voile plus dark que jamais. Mais c\u2019est surtout une phrase qui fait \u00e9cho en dehors des baffles\u202f: une mention inattendue de <strong>Pascal Praud<\/strong>. D\u00e9cryptage.<\/p>\n<p>Un tacle inattendu <\/p>\n<p>Dans la chanson, celui qui fait partie des artistes qui vendent le plus de disques en France scande les paroles suivantes : <br \/>\u00ab\u00a0Dans l\u2019domaine, j\u2019suis pass\u00e9 pro\u00a0\u00bb<br \/>\u00ab\u00a0La faucheuse qui passe la porte\u00a0\u00bb<br \/>\u00ab\u00a0J\u2019sais toujours pas ce qu\u2019elle prend\u00a0\u00bb <br \/>\u00ab\u00a0Mais j\u2019crois qu\u2019elle cautionne Pascal Praud\u202f\u00a0\u00bb<\/p>\n<p>On comprend que Gims pose un parall\u00e8le gla\u00e7ant entre la mort (ou \u201cla faucheuse\u201d) et la figure m\u00e9diatique de Pascal Praud, sans vraiment expliciter le propos. Une simple \u00e9vocation, qui, dans le paysage m\u00e9diatique actuel, prend des allures de fl\u00e8che voil\u00e9e.<\/p>\n<p>Gims provoque : entre image et provocation<\/p>\n<p>Ce n\u2019est pas la premi\u00e8re fois que Gims use de r\u00e9f\u00e9rences publiques pour instiller du relief \u00e0 ses textes. Dans Contact, chaque phrase cis\u00e8le un hommage \u2013 ou une pique \u2013 \u00e0 l\u2019environnement social et politique. <\/p>\n<p>Mais nommer Pascal Praud, r\u00e9put\u00e9 pour ses positions tranch\u00e9es \u00e0 la t\u00e9l\u00e9vision, c\u2019est injecter un trait politique et m\u00e9diatique dans un morceau au ton instinctif et violent. R\u00e9sultat : un souffle de controverse, cach\u00e9 dans le flow.<\/p>\n<p>\u00c0 60 ans, <a href=\"https:\/\/www.public.fr\/bertrand-chameroy-atomise-pascal-praud-ce-sketch-ose-en-direct-dans-c-a-vous\" target=\"_blank\" rel=\"noopener\">Pascal Praud est aujourd&rsquo;hui l&rsquo;un des journalistes les plus controvers\u00e9s<\/a>, r\u00e9put\u00e9 pour ses sorties  chocs et ses prises de position assum\u00e9es sur la cha\u00eene CNews. Figure m\u00e9diatique populaire, il est un ancien journaliste sportif reconverti en \u00e9ditorialiste et animateur d\u2019\u00e9missions de d\u00e9bats, souvent marqu\u00e9s \u00e0 droite de l\u2019\u00e9chiquier politique.<\/p>\n<p>Son ton direct, son go\u00fbt pour la provocation et sa mani\u00e8re d\u2019aborder les sujets de soci\u00e9t\u00e9 divisent l\u2019opinion publique. Pour ses partisans, il incarne une parole libre et assum\u00e9e dans un paysage audiovisuel jug\u00e9 trop consensuel.<\/p>\n<p>Pour ses d\u00e9tracteurs, il alimente les pol\u00e9miques, flirte avec les limites du discours m\u00e9diatique et contribue \u00e0 une certaine radicalisation des d\u00e9bats. Cette dualit\u00e9 a fait de lui une personnalit\u00e9 omnipr\u00e9sente, mais clivante, qui ne laisse personne indiff\u00e9rent.<\/p>\n<p>      Mentionn\u00e9s dans cet article<\/p>\n<p>\u00c0 lire aussi<\/p>\n","protected":false},"excerpt":{"rendered":"R\u00e9sum\u00e9 Gims d\u00e9voile un nouveau single dark et provocateur avec une allusion surprenante \u00e0 Pascal Praud, m\u00ealant musique,&hellip;\n","protected":false},"author":2,"featured_media":227123,"comment_status":"","ping_status":"","sticky":false,"template":"","format":"standard","meta":{"footnotes":""},"categories":[1359],"tags":[1695,58,59,1011,27,16676,10160,973],"class_list":{"0":"post-227122","1":"post","2":"type-post","3":"status-publish","4":"format-standard","5":"has-post-thumbnail","7":"category-people","8":"tag-chanson","9":"tag-divertissement","10":"tag-entertainment","11":"tag-fr","12":"tag-france","13":"tag-maitre-gims","14":"tag-pascal-praud","15":"tag-people"},"share_on_mastodon":{"url":"https:\/\/pubeurope.com\/@fr\/114798369504930834","error":""},"_links":{"self":[{"href":"https:\/\/www.europesays.com\/fr\/wp-json\/wp\/v2\/posts\/227122","targetHints":{"allow":["GET"]}}],"collection":[{"href":"https:\/\/www.europesays.com\/fr\/wp-json\/wp\/v2\/posts"}],"about":[{"href":"https:\/\/www.europesays.com\/fr\/wp-json\/wp\/v2\/types\/post"}],"author":[{"embeddable":true,"href":"https:\/\/www.europesays.com\/fr\/wp-json\/wp\/v2\/users\/2"}],"replies":[{"embeddable":true,"href":"https:\/\/www.europesays.com\/fr\/wp-json\/wp\/v2\/comments?post=227122"}],"version-history":[{"count":0,"href":"https:\/\/www.europesays.com\/fr\/wp-json\/wp\/v2\/posts\/227122\/revisions"}],"wp:featuredmedia":[{"embeddable":true,"href":"https:\/\/www.europesays.com\/fr\/wp-json\/wp\/v2\/media\/227123"}],"wp:attachment":[{"href":"https:\/\/www.europesays.com\/fr\/wp-json\/wp\/v2\/media?parent=227122"}],"wp:term":[{"taxonomy":"category","embeddable":true,"href":"https:\/\/www.europesays.com\/fr\/wp-json\/wp\/v2\/categories?post=227122"},{"taxonomy":"post_tag","embeddable":true,"href":"https:\/\/www.europesays.com\/fr\/wp-json\/wp\/v2\/tags?post=227122"}],"curies":[{"name":"wp","href":"https:\/\/api.w.org\/{rel}","templated":true}]}}