{"id":227128,"date":"2025-07-05T02:56:22","date_gmt":"2025-07-05T02:56:22","guid":{"rendered":"https:\/\/www.europesays.com\/fr\/227128\/"},"modified":"2025-07-05T02:56:22","modified_gmt":"2025-07-05T02:56:22","slug":"exclu-coulisses-role-de-julia-vignali-affaire-conclue-se-renouvelle-voici-les-nouveautes-qui-vous-attendent-dans-la-prochaine-saison","status":"publish","type":"post","link":"https:\/\/www.europesays.com\/fr\/227128\/","title":{"rendered":"Exclu. Coulisses, r\u00f4le de Julia Vignali&#8230; Affaire Conclue se renouvelle, voici les nouveaut\u00e9s qui vous attendent dans la prochaine saison"},"content":{"rendered":"<p>Jeudi 3 juillet, l&rsquo;\u00e9quipe d&rsquo;Affaire Conclue s&rsquo;est rendue dans les locaux de T\u00e9l\u00e9-Loisirs pour une rencontre avec nos lecteurs. \u00c0 cette occasion, les producteurs de l&rsquo;\u00e9mission de France 2 nous ont r\u00e9v\u00e9l\u00e9 les changements \u00e0 venir pour la prochaine saison. <\/p>\n<p>Le succ\u00e8s d&rsquo;Affaire Conclue est toujours au rendez-vous apr\u00e8s huit saisons sur France 2. La preuve en est, de nombreux lecteurs se sont rendus dans les locaux de T\u00e9l\u00e9-Loisirs pour rencontrer les vedettes de l&rsquo;\u00e9mission, jeudi 3 juillet. Apr\u00e8s avoir pu profiter d&rsquo;une expertise des commissaires-priseurs Marie Renoir, <a href=\"https:\/\/www.programme-tv.net\/biographie\/466642-hessel-harold\/\" data-link-people=\"b12f24db-4cfd-4733-8844-0881375c901a\" target=\"_blank\" rel=\"noopener\">Harold Hessel<\/a> et Enora Alix sur leurs objets, ils ont assist\u00e9 \u00e0 une conf\u00e9rence en pr\u00e9sence des acheteurs, des producteurs et de Julia Vignali. \u00c0 l&rsquo;occasion de cette rencontre, les nouveaut\u00e9s exploit\u00e9es sur la prochaine saison ont \u00e9t\u00e9 r\u00e9v\u00e9l\u00e9es. Voici ce qu&rsquo;il faut retenir.<\/p>\n<p>Affaire Conclue : \u00ab\u00a0Pour la prochaine saison, on essaye encore de faire \u00e9voluer le programme\u00a0\u00bb<\/p>\n<p>Pour la <a href=\"https:\/\/www.programme-tv.net\/news\/tv\/380929-ca-y-est-on-attaque-caroline-margeridon-annonce-la-reprise-des-tournages-de-la-prochaine-saison-d-affaire-conclue\/\" data-api-deeplink=\"teleloisirs:\/\/news\/380929\" target=\"_blank\" rel=\"noopener\">9e \u00e9dition d&rsquo;Affaire Conclue, d\u00e9j\u00e0 dans les tuyaux<\/a>, les producteurs Catherine Montel et Martin Petre, en poste depuis un an et demi, veulent miser sur les coulisses pour offrir une version \u00e9largie de l&rsquo;\u00e9mission aux t\u00e9l\u00e9spectateurs.\u00a0\u00bbPour la prochaine saison, on essaye encore de faire \u00e9voluer le programme. <b>On aura des surprises.<\/b> Comme on a commenc\u00e9 \u00e0 le faire en saison 8, on verra beaucoup plus les coulisses. L\u2019id\u00e9e c\u2019est vraiment de montrer que le plateau de l\u2019\u00e9mission comprend <a href=\"https:\/\/www.programme-tv.net\/news\/tv\/349540-heureux-quand-on-trouve-un-acheteur-l-expert-harold-hessel-evoque-les-objets-qui-ne-se-vendent-plus-du-tout-dans-affaire-conclue\/\" data-api-deeplink=\"teleloisirs:\/\/news\/349540\" target=\"_blank\" rel=\"noopener\">la salle des ventes<\/a>, la salle d\u2019expertise mais aussi tous les espaces annexes, les coulisses, les couloirs, toutes les \u00e9quipes. On aura des nouveaut\u00e9s au niveau de la construction des \u00e9missions, on va faire des s\u00e9quences d\u2019accueil un peu diff\u00e9rentes. <b>Julia va plus venir dans la salle d\u2019attente<\/b>\u00ab\u00a0, liste Catherine Montel, qui travaillait auparavant dans La vie des objets. Son bin\u00f4me Martin Petre ajoute : \u00ab\u00a0On veut vraiment renforcer la complicit\u00e9 qu\u2019on a avec les t\u00e9l\u00e9spectateurs qui sont aussi nos vendeurs. Ce sont eux qui font l\u2019\u00e9mission donc on veut leur montrer comment \u00e7a se passe, ce qu\u2019ils pourraient vivre s\u2019ils viennent sur le plateau.<\/p>\n<p>                        Nouveaut\u00e9s d&rsquo;Affaire Conclue 2025 : les commissaires-priseurs seront mis en avant !<\/p>\n<p>Pour conclure, la productrice pr\u00e9cise : \u00ab\u00a0On a envie que les \u00e9missions, m\u00eame si elles ont une structure commune tr\u00e8s forte, elles soient toujours un peu diff\u00e9rentes. On va avoir des commissaires-priseurs qui viennent un peu coacher les vendeurs juste avant qu\u2019ils rentrent en salle des ventes. On va davantage<a href=\"https:\/\/www.programme-tv.net\/news\/tv\/356672-enora-alix-devoile-comment-elle-expertise-les-objets-dans-affaire-conclue-on-ne-travaille-pas-en-amont\/\" data-api-deeplink=\"teleloisirs:\/\/news\/356672\" target=\"_blank\" rel=\"noopener\"> les montrer en train de travailler<\/a> dans leur quotidien et<b> Julia va venir les voir dans leur espace<\/b>. L\u2019id\u00e9e c\u2019est vraiment qu\u2019il n\u2019y ait plus de fronti\u00e8res sur ce grand plateau\u00a0\u00bb.<\/p>\n","protected":false},"excerpt":{"rendered":"Jeudi 3 juillet, l&rsquo;\u00e9quipe d&rsquo;Affaire Conclue s&rsquo;est rendue dans les locaux de T\u00e9l\u00e9-Loisirs pour une rencontre avec nos&hellip;\n","protected":false},"author":2,"featured_media":227129,"comment_status":"","ping_status":"","sticky":false,"template":"","format":"standard","meta":{"footnotes":""},"categories":[1356],"tags":[9885,244,58,59,1011,27,594,2173,27579,252,9886,1364],"class_list":{"0":"post-227128","1":"post","2":"type-post","3":"status-publish","4":"format-standard","5":"has-post-thumbnail","7":"category-television","8":"tag-affaire-conclue","9":"tag-commentaire","10":"tag-divertissement","11":"tag-entertainment","12":"tag-fr","13":"tag-france","14":"tag-france-2","15":"tag-interview","16":"tag-julia-vignali","17":"tag-television","18":"tag-tout-le-monde-a-quelque-chose-u00e0-vendre","19":"tag-tv"},"share_on_mastodon":{"url":"https:\/\/pubeurope.com\/@fr\/114798381237008827","error":""},"_links":{"self":[{"href":"https:\/\/www.europesays.com\/fr\/wp-json\/wp\/v2\/posts\/227128","targetHints":{"allow":["GET"]}}],"collection":[{"href":"https:\/\/www.europesays.com\/fr\/wp-json\/wp\/v2\/posts"}],"about":[{"href":"https:\/\/www.europesays.com\/fr\/wp-json\/wp\/v2\/types\/post"}],"author":[{"embeddable":true,"href":"https:\/\/www.europesays.com\/fr\/wp-json\/wp\/v2\/users\/2"}],"replies":[{"embeddable":true,"href":"https:\/\/www.europesays.com\/fr\/wp-json\/wp\/v2\/comments?post=227128"}],"version-history":[{"count":0,"href":"https:\/\/www.europesays.com\/fr\/wp-json\/wp\/v2\/posts\/227128\/revisions"}],"wp:featuredmedia":[{"embeddable":true,"href":"https:\/\/www.europesays.com\/fr\/wp-json\/wp\/v2\/media\/227129"}],"wp:attachment":[{"href":"https:\/\/www.europesays.com\/fr\/wp-json\/wp\/v2\/media?parent=227128"}],"wp:term":[{"taxonomy":"category","embeddable":true,"href":"https:\/\/www.europesays.com\/fr\/wp-json\/wp\/v2\/categories?post=227128"},{"taxonomy":"post_tag","embeddable":true,"href":"https:\/\/www.europesays.com\/fr\/wp-json\/wp\/v2\/tags?post=227128"}],"curies":[{"name":"wp","href":"https:\/\/api.w.org\/{rel}","templated":true}]}}