{"id":227132,"date":"2025-07-05T02:58:11","date_gmt":"2025-07-05T02:58:11","guid":{"rendered":"https:\/\/www.europesays.com\/fr\/227132\/"},"modified":"2025-07-05T02:58:11","modified_gmt":"2025-07-05T02:58:11","slug":"plus-intime-que-les-critiques-classiques-letterboxd-egerie-dune-nouvelle-cinephilie-liberation","status":"publish","type":"post","link":"https:\/\/www.europesays.com\/fr\/227132\/","title":{"rendered":"\u00abPlus intime que les critiques classiques\u00bb, \u00abLetterboxd\u00bb, \u00e9g\u00e9rie d\u2019une nouvelle cin\u00e9philie \u2013 Lib\u00e9ration"},"content":{"rendered":"<p class=\"sc-ksZaOG ehjQrN text-element\">Alors qu\u2019on discute cin\u00e9, notamment de ce qu\u2019il a pens\u00e9 du dernier film qu\u2019il a vu \u2013 <a href=\"https:\/\/www.liberation.fr\/culture\/cinema\/julie-en-12-chapitres-vague-a-lamour-20211013_LYGC4CBSA5G3JP6MSK5TQPC54I\/\" target=\"_blank\" rel=\"noreferrer nofollow noopener\" title=\"https:\/\/www.liberation.fr\/culture\/cinema\/julie-en-12-chapitres-vague-a-lamour-20211013_LYGC4CBSA5G3JP6MSK5TQPC54I\/\">Julie (en 12 chapitres)<\/a> de Joachim Trier \u2013, Stanislas interrompt notre entretien et soupire : \u00abMerde, je sais plus si j\u2019ai fait la critique de celui-l\u00e0 sur Letterboxd\u2026 Ah je suis en retard !\u00bb Stanislas a 17 ans et, depuis deux ans, plusieurs fois par semaine, il alimente son compte Letterboxd \u00abcomme un journal de bord\u00bb. \u00abC\u2019est presque une manie de collectionneur : je collectionne les films comme je pourrais collectionner les pierres.\u00bb<\/p>\n<p class=\"sc-ksZaOG ehjQrN text-element\">Pour ceux qui n\u2019auraient pas suivi, Letterboxd est le r\u00e9seau social des (jeunes) cin\u00e9philes. La plateforme, cr\u00e9\u00e9e en 2011 par Matthew Buchanan et Karl von Randow, puis acquise en 2023 par Tiny, une soci\u00e9t\u00e9 de holding canadienne, permet de partager en ligne son go\u00fbt du cin\u00e9ma. Elle est aujourd\u2019hui g\u00e9r\u00e9e par une petite \u00e9quipe bas\u00e9e \u00e0 Auckland, en Nouvelle-Z\u00e9lande. Les utilisateurs y r\u00e9pertorient les films qu\u2019ils ont vus, les \u00e9valuent d\u2019une \u00e0 cinq \u00e9toiles et peuvent r\u00e9diger un commentaire d\u2019une longueur totalement libre. La version gratuite permet (avec pubs) de faire la critique d\u2019un nombre illimit\u00e9 de films et d\u2019acc\u00e9der ou de constituer des \u00ablistes\u00bb, \u00e0 l\u2019intitul\u00e9<\/p>\n","protected":false},"excerpt":{"rendered":"Alors qu\u2019on discute cin\u00e9, notamment de ce qu\u2019il a pens\u00e9 du dernier film qu\u2019il a vu \u2013 Julie&hellip;\n","protected":false},"author":2,"featured_media":227133,"comment_status":"","ping_status":"","sticky":false,"template":"","format":"standard","meta":{"footnotes":""},"categories":[1354],"tags":[58,59,1346,1011,27,1360,938],"class_list":{"0":"post-227132","1":"post","2":"type-post","3":"status-publish","4":"format-standard","5":"has-post-thumbnail","7":"category-films","8":"tag-divertissement","9":"tag-entertainment","10":"tag-films","11":"tag-fr","12":"tag-france","13":"tag-movies","14":"tag-reseaux-sociaux"},"share_on_mastodon":{"url":"https:\/\/pubeurope.com\/@fr\/114798389045667519","error":""},"_links":{"self":[{"href":"https:\/\/www.europesays.com\/fr\/wp-json\/wp\/v2\/posts\/227132","targetHints":{"allow":["GET"]}}],"collection":[{"href":"https:\/\/www.europesays.com\/fr\/wp-json\/wp\/v2\/posts"}],"about":[{"href":"https:\/\/www.europesays.com\/fr\/wp-json\/wp\/v2\/types\/post"}],"author":[{"embeddable":true,"href":"https:\/\/www.europesays.com\/fr\/wp-json\/wp\/v2\/users\/2"}],"replies":[{"embeddable":true,"href":"https:\/\/www.europesays.com\/fr\/wp-json\/wp\/v2\/comments?post=227132"}],"version-history":[{"count":0,"href":"https:\/\/www.europesays.com\/fr\/wp-json\/wp\/v2\/posts\/227132\/revisions"}],"wp:featuredmedia":[{"embeddable":true,"href":"https:\/\/www.europesays.com\/fr\/wp-json\/wp\/v2\/media\/227133"}],"wp:attachment":[{"href":"https:\/\/www.europesays.com\/fr\/wp-json\/wp\/v2\/media?parent=227132"}],"wp:term":[{"taxonomy":"category","embeddable":true,"href":"https:\/\/www.europesays.com\/fr\/wp-json\/wp\/v2\/categories?post=227132"},{"taxonomy":"post_tag","embeddable":true,"href":"https:\/\/www.europesays.com\/fr\/wp-json\/wp\/v2\/tags?post=227132"}],"curies":[{"name":"wp","href":"https:\/\/api.w.org\/{rel}","templated":true}]}}