{"id":227138,"date":"2025-07-05T03:02:16","date_gmt":"2025-07-05T03:02:16","guid":{"rendered":"https:\/\/www.europesays.com\/fr\/227138\/"},"modified":"2025-07-05T03:02:16","modified_gmt":"2025-07-05T03:02:16","slug":"41-chaines-deviennent-accessibles-gratuitement","status":"publish","type":"post","link":"https:\/\/www.europesays.com\/fr\/227138\/","title":{"rendered":"41 cha\u00eenes deviennent accessibles gratuitement"},"content":{"rendered":"<p><strong>Vous avez Orange TV ? Alors, vous allez bient\u00f4t avoir acc\u00e8s \u00e0 cinq bouquets internationaux (lusophone, espagnol, italien, anglais et allemand) gratuitement et sans rien faire dans le cadre d&rsquo;une offre promotionnelle. Au total, ces bouquets comprennent 41 cha\u00eenes, qui vont passer en clair pour les abonn\u00e9s Orange.\u00a0<\/strong><\/p>\n<p><img fetchpriority=\"high\" decoding=\"async\" class=\"size-full wp-image-2585401\" src=\"data:image\/svg+xml,%3Csvg%20xmlns=\" http:=\"\" alt=\"Orange\" width=\"1200\" height=\"750\" data-lazy- data-lazy- data-lazy-src=\"https:\/\/www.europesays.com\/fr\/wp-content\/uploads\/2025\/07\/Orange.jpg\"\/> Cr\u00e9dit : 123RF<\/p>\n<p>Les abonn\u00e9s Orange qui ont acc\u00e8s \u00e0 la plateforme Orange TV vont obtenir l&rsquo;acc\u00e8s \u00e0 <strong>41 cha\u00eenes gratuitement<\/strong> pendant une p\u00e9riode limit\u00e9e cet \u00e9t\u00e9. Du 17 au 23 juillet, cinq bouquets internationaux sont mis \u00e0 disposition des clients \u00e9ligibles. Ces derniers n&rsquo;ont aucune manipulation \u00e0 r\u00e9aliser pour en b\u00e9n\u00e9ficier, les cha\u00eenes passent automatiquement en clair sur leur canal habituel.<\/p>\n<p>Si vous parlez portugais, espagnol, italien, anglais ou allemand ou que vous souhaitez vous plongez dans ces cultures, vous aurez de quoi faire. Comme d&rsquo;habitude, l&rsquo;op\u00e9rateur esp\u00e8re profiter de cet acc\u00e8s gratuit pour faire conna\u00eetre ses bouquets TV et engranger des abonnements payants apr\u00e8s la fin de la promotion. Le prix des bouquets internationaux varie entre 5 et 10 euros par mois selon la langue choisie.<\/p>\n<p>Orange rend 41 cha\u00eenes internationales gratuites pendant quelques jours<\/p>\n<p>Voici les bouquets rendus disponibles, ainsi que quelques exemples de cha\u00eenes comprises dans l&rsquo;offre :<\/p>\n<p>\u2022\u00a0\u00a0\u00a0\u00a0<strong>Lusophone\u00a0<\/strong>: 8 chaines sont disponibles dont <strong>TVI International<\/strong>\u00a0sur le canal 447,\u00a0<strong>SIC Noticias<\/strong>\u00a0(448) et\u00a0<strong>TV Record<\/strong>\u00a0(450)<br \/>\u2022\u00a0\u00a0\u00a0 <strong>Espagnol\u00a0<\/strong>: 9 chaines sont disponibles dont <strong>Antena 3<\/strong>\u00a0sur le canal 434,\u00a0<strong>Star TVE<\/strong>\u00a0(435) et\u00a0<strong>Real Madrid TV<\/strong>\u00a0(442)<br \/>\u2022\u00a0\u00a0\u00a0 <strong>Italien\u00a0<\/strong>: 7 chaines sont disponibles dont <strong>Rai 1<\/strong>\u00a0sur le canal 460,\u00a0<strong>Rai 2<\/strong>\u00a0(461) et<strong>\u00a0MediaSet Italia<\/strong>\u00a0(466)<br \/>\u2022\u00a0\u00a0\u00a0 <strong>Anglophone\u00a0<\/strong>: 4 chaines sont disponibles dont <strong>TCM Cin\u00e9ma<\/strong> sur le canal 413, <strong>Travel Channel<\/strong>\u00a0(414) et\u00a0<strong>Boomerang\u00a0<\/strong>(416)<br \/>\u2022\u00a0\u00a0\u00a0 <strong>Allemand\u00a0<\/strong>: 13 chaines sont disponibles dont <strong>RTL TELEVISION<\/strong>\u00a0sur le canal 419,\u00a0<strong>RTL NITRO<\/strong>\u00a0(420) et\u00a0<strong>Das Erste<\/strong>\u00a0(421)<\/p>\n<p>\u00c0 partir de la m\u00eame date, le 17 juillet, <a href=\"https:\/\/www.phonandroid.com\/bouygues-telecom-offre-10-chaines-tv-a-ses-abonnes-bbox-pour-les-vacances-dete.html\" rel=\"nofollow noopener\" target=\"_blank\">Bouygues Telecom d\u00e9bloque de son c\u00f4t\u00e9 10 cha\u00eenes TV jeunesse<\/a> \u00e0 destination des enfants de 3 \u00e0 12 ans. Les plus jeunes pourront ainsi profiter de leurs vacances d&rsquo;\u00e9t\u00e9 pour visionner Canal J, Boomerang, Nickelodeon, Dreamworks et d&rsquo;autres. Cet acc\u00e8s gratuit dure quant \u00e0 lui un mois, ne s&rsquo;arr\u00eatant qu&rsquo;au 18 ao\u00fbt. Toutes ces cha\u00eenes font partie d&rsquo;un bouquet Jeunesse commercialis\u00e9 par le FAI, vendu 9,99 euros par mois, ou 4,99 en p\u00e9riode promotionnelle.<\/p>\n","protected":false},"excerpt":{"rendered":"Vous avez Orange TV ? Alors, vous allez bient\u00f4t avoir acc\u00e8s \u00e0 cinq bouquets internationaux (lusophone, espagnol, italien,&hellip;\n","protected":false},"author":2,"featured_media":227139,"comment_status":"","ping_status":"","sticky":false,"template":"","format":"standard","meta":{"footnotes":""},"categories":[7],"tags":[1011,27,43,40,41,39,42,44],"class_list":{"0":"post-227138","1":"post","2":"type-post","3":"status-publish","4":"format-standard","5":"has-post-thumbnail","7":"category-sciences-et-technologies","8":"tag-fr","9":"tag-france","10":"tag-science","11":"tag-science-and-technology","12":"tag-sciences","13":"tag-sciences-et-technologies","14":"tag-technologies","15":"tag-technology"},"share_on_mastodon":{"url":"https:\/\/pubeurope.com\/@fr\/114798404925113549","error":""},"_links":{"self":[{"href":"https:\/\/www.europesays.com\/fr\/wp-json\/wp\/v2\/posts\/227138","targetHints":{"allow":["GET"]}}],"collection":[{"href":"https:\/\/www.europesays.com\/fr\/wp-json\/wp\/v2\/posts"}],"about":[{"href":"https:\/\/www.europesays.com\/fr\/wp-json\/wp\/v2\/types\/post"}],"author":[{"embeddable":true,"href":"https:\/\/www.europesays.com\/fr\/wp-json\/wp\/v2\/users\/2"}],"replies":[{"embeddable":true,"href":"https:\/\/www.europesays.com\/fr\/wp-json\/wp\/v2\/comments?post=227138"}],"version-history":[{"count":0,"href":"https:\/\/www.europesays.com\/fr\/wp-json\/wp\/v2\/posts\/227138\/revisions"}],"wp:featuredmedia":[{"embeddable":true,"href":"https:\/\/www.europesays.com\/fr\/wp-json\/wp\/v2\/media\/227139"}],"wp:attachment":[{"href":"https:\/\/www.europesays.com\/fr\/wp-json\/wp\/v2\/media?parent=227138"}],"wp:term":[{"taxonomy":"category","embeddable":true,"href":"https:\/\/www.europesays.com\/fr\/wp-json\/wp\/v2\/categories?post=227138"},{"taxonomy":"post_tag","embeddable":true,"href":"https:\/\/www.europesays.com\/fr\/wp-json\/wp\/v2\/tags?post=227138"}],"curies":[{"name":"wp","href":"https:\/\/api.w.org\/{rel}","templated":true}]}}