{"id":227164,"date":"2025-07-05T03:18:27","date_gmt":"2025-07-05T03:18:27","guid":{"rendered":"https:\/\/www.europesays.com\/fr\/227164\/"},"modified":"2025-07-05T03:18:27","modified_gmt":"2025-07-05T03:18:27","slug":"grenoble-le-14-juillet-celebre-a-la-villeneuve","status":"publish","type":"post","link":"https:\/\/www.europesays.com\/fr\/227164\/","title":{"rendered":"Grenoble. Le 14-Juillet c\u00e9l\u00e9br\u00e9 \u00e0 la Villeneuve"},"content":{"rendered":"<p>Cette ann\u00e9e encore, Grenoble organise ses festivit\u00e9s de la f\u00eate nationale \u00e0 la Villeneuve, dans le parc Jean-Verlhac. Le rendez-vous est donn\u00e9 \u00e0 partir de 17 heures pour le d\u00e9but des animations\u00a0: stand de maquillage avec Palace paillettes, ateliers cr\u00e9atifs explosion de couleurs et feu d\u2019artifice en papier d\u00e9coup\u00e9 avec Juliette Baras, atelier d\u2019initiation \u00e0 l\u2019aquarelle avec Karine Corbier, mur d\u2019escalade avec Profession sport 38. Jusqu\u2019\u00e0 20\u00a0h\u00a030, une sc\u00e8ne locale sera install\u00e9e en collaboration avec Retour de sc\u00e8ne, avec au programme Balla Bangoura (afro mandingue) et Desertstreet (blues du d\u00e9sert). Un verre r\u00e9publicain sera servi entre 18 heures et 20\u00a0h\u00a030.\u00a0\u00c0 partir de 21 heures, un bal sera anim\u00e9 par l\u2019orchestre Clin d\u2019\u0153il avant le feu d\u2019artifice tir\u00e9 vers 23\u00a0h\u00a030.<\/p>\n<p>Toute la soir\u00e9e, le Secours populaire tiendra une buvette et l\u2019offre de restauration sera assur\u00e9e par les associations Villeneuve All Concept, S\u00e9n\u00e9galais de l\u2019Is\u00e8re, VDJ, La bande \u00e0 Mamou ainsi que le centre ados Les Arlequins. Trois food-trucks seront aussi pr\u00e9sents.<\/p>\n<p>Le matin, un d\u00e9fil\u00e9 des troupes aura lieu depuis la place de l\u2019\u00c9toile, en passant par la rue Lesdigui\u00e8res puis la place de Verdun.<\/p>\n","protected":false},"excerpt":{"rendered":"Cette ann\u00e9e encore, Grenoble organise ses festivit\u00e9s de la f\u00eate nationale \u00e0 la Villeneuve, dans le parc Jean-Verlhac.&hellip;\n","protected":false},"author":2,"featured_media":227165,"comment_status":"","ping_status":"","sticky":false,"template":"","format":"standard","meta":{"footnotes":""},"categories":[9566],"tags":[1111,11,2430,1687,112,1777,674,3326,1011,27,2731,2732,12,25],"class_list":{"0":"post-227164","1":"post","2":"type-post","3":"status-publish","4":"format-standard","5":"has-post-thumbnail","7":"category-grenoble","8":"tag-actu","9":"tag-actualites","10":"tag-auvergne-rhone-alpes","11":"tag-culture-loisirs","12":"tag-edition-grenoble-agglomeration","13":"tag-eu","14":"tag-europe","15":"tag-fete-locale","16":"tag-fr","17":"tag-france","18":"tag-grenoble","19":"tag-grenoble-bassin","20":"tag-news","21":"tag-republique-francaise"},"share_on_mastodon":{"url":"https:\/\/pubeurope.com\/@fr\/114798467721591540","error":""},"_links":{"self":[{"href":"https:\/\/www.europesays.com\/fr\/wp-json\/wp\/v2\/posts\/227164","targetHints":{"allow":["GET"]}}],"collection":[{"href":"https:\/\/www.europesays.com\/fr\/wp-json\/wp\/v2\/posts"}],"about":[{"href":"https:\/\/www.europesays.com\/fr\/wp-json\/wp\/v2\/types\/post"}],"author":[{"embeddable":true,"href":"https:\/\/www.europesays.com\/fr\/wp-json\/wp\/v2\/users\/2"}],"replies":[{"embeddable":true,"href":"https:\/\/www.europesays.com\/fr\/wp-json\/wp\/v2\/comments?post=227164"}],"version-history":[{"count":0,"href":"https:\/\/www.europesays.com\/fr\/wp-json\/wp\/v2\/posts\/227164\/revisions"}],"wp:featuredmedia":[{"embeddable":true,"href":"https:\/\/www.europesays.com\/fr\/wp-json\/wp\/v2\/media\/227165"}],"wp:attachment":[{"href":"https:\/\/www.europesays.com\/fr\/wp-json\/wp\/v2\/media?parent=227164"}],"wp:term":[{"taxonomy":"category","embeddable":true,"href":"https:\/\/www.europesays.com\/fr\/wp-json\/wp\/v2\/categories?post=227164"},{"taxonomy":"post_tag","embeddable":true,"href":"https:\/\/www.europesays.com\/fr\/wp-json\/wp\/v2\/tags?post=227164"}],"curies":[{"name":"wp","href":"https:\/\/api.w.org\/{rel}","templated":true}]}}