{"id":227172,"date":"2025-07-05T03:22:11","date_gmt":"2025-07-05T03:22:11","guid":{"rendered":"https:\/\/www.europesays.com\/fr\/227172\/"},"modified":"2025-07-05T03:22:11","modified_gmt":"2025-07-05T03:22:11","slug":"schiltigheim-vous-habitez-le-quartier-de-lextreme-ouest-lasso-schilick-phare-ouest-recherche-des-archives","status":"publish","type":"post","link":"https:\/\/www.europesays.com\/fr\/227172\/","title":{"rendered":"Schiltigheim. Vous habitez le quartier de l&rsquo;extr\u00eame ouest ? L&rsquo;asso Schilick Phare Ouest recherche des archives"},"content":{"rendered":"<p>C\u2019est l\u2019heure de vider les placards et d\u2019\u00e9cumer les albums de famille\u00a0: l\u2019association <a href=\"https:\/\/www.dna.fr\/societe\/2022\/11\/19\/des-citoyens-dessinent-a-la-craie-des-passages-pietons\" target=\"_blank\" rel=\"noopener\">Schilick Phare Ouest<\/a> , rassemblant des habitants de l\u2019extr\u00eame ouest de Schiltigheim (au-del\u00e0 de la passerelle de la route de Hausbergen), souhaite \u00ab\u00a0retracer l\u2019histoire de la construction du quartier\u00a0\u00bb.<\/p>\n<p>Ce contenu est bloqu\u00e9 car vous n&rsquo;avez pas accept\u00e9 les cookies et autres traceurs.<\/p>\n<p>En cliquant sur \u00ab J\u2019accepte \u00bb, les cookies et autres traceurs seront d\u00e9pos\u00e9s et vous pourrez visualiser les contenus  (<a href=\"\" class=\"consentModule_policy\" target=\"_blank\" title=\"Consulter la politique de protection des donn\u00e9es du fournisseur\">plus d&rsquo;informations<\/a>).<\/p>\n<p>En cliquant sur \u00ab J\u2019accepte tous les cookies \u00bb, vous autorisez des d\u00e9p\u00f4ts de cookies et autres traceurs pour le stockage de vos donn\u00e9es sur nos sites et applications \u00e0 des fins de personnalisation et de ciblage publicitaire.<\/p>\n<p class=\"consentModule_secondaryText\">Vous gardez la possibilit\u00e9 de retirer votre consentement \u00e0 tout moment en consultant notre <a href=\"https:\/\/www.dna.fr\/protection-des-donnees\" target=\"_blank\" title=\"Consulter notre politique de protection des donn\u00e9es\" rel=\"noopener\">politique de protection des donn\u00e9es<\/a>. <br \/>&#13;<br \/>\n            <a href=\"https:\/\/www.dna.fr\/culture-loisirs\/2025\/07\/04\/javascript:Didomi.notice.show()\" class=\"consentModule_cmp\" target=\"_blank\" rel=\"noopener\">G\u00e9rer mes choix<\/a>&#13;\n        <\/p>\n<p>&#13;<br \/>\n                        J&rsquo;accepte&#13;<br \/>\n            J&rsquo;accepte tous les cookies&#13;\n        <\/p>\n<p>Pour ce faire, elle lance un appel aux internautes. L\u2019association cherche ainsi des photos montrant l\u2019\u00e9volution du quartier des ann\u00e9es 1900 \u00e0 1980. Celui-ci est compos\u00e9 des rues du Mont des Alouettes, du Noyer et du Ch\u00eane, ainsi que la cit\u00e9 cheminote, de l\u2019autre c\u00f4t\u00e9 de la route de Hausbergen. On y trouvait m\u00eame une bergerie, le \u00ab\u00a0Schoffstall\u00a0\u00bb, qui a donn\u00e9 son nom au parc situ\u00e9 \u00e0 Cronenbourg, au bout de la rue du Noyer.<\/p>\n<p class=\"note\">Les photos sont \u00e0 envoyer \u00e0 schilick.phare-ouest@lilo.org ou 06\u00a042\u00a080\u00a065\u00a054.<\/p>\n","protected":false},"excerpt":{"rendered":"C\u2019est l\u2019heure de vider les placards et d\u2019\u00e9cumer les albums de famille\u00a0: l\u2019association Schilick Phare Ouest , rassemblant&hellip;\n","protected":false},"author":2,"featured_media":227173,"comment_status":"","ping_status":"","sticky":false,"template":"","format":"standard","meta":{"footnotes":""},"categories":[2820],"tags":[1111,11,1687,2880,1777,674,107,1011,27,775,12,2661,25,5512,640,3265],"class_list":{"0":"post-227172","1":"post","2":"type-post","3":"status-publish","4":"format-standard","5":"has-post-thumbnail","7":"category-strasbourg","8":"tag-actu","9":"tag-actualites","10":"tag-culture-loisirs","11":"tag-edition-strasbourg","12":"tag-eu","13":"tag-europe","14":"tag-fil-info","15":"tag-fr","16":"tag-france","17":"tag-grand-est","18":"tag-news","19":"tag-patrimoine-culturel","20":"tag-republique-francaise","21":"tag-schiltigheim","22":"tag-strasbourg","23":"tag-strasbourg-nord"},"share_on_mastodon":{"url":"https:\/\/pubeurope.com\/@fr\/114798483516143685","error":""},"_links":{"self":[{"href":"https:\/\/www.europesays.com\/fr\/wp-json\/wp\/v2\/posts\/227172","targetHints":{"allow":["GET"]}}],"collection":[{"href":"https:\/\/www.europesays.com\/fr\/wp-json\/wp\/v2\/posts"}],"about":[{"href":"https:\/\/www.europesays.com\/fr\/wp-json\/wp\/v2\/types\/post"}],"author":[{"embeddable":true,"href":"https:\/\/www.europesays.com\/fr\/wp-json\/wp\/v2\/users\/2"}],"replies":[{"embeddable":true,"href":"https:\/\/www.europesays.com\/fr\/wp-json\/wp\/v2\/comments?post=227172"}],"version-history":[{"count":0,"href":"https:\/\/www.europesays.com\/fr\/wp-json\/wp\/v2\/posts\/227172\/revisions"}],"wp:featuredmedia":[{"embeddable":true,"href":"https:\/\/www.europesays.com\/fr\/wp-json\/wp\/v2\/media\/227173"}],"wp:attachment":[{"href":"https:\/\/www.europesays.com\/fr\/wp-json\/wp\/v2\/media?parent=227172"}],"wp:term":[{"taxonomy":"category","embeddable":true,"href":"https:\/\/www.europesays.com\/fr\/wp-json\/wp\/v2\/categories?post=227172"},{"taxonomy":"post_tag","embeddable":true,"href":"https:\/\/www.europesays.com\/fr\/wp-json\/wp\/v2\/tags?post=227172"}],"curies":[{"name":"wp","href":"https:\/\/api.w.org\/{rel}","templated":true}]}}