{"id":22719,"date":"2025-04-13T17:37:11","date_gmt":"2025-04-13T17:37:11","guid":{"rendered":"https:\/\/www.europesays.com\/fr\/22719\/"},"modified":"2025-04-13T17:37:11","modified_gmt":"2025-04-13T17:37:11","slug":"dans-le-tarn-retailleau-se-pose-en-partisan-de-la-reprise-du-chantier","status":"publish","type":"post","link":"https:\/\/www.europesays.com\/fr\/22719\/","title":{"rendered":"Dans le Tarn, Retailleau se pose en partisan de la reprise du chantier"},"content":{"rendered":"<p>A l\u2019inverse de la justice, <a href=\"https:\/\/www.20minutes.fr\/dossier\/bruno_retailleau\" target=\"_blank\" class=\"color-ultramarine c-link\" rel=\"noopener\">Bruno Retailleau<\/a> voit d\u2019un tr\u00e8s bon \u0153il la construction de l&rsquo;A69. En d\u00e9placement samedi dans le <a href=\"https:\/\/www.20minutes.fr\/toulouse\/tarn\/\" target=\"_blank\" class=\"color-ultramarine c-link\" rel=\"noopener\">Tarn<\/a>, le ministre de l\u2019Int\u00e9rieur s\u2019est f\u00e9licit\u00e9 que l\u2019Etat ait fait appel de l\u2019annulation de l\u2019autorisation environnementale du chantier de cette autoroute.<\/p>\n<p>Dans son jugement du 27\u00a0f\u00e9vrier, le tribunal administratif de <a href=\"https:\/\/www.20minutes.fr\/toulouse\/\" target=\"_blank\" class=\"color-ultramarine c-link\" rel=\"noopener\">Toulouse<\/a> a annul\u00e9 l\u2019autorisation environnementale d\u00e9livr\u00e9e par l\u2019\u00c9tat, estimant qu\u2019il n\u2019y avait pas de Raison imp\u00e9rative d\u2019int\u00e9r\u00eat public majeur (RIIPM) pour justifier les atteintes \u00e0 l\u2019environnement occasionn\u00e9es par le chantier de l&rsquo;A69.<\/p>\n<p>Un ministre en campagne pour la t\u00eate de LR<\/p>\n<p>\u00ab\u00a0Aujourd\u2019hui, on sait marier l\u2019<a href=\"https:\/\/www.20minutes.fr\/planete\/environnement\/\" target=\"_blank\" class=\"color-ultramarine c-link\" rel=\"noopener\">environnement<\/a> et le d\u00e9veloppement, on n\u2019a pas \u00e0 choisir l\u2019un contre l\u2019autre\u00a0\u00bb, a d\u00e9clar\u00e9 le ministre devant la presse, estimant qu&rsquo;\u00ab\u00a0on doit pouvoir trouver le juste \u00e9quilibre\u00a0\u00bb. \u00ab\u00a0Faisons attention de ne pas \u00eatre d\u00e9class\u00e9s\u00a0\u00bb, a exhort\u00e9 Bruno Retailleau, \u00e9galement en campagne pour la pr\u00e9sidence du parti <a href=\"https:\/\/www.20minutes.fr\/politique\/lr\/\" target=\"_blank\" class=\"color-ultramarine c-link\" rel=\"noopener\">Les R\u00e9publicains<\/a>. Car \u00ab\u00a0si demain en France, on ne peut plus r\u00e9aliser aucun chantier, si tous les projets sont bloqu\u00e9s, alors le pouvoir d\u2019achat, le niveau de vie, s\u2019effondreront\u00a0\u00bb, a-t-il estim\u00e9.<\/p>\n<\/p>\n<p>\u00ab\u00a0Le quart Sud-Ouest est sans doute l\u2019un des plus enclav\u00e9s de France\u00a0\u00bb, a ajout\u00e9 le ministre. Or \u00ab\u00a0les r\u00e9seaux de communication sont \u00e0 l\u2019\u00e9conomie ce que sont pour un corps humain les art\u00e8res\u00a0\u00bb, a-t-il plaid\u00e9, estimant qu\u2019avec cette d\u00e9cision de justice, \u00ab\u00a0on perd des occasions de d\u00e9veloppement \u00e9conomique, une agilit\u00e9, une comp\u00e9titivit\u00e9\u00a0\u00bb dont les acteurs locaux \u00ab\u00a0ont besoin\u00a0\u00bb. \u00ab\u00a0Si demain on bloque les projets notamment d\u2019infrastructures, notre \u00e9conomie sera bloqu\u00e9e\u00a0\u00bb, a-t-il martel\u00e9 apr\u00e8s avoir rencontr\u00e9 des entrepreneurs du Tarn affect\u00e9s par l\u2019interruption de l\u2019autoroute qui devait relier Toulouse \u00e0 Castres fin\u00a02025.<\/p>\n<p>Une d\u00e9cision attendue peu apr\u00e8s la mi-mai<\/p>\n<p>L\u2019Etat a annonc\u00e9 le 24\u00a0mars avoir fait appel du jugement du 27\u00a0f\u00e9vrier, tout en joignant une demande compl\u00e9mentaire de sursis \u00e0 ex\u00e9cution. Cet outil proc\u00e9dural doit permettre, si la cour d\u2019appel administrative y fait droit, de suspendre les effets de la d\u00e9cision du tribunal, et donc de reprendre les travaux suspendus depuis plus d\u2019un mois. L\u2019examen formel de cette demande de sursis \u00e0 ex\u00e9cution pourrait intervenir peu apr\u00e8s la mi-mai.<\/p>\n<p><a href=\"https:\/\/www.20minutes.fr\/societe\/projet-autoroute-a69\/\" target=\"_blank\" class=\"c-link c-btn c-btn--primary\" rel=\"noopener\">Nos articles sur le chantier de l&rsquo;A69<\/a><\/p>\n<p>Parall\u00e8lement aux recours devant les juridictions administratives, des \u00e9lus ont ouvert une voie parlementaire, \u00e0 travers une proposition de loi, \u00e9galement salu\u00e9e samedi par Bruno Retailleau, pour tenter de faire reprendre au plus vite le chantier. Cette proposition de loi doit \u00eatre examin\u00e9e le 15\u00a0mai au S\u00e9nat, selon l\u2019ordre du jour de la chambre haute arr\u00eat\u00e9 mercredi, puis d\u00e9but juin \u00e0 l\u2019Assembl\u00e9e nationale, esp\u00e8rent les \u00e9lus.<\/p>\n","protected":false},"excerpt":{"rendered":"A l\u2019inverse de la justice, Bruno Retailleau voit d\u2019un tr\u00e8s bon \u0153il la construction de l&rsquo;A69. En d\u00e9placement&hellip;\n","protected":false},"author":2,"featured_media":22720,"comment_status":"","ping_status":"","sticky":false,"template":"","format":"standard","meta":{"footnotes":""},"categories":[2],"tags":[47,11,1013,436,1011,27,2722,303,2721,12,2680,316,8411,25,8412,2312,133],"class_list":{"0":"post-22719","1":"post","2":"type-post","3":"status-publish","4":"format-standard","5":"has-post-thumbnail","7":"category-actualites","8":"tag-actualite","9":"tag-actualites","10":"tag-bruno-retailleau","11":"tag-environnement","12":"tag-fr","13":"tag-france","14":"tag-haute-garonne","15":"tag-justice","16":"tag-midi-pyrenees","17":"tag-news","18":"tag-occitanie","19":"tag-politique","20":"tag-projet-dautoroute-a69","21":"tag-republique-francaise","22":"tag-tarn","23":"tag-toulouse","24":"tag-video"},"share_on_mastodon":{"url":"https:\/\/pubeurope.com\/@fr\/114331873883227454","error":""},"_links":{"self":[{"href":"https:\/\/www.europesays.com\/fr\/wp-json\/wp\/v2\/posts\/22719","targetHints":{"allow":["GET"]}}],"collection":[{"href":"https:\/\/www.europesays.com\/fr\/wp-json\/wp\/v2\/posts"}],"about":[{"href":"https:\/\/www.europesays.com\/fr\/wp-json\/wp\/v2\/types\/post"}],"author":[{"embeddable":true,"href":"https:\/\/www.europesays.com\/fr\/wp-json\/wp\/v2\/users\/2"}],"replies":[{"embeddable":true,"href":"https:\/\/www.europesays.com\/fr\/wp-json\/wp\/v2\/comments?post=22719"}],"version-history":[{"count":0,"href":"https:\/\/www.europesays.com\/fr\/wp-json\/wp\/v2\/posts\/22719\/revisions"}],"wp:featuredmedia":[{"embeddable":true,"href":"https:\/\/www.europesays.com\/fr\/wp-json\/wp\/v2\/media\/22720"}],"wp:attachment":[{"href":"https:\/\/www.europesays.com\/fr\/wp-json\/wp\/v2\/media?parent=22719"}],"wp:term":[{"taxonomy":"category","embeddable":true,"href":"https:\/\/www.europesays.com\/fr\/wp-json\/wp\/v2\/categories?post=22719"},{"taxonomy":"post_tag","embeddable":true,"href":"https:\/\/www.europesays.com\/fr\/wp-json\/wp\/v2\/tags?post=22719"}],"curies":[{"name":"wp","href":"https:\/\/api.w.org\/{rel}","templated":true}]}}