{"id":227208,"date":"2025-07-05T03:43:13","date_gmt":"2025-07-05T03:43:13","guid":{"rendered":"https:\/\/www.europesays.com\/fr\/227208\/"},"modified":"2025-07-05T03:43:13","modified_gmt":"2025-07-05T03:43:13","slug":"a-paris-la-saison-de-la-baignade-dans-la-seine-demarre-sous-etroite-surveillance-2","status":"publish","type":"post","link":"https:\/\/www.europesays.com\/fr\/227208\/","title":{"rendered":"A Paris, la saison de la baignade dans la Seine d\u00e9marre sous \u00e9troite surveillance"},"content":{"rendered":"<p>\u00ab\u00a0Ca va \u00eatre un succ\u00e8s, il va falloir rapidement r\u00e9fl\u00e9chir \u00e0 ouvrir d&rsquo;autres sites\u00a0\u00bb, anticipait Pierre Rabadan, adjoint aux sports \u00e0 l&rsquo;H\u00f4tel de ville, lundi lors de la visite d&rsquo;un des sites.<\/p>\n<p>Au bras de Grenelle pr\u00e8s de la tour Eiffel, au bras Marie en face de l&rsquo;\u00eele Saint-Louis, ou \u00e0 Bercy face \u00e0 la biblioth\u00e8que Fran\u00e7ois-Mitterrand, des bassins am\u00e9nag\u00e9s dans le cours d&rsquo;eau avec pontons, \u00e9chelles, mobilier baln\u00e9aire, douches et vestiaires, attendent Franciliens et touristes. Ils pourront en profiter gratuitement jusqu&rsquo;au 31 ao\u00fbt, si la m\u00e9t\u00e9o le permet.<\/p>\n<p>Le bras Marie (centre) peut accueillir 150 personnes en simultan\u00e9, Bercy (est) jusqu&rsquo;\u00e0 700 personnes, dont 300 dans la zone de baignade. <\/p>\n<p>Le site de Grenelle (ouest), seul \u00e0 disposer d&rsquo;un bassin s\u00e9curis\u00e9 pour les familles avec un fond, a lui une capacit\u00e9 de 200 personnes \u00e0 la fois. Une base nautique y proposera gratuitement la pratique du kayak.<\/p>\n<p>La maire socialiste de Paris Anne Hidalgo, au c\u00f4t\u00e9 notamment de la ministre des Sports Marie Barsacq, doit inaugurer les trois sites en commen\u00e7ant par celui du bras Marie. C&rsquo;est l\u00e0 qu&rsquo;elle s&rsquo;\u00e9tait immerg\u00e9e l&rsquo;an dernier avant le d\u00e9but des JO, plus de 30 ans apr\u00e8s la promesse de Jacques Chirac.<\/p>\n<p>\u00ab\u00a0L&rsquo;un de mes pr\u00e9d\u00e9cesseurs, alors maire de Paris, a r\u00eav\u00e9 d&rsquo;une Seine o\u00f9 chacun pourrait nager. Demain sa promesse sera tenue\u00a0\u00bb, a \u00e9crit sur X Emmanuel Macron, parlant de \u00ab\u00a0fiert\u00e9 pour le pays\u00a0\u00bb.<\/p>\n<p>H\u00e9ritage promis des JO, la baignade dans la Seine r\u00e9pond d&rsquo;abord \u00e0 un besoin d&rsquo;adaptation au changement climatique de la capitale, o\u00f9 les \u00e9pisodes de canicule vont se multiplier et s&rsquo;intensifier.<\/p>\n<p>Plus de 1,4 milliard d&rsquo;euros ont \u00e9t\u00e9 investis pour am\u00e9liorer la qualit\u00e9 de l&rsquo;eau en amont du fleuve, avec des travaux de captation des eaux us\u00e9es pour \u00e9viter qu&rsquo;elles ne s&rsquo;y d\u00e9versent.<\/p>\n<p><img alt=\"Des r\u00e9sidents se baignant dans la Seine au centre de la capitale le 17 juillet 2024 \u00e0 Paris\" loading=\"lazy\" decoding=\"async\" data-nimg=\"fill\" class=\" TwicCore_img__i9TC1 undefined  undefined\" style=\"position:absolute;height:100%;width:100%;left:0;top:0;right:0;bottom:0;color:transparent;background-size:cover;background-position:50% 50%;background-repeat:no-repeat;background-image:url(&quot;data:image\/svg+xml;charset=utf-8,%3Csvg xmlns='http:\/\/www.w3.org\/2000\/svg' %3E%3Cfilter id='b' color-interpolation-filters='sRGB'%3E%3CfeGaussianBlur stdDeviation='20'\/%3E%3CfeColorMatrix values='1 0 0 0 0 0 1 0 0 0 0 0 1 0 0 0 0 0 100 -1' result='s'\/%3E%3CfeFlood x='0' y='0' width='100%25' height='100%25'\/%3E%3CfeComposite operator='out' in='s'\/%3E%3CfeComposite in2='SourceGraphic'\/%3E%3CfeGaussianBlur stdDeviation='20'\/%3E%3C\/filter%3E%3Cimage width='100%25' height='100%25' x='0' y='0' preserveAspectRatio='none' style='filter: url(%23b);' href='https:\/\/pictures.laprovence.com\/cdn-cgi\/image\/blur=250\/media\/afp\/da9b936e5f1bf91f9d36afdacbdd6ca49e76e3e3.jpg'\/%3E%3C\/svg%3E&quot;)\"   src=\"https:\/\/www.europesays.com\/fr\/wp-content\/uploads\/2025\/07\/1751686992_533_da9b936e5f1bf91f9d36afdacbdd6ca49e76e3e3.jpg\"\/>Des r\u00e9sidents se baignant dans la Seine au centre de la capitale le 17 juillet 2024 \u00e0 Paris PHOTO AFP \/ JULIEN DE ROSA<\/p>\n<p>Mais \u00e9tant donn\u00e9 qu&rsquo;\u00e0 Paris, les eaux de pluie et les eaux us\u00e9es se m\u00e9langent dans un unique r\u00e9seau, la seule solution en cas de pr\u00e9cipitations abondantes est de d\u00e9verser le trop-plein dans la Seine.<\/p>\n<p>Les pluies record enregistr\u00e9es pendant les JO avaient souvent rendu l&rsquo;eau impropre \u00e0 la baignade pour les athl\u00e8tes.<\/p>\n<p>Cet \u00e9t\u00e9 comme \u00e0 la plage, des drapeaux (verts, jaunes, rouges) permettront de conna\u00eetre le d\u00e9bit de la Seine et la qualit\u00e9 de l&rsquo;eau, analys\u00e9e par des sondes en instantan\u00e9 et des pr\u00e9l\u00e8vements en culture. Si les voyants sont au rouge, la baignade sera ferm\u00e9e.<\/p>\n<p>Elle se d\u00e9roulera sous haute surveillance, au point que chaque baigneur devra faire \u00e9valuer son aisance aquatique par un ma\u00eetre-nageur avant de nager en autonomie dans les bassins &#8211; la plupart sans fond avec une profondeur de 3,50 m\u00e8tres en moyenne.<\/p>\n<p>Car le fleuve est un plan d&rsquo;eau vivante qui reste un milieu dangereux, rappellent les autorit\u00e9s. \u00ab\u00a0Il y a un risque de noyade \u00e0 cause de la vase et des plantes agrippantes, de forts courants, le risque d&rsquo;hydrocution et le trafic fluvial\u00a0\u00bb, rappelle la sous-pr\u00e9f\u00e8te Elise Lavielle, pr\u00e9cisant qu&rsquo;il y avait eu \u00ab\u00a013 d\u00e9c\u00e8s dans la Seine en 2024\u00a0\u00bb et d\u00e9j\u00e0 \u00ab\u00a0trois cette ann\u00e9e\u00a0\u00bb.<\/p>\n<p><img alt=\"La maire de Paris Anne Hidalgo nage dans la Seine, \u00e0 Paris, le 17 juillet 2024\" loading=\"lazy\" decoding=\"async\" data-nimg=\"fill\" class=\" TwicCore_img__i9TC1 undefined  undefined\" style=\"position:absolute;height:100%;width:100%;left:0;top:0;right:0;bottom:0;color:transparent;background-size:cover;background-position:50% 50%;background-repeat:no-repeat;background-image:url(&quot;data:image\/svg+xml;charset=utf-8,%3Csvg xmlns='http:\/\/www.w3.org\/2000\/svg' %3E%3Cfilter id='b' color-interpolation-filters='sRGB'%3E%3CfeGaussianBlur stdDeviation='20'\/%3E%3CfeColorMatrix values='1 0 0 0 0 0 1 0 0 0 0 0 1 0 0 0 0 0 100 -1' result='s'\/%3E%3CfeFlood x='0' y='0' width='100%25' height='100%25'\/%3E%3CfeComposite operator='out' in='s'\/%3E%3CfeComposite in2='SourceGraphic'\/%3E%3CfeGaussianBlur stdDeviation='20'\/%3E%3C\/filter%3E%3Cimage width='100%25' height='100%25' x='0' y='0' preserveAspectRatio='none' style='filter: url(%23b);' href='https:\/\/pictures.laprovence.com\/cdn-cgi\/image\/blur=250\/media\/afp\/e538f999b8e1de42196708b5a47f1bd7a1095dc3.jpg'\/%3E%3C\/svg%3E&quot;)\"   src=\"https:\/\/www.europesays.com\/fr\/wp-content\/uploads\/2025\/07\/1751686993_876_e538f999b8e1de42196708b5a47f1bd7a1095dc3.jpg\"\/>La maire de Paris Anne Hidalgo nage dans la Seine, \u00e0 Paris, le 17 juillet 2024 PHOTO AFP \/ JULIEN DE ROSA<\/p>\n<p>Alors que les fortes chaleurs pourraient tenter certains de se jeter \u00e0 l&rsquo;eau en dehors des lieux autoris\u00e9s, un arr\u00eat\u00e9 pr\u00e9fectoral a \u00e9t\u00e9 pris fin juin pour verbaliser la baignade sauvage.<\/p>\n<p>Les contr\u00f4les fluviaux sont \u00e9galement renforc\u00e9s \u00e0 Paris, premier port fluvial europ\u00e9en pour le transport de passagers, aupr\u00e8s des conducteurs de bateaux. <\/p>\n<p>Le site du bras Marie, point n\u00e9vralgique de la circulation fluviale, ne sera ouvert que le matin, apr\u00e8s n\u00e9gociations avec les bateliers. Pour l&rsquo;\u00e9t\u00e9 2026, d&rsquo;autres sites alternatifs p\u00e9rennes sont \u00e0 l&rsquo;\u00e9tude.<\/p>\n<p>La poursuite des travaux de d\u00e9pollution du fleuve en aval de la Seine laisse esp\u00e9rer l&rsquo;installation l&rsquo;an prochain de nouvelles zones de baignade \u00e0 la sortie de la capitale, comme l&rsquo;\u00eele Monsieur (Hauts-de-Seine) et l&rsquo;\u00eele Saint-Denis (Seine-Saint-Denis).<\/p>\n<p>Quatre sites ont par ailleurs d\u00e9j\u00e0 ouvert aux baigneurs dans la Marne, dont celui embl\u00e9matique de Joinville-le-Pont (Val-de-Marne). Le principal affluent de la Seine \u00e9tait interdit \u00e0 la baignade depuis les ann\u00e9es 1970.<\/p>\n","protected":false},"excerpt":{"rendered":"\u00ab\u00a0Ca va \u00eatre un succ\u00e8s, il va falloir rapidement r\u00e9fl\u00e9chir \u00e0 ouvrir d&rsquo;autres sites\u00a0\u00bb, anticipait Pierre Rabadan, adjoint&hellip;\n","protected":false},"author":2,"featured_media":227090,"comment_status":"","ping_status":"","sticky":false,"template":"","format":"standard","meta":{"footnotes":""},"categories":[1888],"tags":[17,11,15109,1446,27051,1777,674,1011,27,329,12,626,25,3242,13527,3107],"class_list":{"0":"post-227208","1":"post","2":"type-post","3":"status-publish","4":"format-standard","5":"has-post-thumbnail","7":"category-paris","8":"tag-17","9":"tag-actualites","10":"tag-baignade","11":"tag-dans","12":"tag-demarre","13":"tag-eu","14":"tag-europe","15":"tag-fr","16":"tag-france","17":"tag-france-monde","18":"tag-news","19":"tag-paris","20":"tag-republique-francaise","21":"tag-saison","22":"tag-seine","23":"tag-sous"},"share_on_mastodon":{"url":"https:\/\/pubeurope.com\/@fr\/114798566728334275","error":""},"_links":{"self":[{"href":"https:\/\/www.europesays.com\/fr\/wp-json\/wp\/v2\/posts\/227208","targetHints":{"allow":["GET"]}}],"collection":[{"href":"https:\/\/www.europesays.com\/fr\/wp-json\/wp\/v2\/posts"}],"about":[{"href":"https:\/\/www.europesays.com\/fr\/wp-json\/wp\/v2\/types\/post"}],"author":[{"embeddable":true,"href":"https:\/\/www.europesays.com\/fr\/wp-json\/wp\/v2\/users\/2"}],"replies":[{"embeddable":true,"href":"https:\/\/www.europesays.com\/fr\/wp-json\/wp\/v2\/comments?post=227208"}],"version-history":[{"count":0,"href":"https:\/\/www.europesays.com\/fr\/wp-json\/wp\/v2\/posts\/227208\/revisions"}],"wp:featuredmedia":[{"embeddable":true,"href":"https:\/\/www.europesays.com\/fr\/wp-json\/wp\/v2\/media\/227090"}],"wp:attachment":[{"href":"https:\/\/www.europesays.com\/fr\/wp-json\/wp\/v2\/media?parent=227208"}],"wp:term":[{"taxonomy":"category","embeddable":true,"href":"https:\/\/www.europesays.com\/fr\/wp-json\/wp\/v2\/categories?post=227208"},{"taxonomy":"post_tag","embeddable":true,"href":"https:\/\/www.europesays.com\/fr\/wp-json\/wp\/v2\/tags?post=227208"}],"curies":[{"name":"wp","href":"https:\/\/api.w.org\/{rel}","templated":true}]}}