{"id":22721,"date":"2025-04-13T17:38:20","date_gmt":"2025-04-13T17:38:20","guid":{"rendered":"https:\/\/www.europesays.com\/fr\/22721\/"},"modified":"2025-04-13T17:38:20","modified_gmt":"2025-04-13T17:38:20","slug":"alger-fustige-la-detention-inadmissible-dun-de-ses-agents-consulaires-liberation","status":"publish","type":"post","link":"https:\/\/www.europesays.com\/fr\/22721\/","title":{"rendered":"Alger fustige la d\u00e9tention \u00abinadmissible\u00bb d\u2019un de ses agents consulaires \u2013 Lib\u00e9ration"},"content":{"rendered":"<p class=\"sc-cPiKLX AiZTS text-element\"><a href=\"https:\/\/www.liberation.fr\/international\/afrique\/a-alger-le-ministre-francais-des-affaires-etrangeres-veut-sceller-la-reconciliation-20250406_RHEDXQ2MDZDV3HHDJYHC5XPDIQ\/\" target=\"_blank\" rel=\"nofollow noopener\">L\u2019heure \u00e9tait pourtant \u00e0 la d\u00e9tente entre Alger et Paris.<\/a> L\u2019Alg\u00e9rie a exprim\u00e9 samedi 12 avril au soir \u00absa vive protestation\u00bb apr\u00e8s le placement en d\u00e9tention en France d\u2019un de ses agents consulaires, soup\u00e7onn\u00e9 d\u2019implication dans <a href=\"https:\/\/www.liberation.fr\/societe\/police-justice\/quatre-personnes-en-garde-a-vue-apres-lenlevement-dun-opposant-au-regime-algerien-en-france-20250410_FYKTXK3AXFCI5F6JQJORV5PIJ4\/\" target=\"_blank\" rel=\"nofollow noopener\">l\u2019enl\u00e8vement fin avril 2024 sur le sol fran\u00e7ais de l\u2019influenceur alg\u00e9rien Amir Boukhors<\/a>. \u00abCe nouveau d\u00e9veloppement inadmissible et inqualifiable causera un grand dommage aux relations alg\u00e9ro-fran\u00e7aises\u00bb, a averti le minist\u00e8re alg\u00e9rien des Affaires \u00e9trang\u00e8res dans un communiqu\u00e9, promettant de ne pas \u00ablaisser cette situation sans cons\u00e9quences\u00bb.<\/p>\n<p class=\"sc-cPiKLX AiZTS text-element\">Trois hommes, dont l\u2019un travaille dans l\u2019un des consulats d\u2019Alg\u00e9rie en France, ont \u00e9t\u00e9 mis en examen vendredi \u00e0 Paris, soup\u00e7onn\u00e9s d\u2019\u00eatre impliqu\u00e9s dans l\u2019enl\u00e8vement d\u2019Amir Boukhors, dit \u00abAmir DZ\u00bb, un opposant au pouvoir alg\u00e9rien en place. Ils sont poursuivis pour arrestation, enl\u00e8vement, s\u00e9questration ou d\u00e9tention arbitraire suivie de lib\u00e9ration avant le septi\u00e8me jour, en relation avec une entreprise terroriste, a indiqu\u00e9 samedi le parquet national antiterroriste (Pnat).<\/p>\n<p class=\"sc-cPiKLX AiZTS text-element\">Amir Boukhors est un influenceur alg\u00e9rien install\u00e9 en France depuis 2016, dont l\u2019Alg\u00e9rie r\u00e9clamait le retour pour le juger. Il a obtenu l\u2019asile politique en 2023. Le minist\u00e8re alg\u00e9rien a dit avoir re\u00e7u l\u2019ambassadeur de France pour \u00abexprimer la vive protestation\u00bb d\u2019Alger. Sur \u00abla forme\u00bb, l\u2019Alg\u00e9rie a rappel\u00e9 que \u00abl\u2019agent consulaire a \u00e9t\u00e9 arr\u00eat\u00e9 en pleine voie publique puis plac\u00e9 en garde \u00e0 vue sans notification par le canal diplomatique\u00bb. Sur \u00able fond\u00bb, Alger d\u00e9nonce \u00abl\u2019argumentaire vermoulu et farfelu\u00bb du minist\u00e8re de l\u2019Int\u00e9rieur fran\u00e7ais, estimant que cette \u00abcabale judiciaire inadmissible\u00bb repose \u00absur le seul fait que le t\u00e9l\u00e9phone mobile de l\u2019agent consulaire inculp\u00e9 aurait born\u00e9 autour de l\u2019adresse du domicile de l\u2019\u00e9nergum\u00e8ne\u00bb Amir Boukhors.<\/p>\n<p class=\"sc-cPiKLX AiZTS text-element\">\u00abCe tournant judiciaire, in\u00e9dit dans les annales des relations alg\u00e9ro-fran\u00e7aises, n\u2019est pas le fruit du hasard\u00bb, a poursuivi le minist\u00e8re. Il se produit \u00ab\u00e0 des fins de torpillage <a href=\"https:\/\/www.liberation.fr\/international\/afrique\/entre-la-france-et-lalgerie-le-debut-de-la-fin-de-la-crise-20250401_TTK4DEBQF5EN7IZCSKVLQL4HOI\/\" target=\"_blank\" rel=\"nofollow noopener\">du processus de relance des relations bilat\u00e9rales convenu entre les deux chefs d\u2019Etat [fran\u00e7ais et alg\u00e9rien]<\/a> lors de leur r\u00e9cent entretien t\u00e9l\u00e9phonique\u00bb, a-t-il estim\u00e9, avant d\u2019exiger la lib\u00e9ration \u00abimm\u00e9diate\u00bb de l\u2019agent.<\/p>\n<p class=\"sc-cPiKLX AiZTS text-element\">L\u2019autorit\u00e9 judiciaire fran\u00e7aise \u00abagit en toute ind\u00e9pendance\u00bb, a r\u00e9agi ce dimanche une source diplomatique fran\u00e7aise. \u00abNous ne commentons pas une enqu\u00eate en cours. L\u2019autorit\u00e9 judiciaire [\u2026] est seule comp\u00e9tente pour se prononcer\u00bb, a d\u00e9clar\u00e9 cette source.<\/p>\n<p class=\"sc-cPiKLX AiZTS text-element\">De vives tensions ont affect\u00e9 pendant huit mois les relations entre l\u2019Alg\u00e9rie et la France, depuis qu\u2019Emmanuel Macron a d\u00e9cid\u00e9 fin juillet de soutenir un plan d\u2019autonomie sous souverainet\u00e9 marocaine pour le Sahara occidental, o\u00f9 les ind\u00e9pendantistes du Polisario sont soutenus par Alger. Elles se sont encore aggrav\u00e9es notamment avec l\u2019arrestation de <a href=\"https:\/\/www.liberation.fr\/international\/afrique\/algerie-macron-confiant-sur-la-liberation-de-lecrivain-boualem-sansal-condamne-a-cinq-ans-de-prison-20250411_BESIN7AXVBFUTFHJYUAHS4BT6Q\/\" target=\"_blank\" rel=\"nofollow noopener\">l\u2019\u00e9crivain franco-alg\u00e9rien Boualem Sansal.<\/a><\/p>\n<p class=\"sc-cPiKLX AiZTS text-element\">Ces tensions se sont n\u00e9anmoins un peu apais\u00e9es ces derniers jours, \u00e0 la faveur notamment d\u2019un appel le 31 mars entre Emmanuel Macron et le pr\u00e9sident alg\u00e9rien, Abdelmadjid Tebboune, ayant act\u00e9 la reprise du dialogue bilat\u00e9ral.<\/p>\n<p class=\"sc-cPiKLX AiZTS text-element\"><b>Mise \u00e0 jour<\/b> \u00e0 11\u00a0h\u00a011 avec la r\u00e9action d\u2019une source diplomatique fran\u00e7aise.<\/p>\n","protected":false},"excerpt":{"rendered":"L\u2019heure \u00e9tait pourtant \u00e0 la d\u00e9tente entre Alger et Paris. L\u2019Alg\u00e9rie a exprim\u00e9 samedi 12 avril au soir&hellip;\n","protected":false},"author":2,"featured_media":22722,"comment_status":"","ping_status":"","sticky":false,"template":"","format":"standard","meta":{"footnotes":""},"categories":[4],"tags":[3185,11,15,1073,1011,27,2438,12,25],"class_list":{"0":"post-22721","1":"post","2":"type-post","3":"status-publish","4":"format-standard","5":"has-post-thumbnail","7":"category-france","8":"tag-abdelmadjid-tebboune","9":"tag-actualites","10":"tag-algerie","11":"tag-emmanuel-macron","12":"tag-fr","13":"tag-france","14":"tag-influenceur","15":"tag-news","16":"tag-republique-francaise"},"share_on_mastodon":{"url":"https:\/\/pubeurope.com\/@fr\/114331877637030717","error":""},"_links":{"self":[{"href":"https:\/\/www.europesays.com\/fr\/wp-json\/wp\/v2\/posts\/22721","targetHints":{"allow":["GET"]}}],"collection":[{"href":"https:\/\/www.europesays.com\/fr\/wp-json\/wp\/v2\/posts"}],"about":[{"href":"https:\/\/www.europesays.com\/fr\/wp-json\/wp\/v2\/types\/post"}],"author":[{"embeddable":true,"href":"https:\/\/www.europesays.com\/fr\/wp-json\/wp\/v2\/users\/2"}],"replies":[{"embeddable":true,"href":"https:\/\/www.europesays.com\/fr\/wp-json\/wp\/v2\/comments?post=22721"}],"version-history":[{"count":0,"href":"https:\/\/www.europesays.com\/fr\/wp-json\/wp\/v2\/posts\/22721\/revisions"}],"wp:featuredmedia":[{"embeddable":true,"href":"https:\/\/www.europesays.com\/fr\/wp-json\/wp\/v2\/media\/22722"}],"wp:attachment":[{"href":"https:\/\/www.europesays.com\/fr\/wp-json\/wp\/v2\/media?parent=22721"}],"wp:term":[{"taxonomy":"category","embeddable":true,"href":"https:\/\/www.europesays.com\/fr\/wp-json\/wp\/v2\/categories?post=22721"},{"taxonomy":"post_tag","embeddable":true,"href":"https:\/\/www.europesays.com\/fr\/wp-json\/wp\/v2\/tags?post=22721"}],"curies":[{"name":"wp","href":"https:\/\/api.w.org\/{rel}","templated":true}]}}