{"id":227212,"date":"2025-07-05T03:46:14","date_gmt":"2025-07-05T03:46:14","guid":{"rendered":"https:\/\/www.europesays.com\/fr\/227212\/"},"modified":"2025-07-05T03:46:14","modified_gmt":"2025-07-05T03:46:14","slug":"guerre-commerciale-le-vietnam-limite-les-degats-avec-les-etats-unis","status":"publish","type":"post","link":"https:\/\/www.europesays.com\/fr\/227212\/","title":{"rendered":"Guerre commerciale : le Vietnam limite les d\u00e9g\u00e2ts avec les \u00c9tats-Unis"},"content":{"rendered":"<p>\t<a href=\"https:\/\/asialyst.com\/fr\/economie\/\" class=\"category category-37\" rel=\"nofollow noopener\" target=\"_blank\">Economie<\/a><\/p>\n<p>\t\tPubli\u00e9 04 Juillet 2025<br \/>Mis \u00e0 jour 04 Juillet 2025\t<\/p>\n<p>      <a href=\"https:\/\/www.europesays.com\/fr\/wp-content\/uploads\/2025\/07\/accord-US-Vietnam.-Source-copilot-DR-1.jpg\" class=\"article-image\" title=\"Accord entre \u00c9tats-Unis et Vietnam. Source Copilot.\"><img fetchpriority=\"high\" decoding=\"async\" width=\"1536\" height=\"1024\" src=\"data:image\/gif;base64,R0lGODlhAQABAIAAAAAAAP\/\/\/yH5BAEAAAAALAAAAAABAAEAAAIBRAA7\" data-lazy-type=\"image\" data-lazy-src=\"https:\/\/www.europesays.com\/fr\/wp-content\/uploads\/2025\/07\/accord-US-Vietnam.-Source-copilot-DR-1.jpg\" class=\"lazy lazy-hidden img-responsive\" alt=\"Accord entre \u00c9tats-Unis et Vietnam. Source Copilot.\" data-lazy- data-lazy-\/><\/a><\/p>\n<p>\n        \tAccord entre \u00c9tats-Unis et Vietnam. Source Copilot.         <\/p>\n<p>\n\t\tLe Vietnam est le premier pays asiatique \u00e0 signer un accord commercial avec les \u00c9tats-Unis pour \u00e9viter les lourdes sanctions tarifaires annonc\u00e9es le 2 avril dernier par Washington \u00e0 l\u2019\u00e9gard du monde entier. L\u2019accord est fortement asym\u00e9trique au d\u00e9triment du Vietnam mais Hano\u00ef parvient \u00e0 r\u00e9duire \u00e0 20% (contre 46%) les droits sur les exportations vietnamiennes. Cet accord cr\u00e9e un pr\u00e9c\u00e9dent et une contrainte pour les autres pays d\u2019Asie en train de n\u00e9gocier avec la Maison Blanche. Il impacte aussi l\u2019Union europ\u00e9enne.\t<\/p>\n<p>\n\t\tLe gouvernement vietnamien \u00e9tait sous tr\u00e8s forte pression depuis le 2 avril dernier pour \u00e9viter de subir une augmentation de 46% des droits de douane sur les exportations du pays vers les \u00c9tats-Unis, un seuil qui \u00e9tait l\u2019un des plus \u00e9lev\u00e9s d\u2019Asie.\t<\/p>\n<p>\t\t<a href=\"https:\/\/www.europesays.com\/fr\/wp-content\/uploads\/2025\/07\/unnamed.png\" class=\"article-image\" title=\"Source : Maison Blanche. Annonce du 2 avril dernier, applicable d\u00e8s le 9 juillet sauf accord.\"><img loading=\"lazy\" decoding=\"async\" width=\"415\" height=\"266\" src=\"data:image\/gif;base64,R0lGODlhAQABAIAAAAAAAP\/\/\/yH5BAEAAAAALAAAAAABAAEAAAIBRAA7\" data-lazy-type=\"image\" data-lazy-src=\"https:\/\/www.europesays.com\/fr\/wp-content\/uploads\/2025\/07\/unnamed.png\" class=\"lazy lazy-hidden img-responsive\" alt=\"Source : Maison Blanche. Annonce du 2 avril dernier, applicable d\u00e8s le 9 juillet sauf accord.\" data-lazy- data-lazy-\/><\/a><\/p>\n<p>\t\t  \tSource : Maison Blanche. Annonce du 2 avril dernier, applicable d\u00e8s le 9 juillet sauf accord.\t\t<\/p>\n<p>\n\t\tLa d\u00e9pendance du pays aux exportations en g\u00e9n\u00e9ral, et aux ventes sur le march\u00e9 am\u00e9ricain en particulier, est extr\u00eamement forte, avec un seuil d\u2019exportations vers les \u00c9tats-Unis\/PIB de 25% en 2024, contre seulement 3% pour la Chine. Les n\u00e9gociateurs vietnamiens ne pouvaient pas se permettre d\u2019\u00e9chouer.\t<\/p>\n<p>\n\t\tL\u2019accord obtenu par Hano\u00ef est clairement asym\u00e9trique puisque les exportateurs am\u00e9ricains pourront vendre \u00e0 droit z\u00e9ro sur le march\u00e9 vietnamien tandis que les exportateurs vietnamiens acquitteront une taxe de 20%, deux fois sup\u00e9rieure aux 10% que les \u00c9tats-Unis appliquent d\u00e9j\u00e0 au monde entier. C\u2019est clairement une aubaine pour certains secteurs de l\u2019\u00e9conomie am\u00e9ricaine, en particulier l\u2019agriculture, l\u2019agroalimentaire et l\u2019automobile, jusqu\u2019\u00e0 pr\u00e9sent tr\u00e8s tax\u00e9s \u00e0 l\u2019entr\u00e9e sur le march\u00e9 vietnamien.\t<\/p>\n<p>\n\tEffet ricochet sur le reste de l\u2019Asie\n<\/p>\n<p>\n\t\tUne clause de l\u2019accord entre les deux pays concerne potentiellement l\u2019ensemble des cha\u00eenes de valeur asiatiques. Il s\u2019agit de la taxation \u00e0 40% des produits transitant par le territoire vietnamien avant d\u2019\u00eatre export\u00e9s vers les \u0322\u00c9tats\u0322-Unis. On sait que le Vietnam joue, comme la Chine, un r\u00f4le de \u00ab t\u00eate de pont \u00bb des exportations asiatiques en concentrant de nombreuses cha\u00eenes d\u2019assemblages finales \u00e0 partir de composants import\u00e9s du reste de l\u2019Asie. La clause pr\u00e9vue dans l\u2019accord \u0322\u0322va poser la question du calcul de la r\u00e8gle d\u2019origine. A partir de quel seuil de transformation locale pourra-t-on consid\u00e9rer que les exportations vietnamiennes ont bien une origine Vietnam et ne constituent pas des produits en transit ? Les seuils une fois d\u00e9finis par produit ou par secteur, comment ces r\u00e8gles seront-elles appliqu\u00e9es et contr\u00f4l\u00e9es ?\t<\/p>\n<p>\n\t\tCette question est tr\u00e8s importante pour bon nombre d\u2019investisseurs chinois qui ont implant\u00e9 des usines d\u2019assemblage au Vietnam avec l\u2019objectif de contourner les restrictions impos\u00e9es par Washington aux produits chinois. Ces derniers entrent actuellement directement aux \u00c9tats-Unis avec des droits de douane de 30% depuis l\u2019accord US-Chine sign\u00e9 en mai. D\u2019autres grands investisseurs sont \u00e9galement concern\u00e9s, notamment les Cor\u00e9ens et les Japonais. Si ces pays n\u2019obtiennent pas d\u2019accord bilat\u00e9ral avec les \u00c9tats-Unis (le Japon semble en difficult\u00e9), ils risquent de voir leurs exportations transitant par le Vietnam vers le march\u00e9 am\u00e9ricain tax\u00e9es au taux prohibitif de 40%.\t<\/p>\n<p>\n\t\tUn autre effet ricochet concerne la concurrence au sein de l\u2019Asean. Les Philippines par exemple sont menac\u00e9s de droits r\u00e9ciproques limit\u00e9s \u00e0 17% pour leurs exportations vers les \u00c9tats-Unis. C\u2019\u00e9tait un avantage comparatif par rapport aux taux beaucoup plus \u00e9lev\u00e9s auxquels faisaient face le Vietnam, la Tha\u00eflande ou le Cambodge. Les 20% obtenus par Hano\u00ef r\u00e9duisent tr\u00e8s fortement l\u2019\u00e9cart avec Manille, et il devient imp\u00e9ratif pour les n\u00e9gociateurs philippins d\u2019obtenir un \u00ab deal \u00bb qui leur redonnerait un avantage comparatif dans la localisation des investissements \u00e9trangers au sein de l\u2019Asean.\t<\/p>\n<p>\n\tL\u2019Union europ\u00e9enne sera-t-elle le dindon de la farce ?\n<\/p>\n<p>\n\t\tL\u2019accord obtenu par Washington en trois mois de n\u00e9gociations pose la question de l\u2019avenir de l\u2019accord de libre-\u00e9change UE-Vietnam. La Commission europ\u00e9enne avait mis huit ans \u00e0 n\u00e9gocier cet accord, qui est mis en \u0153uvre depuis 2020, mais avec des r\u00e9ductions de droits de douane progressives jusqu\u2019en 2030 pour les produits entrant au Vietnam. Les exportateurs europ\u00e9ens vont donc se trouver dans une position concurrentielle d\u00e9favorable sur le march\u00e9 vietnamien vis-\u00e0-vis de leurs concurrents am\u00e9ricains, alors m\u00eame que l\u2019accord UE-Vietnam a surtout profit\u00e9 aux exportations vietnamiennes, avec un exc\u00e9dent commercial bilat\u00e9ral au profit du Vietnam qui a progress\u00e9 de 50% depuis 2020.\t<\/p>\n<p>\n\t\tLa Commission europ\u00e9enne va donc devoir prendre son b\u00e2ton de p\u00e8lerin et exiger un alignement des conditions d\u2019acc\u00e8s au march\u00e9 vietnamien sur celles obtenues par Washington.\t<\/p>\n<p>\t\tSoutenez-nous !<\/p>\n<p style=\"color:#fff; font-size:0.8em; line-height:1.5em; margin-bottom:30px;\">Asialyst est con\u00e7u par une \u00e9quipe compos\u00e9e \u00e0 100 % de b\u00e9n\u00e9voles et gr\u00e2ce \u00e0 un r\u00e9seau de contributeurs en Asie ou ailleurs, journalistes, experts, universitaires, consultants ou anciens diplomates&#8230; Notre seul but : partager la connaissance de l&rsquo;Asie au plus large public.<\/p>\n<p>\t\t<a href=\"https:\/\/www.helloasso.com\/associations\/les-amis-d-asialyst\/formulaires\/1\" target=\"_blank\" style=\"display:inline; background:#fff; padding:10px 25px; font-weight:700; border-radius:4px; color:#000; font-size:0.9em;\" rel=\"nofollow noopener\">Faire un don<\/a><\/p>\n<p>\t\tA propos de l&rsquo;auteur<\/p>\n<p>\t\t\t\t<img loading=\"lazy\" decoding=\"async\" data-del=\"avatar\" src=\"data:image\/gif;base64,R0lGODlhAQABAIAAAAAAAP\/\/\/yH5BAEAAAAALAAAAAABAAEAAAIBRAA7\" data-lazy-type=\"image\" data-lazy-src=\"https:\/\/www.europesays.com\/fr\/wp-content\/uploads\/2025\/07\/hubert-testard.jpg\" class=\"lazy lazy-hidden avatar pp-user-avatar avatar-150wp-user-avatar wp-user-avatar-150 photo \" height=\"150\" width=\"150\"\/>\t\t\t\t<\/p>\n<p>\n\t\t\t\t\t\tHubert Testard est un sp\u00e9cialiste de l\u2019Asie et des enjeux \u00e9conomiques internationaux. Il a \u00e9t\u00e9 conseiller \u00e9conomique et financier pendant 20 ans dans les ambassades de France au Japon, en Chine, en Cor\u00e9e et \u00e0 Singapour pour l\u2019Asean. Il a \u00e9galement particip\u00e9 \u00e0 l\u2019\u00e9laboration des politiques europ\u00e9ennes et en particulier de la politique commerciale, qu\u2019il s\u2019agisse de l\u2019OMC ou des n\u00e9gociations avec les pays d\u2019Asie. Il enseigne depuis huit ans au coll\u00e8ge des affaires internationales de Sciences Po sur l\u2019analyse prospective de l\u2019Asie. Il est l\u2019auteur d\u2019un livre intitul\u00e9 \u00ab\u00a0Pand\u00e9mie, le basculement du monde\u00a0\u00bb, paru en mars 2021 aux \u00e9ditions de l\u2019Aube, et il a contribu\u00e9 au num\u00e9ro de d\u00e9cembre 2022 de la \u00ab\u00a0Revue \u00e9conomique et financi\u00e8re\u00a0\u00bb consacr\u00e9 aux cons\u00e9quences \u00e9conomiques et financi\u00e8res de la guerre en Ukraine.\t\t\t\t\t<\/p>\n","protected":false},"excerpt":{"rendered":"Economie Publi\u00e9 04 Juillet 2025Mis \u00e0 jour 04 Juillet 2025 Accord entre \u00c9tats-Unis et Vietnam. Source Copilot. Le&hellip;\n","protected":false},"author":2,"featured_media":227213,"comment_status":"","ping_status":"","sticky":false,"template":"","format":"standard","meta":{"footnotes":""},"categories":[1589],"tags":[7608,11,6060,309,27808,36548,73,1866,2070,12,1333,5544,1684,1864,1865,1863,308,951],"class_list":{"0":"post-227212","1":"post","2":"type-post","3":"status-publish","4":"format-standard","5":"has-post-thumbnail","7":"category-etats-unis","8":"tag-accord-commercial","9":"tag-actualites","10":"tag-asie","11":"tag-chine","12":"tag-coree","13":"tag-droits-reciproques","14":"tag-etats-unis","15":"tag-etats-unis-damerique","16":"tag-japon","17":"tag-news","18":"tag-philippines","19":"tag-protectionnisme","20":"tag-thailande","21":"tag-united-states","22":"tag-united-states-of-america","23":"tag-us","24":"tag-usa","25":"tag-vietnam"},"share_on_mastodon":{"url":"https:\/\/pubeurope.com\/@fr\/114798577995589084","error":""},"_links":{"self":[{"href":"https:\/\/www.europesays.com\/fr\/wp-json\/wp\/v2\/posts\/227212","targetHints":{"allow":["GET"]}}],"collection":[{"href":"https:\/\/www.europesays.com\/fr\/wp-json\/wp\/v2\/posts"}],"about":[{"href":"https:\/\/www.europesays.com\/fr\/wp-json\/wp\/v2\/types\/post"}],"author":[{"embeddable":true,"href":"https:\/\/www.europesays.com\/fr\/wp-json\/wp\/v2\/users\/2"}],"replies":[{"embeddable":true,"href":"https:\/\/www.europesays.com\/fr\/wp-json\/wp\/v2\/comments?post=227212"}],"version-history":[{"count":0,"href":"https:\/\/www.europesays.com\/fr\/wp-json\/wp\/v2\/posts\/227212\/revisions"}],"wp:featuredmedia":[{"embeddable":true,"href":"https:\/\/www.europesays.com\/fr\/wp-json\/wp\/v2\/media\/227213"}],"wp:attachment":[{"href":"https:\/\/www.europesays.com\/fr\/wp-json\/wp\/v2\/media?parent=227212"}],"wp:term":[{"taxonomy":"category","embeddable":true,"href":"https:\/\/www.europesays.com\/fr\/wp-json\/wp\/v2\/categories?post=227212"},{"taxonomy":"post_tag","embeddable":true,"href":"https:\/\/www.europesays.com\/fr\/wp-json\/wp\/v2\/tags?post=227212"}],"curies":[{"name":"wp","href":"https:\/\/api.w.org\/{rel}","templated":true}]}}