{"id":227216,"date":"2025-07-05T03:48:08","date_gmt":"2025-07-05T03:48:08","guid":{"rendered":"https:\/\/www.europesays.com\/fr\/227216\/"},"modified":"2025-07-05T03:48:08","modified_gmt":"2025-07-05T03:48:08","slug":"lallemagne-negocie-avec-les-talibans-le-retour-dans-leur-pays-de-migrants-afghans-condamnes","status":"publish","type":"post","link":"https:\/\/www.europesays.com\/fr\/227216\/","title":{"rendered":"L\u2019Allemagne n\u00e9gocie avec les talibans le retour dans leur pays de migrants afghans condamn\u00e9s"},"content":{"rendered":"<p>  Par&amp;nbsp<a href=\"https:\/\/fr.euronews.com\/profils\/2972\" target=\"_blank\" rel=\"noopener\">Gavin Blackburn<\/a>&amp;nbsp&amp;&amp;nbsp<b>Jean-Philippe LIABOT<\/b><\/p>\n<p>\n                    Publi\u00e9 le                 04\/07\/2025 &#8211; 13:45 UTC+2\u2022Mis \u00e0 jour<br \/>\n                                     16:53<\/p>\n<p><img decoding=\"async\" class=\"c-ad__placeholder__logo\" src=\"https:\/\/static.euronews.com\/website\/images\/logos\/logo-euronews-grey-6-180x22.svg\" width=\"180\" height=\"22\" alt=\"\" loading=\"lazy\"\/>PUBLICIT\u00c9<\/p>\n<p>L&rsquo;Allemagne souhaite n\u00e9gocier un accord direct avec les talibans pour reprendre l&rsquo;expulsion de ressortissants afghans, notamment ceux qui sont condamn\u00e9s, selon le ministre de l&rsquo;int\u00e9rieur <strong>Alexander Dobrindt.<\/strong><\/p>\n<p>\u00ab\u00a0Mon id\u00e9e est de conclure des accords directement avec l&rsquo;Afghanistan pour permettre les rapatriements\u00a0\u00bb, a-t-il d\u00e9clar\u00e9 lors d&rsquo;une interview accord\u00e9e jeudi \u00e0 l&rsquo;hebdomadaire d&rsquo;information Focus.<\/p>\n<p>\u00ab\u00a0Nous avons toujours besoin de tierces parties pour mener des discussions avec l&rsquo;Afghanistan. Cela ne peut pas rester une solution permanente.\u00a0\u00bb<\/p>\n<p>En ao\u00fbt, l&rsquo;Allemagne a recommenc\u00e9 \u00e0 expulser en Afghanistan des ressortissants afghans condamn\u00e9s, apr\u00e8s avoir suspendu les expulsions \u00e0 la suite du retour au pouvoir des talibans en 2021.<\/p>\n<p>Berlin a d\u00e9clar\u00e9 que ces vols avaient \u00e9t\u00e9 facilit\u00e9s par le soutien de \u00ab\u00a0partenaires r\u00e9gionaux cl\u00e9s\u00a0\u00bb. Mais aujourd&rsquo;hui, l&rsquo;Allemagne veut le faire directement en coop\u00e9ration avec le r\u00e9gime des talibans.<\/p>\n<p>Dans l&rsquo;interview de jeudi, Alexander Dobrindt a d\u00e9clar\u00e9 que Berlin \u00e9tait \u00e9galement en contact avec Damas afin de parvenir \u00e0 un accord sur l&rsquo;expulsion des migrants syriens condamn\u00e9s pour des d\u00e9lits en Allemagne.<\/p>\n<p>Dobrindt repr\u00e9sente l&rsquo;Union chr\u00e9tienne-sociale (CSU), le parti bavarois fr\u00e8re de l&rsquo;Union chr\u00e9tienne-d\u00e9mocrate (CDU) du chancelier Friedrich Merz.<\/p>\n<p>Friedrich Merz s&rsquo;est engag\u00e9 \u00e0 expulser des personnes vers la Syrie et l&rsquo;Afghanistan, ainsi qu&rsquo;\u00e0 mettre fin aux programmes d&rsquo;admission des r\u00e9fugi\u00e9s pour les anciens employ\u00e9s locaux des agences allemandes dans ces deux pays.<\/p>\n<p>Ces programmes d&rsquo;admission ont \u00e9t\u00e9 mis en place apr\u00e8s la prise de pouvoir par les Talibans, qui aurait constitu\u00e9 une menace directe pour leur vie en raison d&rsquo;\u00e9ventuelles repr\u00e9sailles.<\/p>\n<p><strong>Les Nations unies s&rsquo;opposent aux \u00ab\u00a0retours forc\u00e9s\u00a0\u00bb en Afghanistan<\/strong><\/p>\n<p>La migration a \u00e9t\u00e9 une question cl\u00e9 lorsque les Allemands se sont rendus aux urnes pour voter lors des \u00e9lections f\u00e9d\u00e9rales anticip\u00e9es de f\u00e9vrier, suite \u00e0 la mont\u00e9e de l&rsquo;extr\u00eame droite et \u00e0 plusieurs attaques tr\u00e8s m\u00e9diatis\u00e9es perp\u00e9tr\u00e9es par des migrants.<\/p>\n<p>Les Syriens et les Afghans constituent les deux groupes les plus importants de demandeurs d&rsquo;asile en Allemagne, avec 76 765 Syriens et 34 149 Afghans ayant demand\u00e9 l&rsquo;asile l&rsquo;ann\u00e9e derni\u00e8re, selon les chiffres officiels.<\/p>\n<p>Vendredi, les Nations unies ont critiqu\u00e9 les plans visant \u00e0 conclure un accord avec les talibans pour renvoyer les migrants en Afghanistan.<\/p>\n<p><strong>Ravina Shamdasani,<\/strong> porte-parole du Bureau des droits de l&rsquo;homme des Nations unies, a d\u00e9clar\u00e9 \u00e0 la presse \u00e0 Gen\u00e8ve qu&rsquo;il n&rsquo;\u00e9tait \u00ab\u00a0pas appropri\u00e9 de renvoyer des personnes en Afghanistan\u00a0\u00bb.<\/p>\n<p>\u00ab\u00a0Nous avons constat\u00e9 des violations persistantes des droits de l&rsquo;homme en Afghanistan\u00a0\u00bb, a-t-elle ajout\u00e9, soulignant les restrictions s\u00e9v\u00e8res impos\u00e9es aux droits des femmes et les ex\u00e9cutions.<\/p>\n<p>Arafat Jamal, de l&rsquo;agence des Nations unies pour les r\u00e9fugi\u00e9s (HCR) \u00e0 Kaboul, a d\u00e9clar\u00e9 que son organisation avait toujours un \u00ab\u00a0avis de non-retour\u00a0\u00bb en place pour l&rsquo;Afghanistan.<\/p>\n<p>\u00ab\u00a0En d&rsquo;autres termes, les conditions sur le terrain ne sont pas encore pr\u00eates pour les retours. \u00ab\u00a0Nous demandons instamment aux pays de ne pas retourner de force en Afghanistan.\u00a0\u00bb<\/p>\n<p>L&rsquo;Allemagne ne reconna\u00eet pas le gouvernement taliban depuis sa prise de pouvoir en 2021, apr\u00e8s le retrait des troupes de l&rsquo;OTAN du pays, et n&rsquo;entretient aucune relation diplomatique officielle avec Kaboul.<\/p>\n<p>Vendredi, la Russie est devenue le premier pays au monde \u00e0 reconna\u00eetre officiellement le gouvernement taliban et \u00e0 \u00e9tablir des liens diplomatiques complets avec Kaboul.<\/p>\n<p>Le ministre afghan des Affaires \u00e9trang\u00e8res, <strong>Amir Khan Muttaqi<\/strong>, a d\u00e9clar\u00e9 qu&rsquo;il esp\u00e9rait que cette d\u00e9cision servirait d&rsquo;exemple \u00e0 d&rsquo;autres pays, mais elle a \u00e9t\u00e9 critiqu\u00e9e par des personnalit\u00e9s de l&rsquo;opposition et des groupes de d\u00e9fense des droits de l&rsquo;homme.<\/p>\n","protected":false},"excerpt":{"rendered":"Par&amp;nbspGavin Blackburn&amp;nbsp&amp;&amp;nbspJean-Philippe LIABOT Publi\u00e9 le 04\/07\/2025 &#8211; 13:45 UTC+2\u2022Mis \u00e0 jour 16:53 PUBLICIT\u00c9 L&rsquo;Allemagne souhaite n\u00e9gocier un accord&hellip;\n","protected":false},"author":2,"featured_media":227217,"comment_status":"","ping_status":"","sticky":false,"template":"","format":"standard","meta":{"footnotes":""},"categories":[1587],"tags":[11,598,672,1804,1805,1803,6121,1777,674,1801,1251,12,1802,32,597],"class_list":{"0":"post-227216","1":"post","2":"type-post","3":"status-publish","4":"format-standard","5":"has-post-thumbnail","7":"category-allemagne","8":"tag-actualites","9":"tag-afghanistan","10":"tag-allemagne","11":"tag-bundesrepublik-deutschland","12":"tag-de","13":"tag-deutschland","14":"tag-droits-des-femmes","15":"tag-eu","16":"tag-europe","17":"tag-germany","18":"tag-migrants","19":"tag-news","20":"tag-republique-federale-dallemagne","21":"tag-syrie","22":"tag-taliban"},"share_on_mastodon":{"url":"","error":""},"_links":{"self":[{"href":"https:\/\/www.europesays.com\/fr\/wp-json\/wp\/v2\/posts\/227216","targetHints":{"allow":["GET"]}}],"collection":[{"href":"https:\/\/www.europesays.com\/fr\/wp-json\/wp\/v2\/posts"}],"about":[{"href":"https:\/\/www.europesays.com\/fr\/wp-json\/wp\/v2\/types\/post"}],"author":[{"embeddable":true,"href":"https:\/\/www.europesays.com\/fr\/wp-json\/wp\/v2\/users\/2"}],"replies":[{"embeddable":true,"href":"https:\/\/www.europesays.com\/fr\/wp-json\/wp\/v2\/comments?post=227216"}],"version-history":[{"count":0,"href":"https:\/\/www.europesays.com\/fr\/wp-json\/wp\/v2\/posts\/227216\/revisions"}],"wp:featuredmedia":[{"embeddable":true,"href":"https:\/\/www.europesays.com\/fr\/wp-json\/wp\/v2\/media\/227217"}],"wp:attachment":[{"href":"https:\/\/www.europesays.com\/fr\/wp-json\/wp\/v2\/media?parent=227216"}],"wp:term":[{"taxonomy":"category","embeddable":true,"href":"https:\/\/www.europesays.com\/fr\/wp-json\/wp\/v2\/categories?post=227216"},{"taxonomy":"post_tag","embeddable":true,"href":"https:\/\/www.europesays.com\/fr\/wp-json\/wp\/v2\/tags?post=227216"}],"curies":[{"name":"wp","href":"https:\/\/api.w.org\/{rel}","templated":true}]}}