{"id":227218,"date":"2025-07-05T03:49:13","date_gmt":"2025-07-05T03:49:13","guid":{"rendered":"https:\/\/www.europesays.com\/fr\/227218\/"},"modified":"2025-07-05T03:49:13","modified_gmt":"2025-07-05T03:49:13","slug":"chaleur-intense-leurope-face-aux-incendies-journal-de-20-heures","status":"publish","type":"post","link":"https:\/\/www.europesays.com\/fr\/227218\/","title":{"rendered":"Chaleur intense : l&rsquo;Europe face aux incendies &#8211; Journal de 20 heures"},"content":{"rendered":"<p id=\"descriptionPanel\" aria-labelledby=\"descriptionArrow\" aria-expanded=\"false\" class=\"mr-2 line-clamp-2 pr-2.5 text-secondary overflow-visible\">En Europe, la vague de chaleur de ces derniers jours a mis les services anti-incendie \u00e0 rude \u00e9preuve. Ce vendredi 4 juillet, un nouveau feu s&rsquo;est d\u00e9clar\u00e9 tout pr\u00e8s de la ville d&rsquo;Ath\u00e8nes. Les secouristes ont beaucoup de mal \u00e0 circonscrire le feu. Une s\u00e9cheresse qui mobilise les soldats du feu jusqu&rsquo;en Allemagne. Mais c&rsquo;est la Turquie qui est la plus \u00e9prouv\u00e9e par les flammes. Dans la r\u00e9gion d&rsquo;Izmir, voil\u00e0 plusieurs jours que les pompiers sont impuissants. <\/p>\n<p>TF1 | Reportage C. CASANOVA<\/p>\n<p><a class=\"shrink-0\" href=\"https:\/\/www.tf1.fr\/tf1\/jt-20h\" target=\"_blank\" rel=\"noopener\"><img decoding=\"async\" src=\"https:\/\/www.europesays.com\/fr\/wp-content\/uploads\/2025\/07\/flux-program-card-portrait-1-jt20h-btcb-f6f521-de0119-4109ab-0@1x.jpg\" width=\"138\" height=\"184\" alt=\"\" loading=\"eager\" fetchpriority=\"auto\" class=\"aspect-[3\/4] h-24 w-auto rounded-3px\" aria-hidden=\"true\"\/><\/a><\/p>\n","protected":false},"excerpt":{"rendered":"En Europe, la vague de chaleur de ces derniers jours a mis les services anti-incendie \u00e0 rude \u00e9preuve.&hellip;\n","protected":false},"author":2,"featured_media":227219,"comment_status":"","ping_status":"","sticky":false,"template":"","format":"standard","meta":{"footnotes":""},"categories":[1586],"tags":[11,1777,674,3483,3697,1011,27,3699,3698,12,25,3701,3702,3700],"class_list":{"0":"post-227218","1":"post","2":"type-post","3":"status-publish","4":"format-standard","5":"has-post-thumbnail","7":"category-europe","8":"tag-actualites","9":"tag-eu","10":"tag-europe","11":"tag-extrait","12":"tag-extrait-journal-de-20-heures","13":"tag-fr","14":"tag-france","15":"tag-journal-de-20-heures","16":"tag-journal-de-20-heures-extrait","17":"tag-news","18":"tag-republique-francaise","19":"tag-streaming-journal-de-20-heures","20":"tag-video-en-streaming-journal-de-20-heures","21":"tag-video-journal-de-20-heures"},"share_on_mastodon":{"url":"","error":""},"_links":{"self":[{"href":"https:\/\/www.europesays.com\/fr\/wp-json\/wp\/v2\/posts\/227218","targetHints":{"allow":["GET"]}}],"collection":[{"href":"https:\/\/www.europesays.com\/fr\/wp-json\/wp\/v2\/posts"}],"about":[{"href":"https:\/\/www.europesays.com\/fr\/wp-json\/wp\/v2\/types\/post"}],"author":[{"embeddable":true,"href":"https:\/\/www.europesays.com\/fr\/wp-json\/wp\/v2\/users\/2"}],"replies":[{"embeddable":true,"href":"https:\/\/www.europesays.com\/fr\/wp-json\/wp\/v2\/comments?post=227218"}],"version-history":[{"count":0,"href":"https:\/\/www.europesays.com\/fr\/wp-json\/wp\/v2\/posts\/227218\/revisions"}],"wp:featuredmedia":[{"embeddable":true,"href":"https:\/\/www.europesays.com\/fr\/wp-json\/wp\/v2\/media\/227219"}],"wp:attachment":[{"href":"https:\/\/www.europesays.com\/fr\/wp-json\/wp\/v2\/media?parent=227218"}],"wp:term":[{"taxonomy":"category","embeddable":true,"href":"https:\/\/www.europesays.com\/fr\/wp-json\/wp\/v2\/categories?post=227218"},{"taxonomy":"post_tag","embeddable":true,"href":"https:\/\/www.europesays.com\/fr\/wp-json\/wp\/v2\/tags?post=227218"}],"curies":[{"name":"wp","href":"https:\/\/api.w.org\/{rel}","templated":true}]}}