{"id":227228,"date":"2025-07-05T03:54:15","date_gmt":"2025-07-05T03:54:15","guid":{"rendered":"https:\/\/www.europesays.com\/fr\/227228\/"},"modified":"2025-07-05T03:54:15","modified_gmt":"2025-07-05T03:54:15","slug":"25-sur-cinq-ans-pour-les-employes-du-club-de-golf-murray-bay","status":"publish","type":"post","link":"https:\/\/www.europesays.com\/fr\/227228\/","title":{"rendered":"25% sur cinq ans pour les employ\u00e9s du club de golf Murray Bay"},"content":{"rendered":"<p><strong>Les choses n\u2019ont pas tra\u00een\u00e9 au Club de golf Murray Bay. Les employ\u00e9s syndiqu\u00e9s \u00e0 la CSN ont approuv\u00e9 dans une proportion de 93 % les termes de leur nouvelle convention collective. Le vote a eu lieu ce mercredi 2 juillet.<\/strong><\/p>\n<p>D\u2019une dur\u00e9e de 5 ans, elle pr\u00e9voit des hausses salariales de 25 % r\u00e9parties comme ainsi. 8 % pour la premi\u00e8re ann\u00e9e, 4 % pour les trois ann\u00e9es suivantes et 5 % pour la derni\u00e8re.<\/p>\n<p>Des gains ont aussi \u00e9t\u00e9 obtenus sur les primes qui augmentent de 100% pour les travailleurs qui assument certaines responsabilit\u00e9s.<\/p>\n<p>Un cong\u00e9 maladie additionnel s\u2019ajoute aux deux qui figuraient dans l\u2019ancien contrat de travail.<\/p>\n<p>Des am\u00e9liorations au sujet des droits syndicaux sont aussi pr\u00e9cis\u00e9es dans la nouvelle entente.<\/p>\n<p>Cette convention collective concerne une vingtaine de travailleurs. <\/p>\n<p>L\u2019ancien contrat s\u2019\u00e9tait termin\u00e9 le 31 octobre 2024. Les n\u00e9gociations s\u2019\u00e9taient amorc\u00e9es le mois dernier.<\/p>\n","protected":false},"excerpt":{"rendered":"Les choses n\u2019ont pas tra\u00een\u00e9 au Club de golf Murray Bay. Les employ\u00e9s syndiqu\u00e9s \u00e0 la CSN ont&hellip;\n","protected":false},"author":2,"featured_media":227229,"comment_status":"","ping_status":"","sticky":false,"template":"","format":"standard","meta":{"footnotes":""},"categories":[1418],"tags":[1011,27,1472,60],"class_list":{"0":"post-227228","1":"post","2":"type-post","3":"status-publish","4":"format-standard","5":"has-post-thumbnail","7":"category-golf","8":"tag-fr","9":"tag-france","10":"tag-golf","11":"tag-sports"},"share_on_mastodon":{"url":"","error":""},"_links":{"self":[{"href":"https:\/\/www.europesays.com\/fr\/wp-json\/wp\/v2\/posts\/227228","targetHints":{"allow":["GET"]}}],"collection":[{"href":"https:\/\/www.europesays.com\/fr\/wp-json\/wp\/v2\/posts"}],"about":[{"href":"https:\/\/www.europesays.com\/fr\/wp-json\/wp\/v2\/types\/post"}],"author":[{"embeddable":true,"href":"https:\/\/www.europesays.com\/fr\/wp-json\/wp\/v2\/users\/2"}],"replies":[{"embeddable":true,"href":"https:\/\/www.europesays.com\/fr\/wp-json\/wp\/v2\/comments?post=227228"}],"version-history":[{"count":0,"href":"https:\/\/www.europesays.com\/fr\/wp-json\/wp\/v2\/posts\/227228\/revisions"}],"wp:featuredmedia":[{"embeddable":true,"href":"https:\/\/www.europesays.com\/fr\/wp-json\/wp\/v2\/media\/227229"}],"wp:attachment":[{"href":"https:\/\/www.europesays.com\/fr\/wp-json\/wp\/v2\/media?parent=227228"}],"wp:term":[{"taxonomy":"category","embeddable":true,"href":"https:\/\/www.europesays.com\/fr\/wp-json\/wp\/v2\/categories?post=227228"},{"taxonomy":"post_tag","embeddable":true,"href":"https:\/\/www.europesays.com\/fr\/wp-json\/wp\/v2\/tags?post=227228"}],"curies":[{"name":"wp","href":"https:\/\/api.w.org\/{rel}","templated":true}]}}