{"id":227230,"date":"2025-07-05T03:56:10","date_gmt":"2025-07-05T03:56:10","guid":{"rendered":"https:\/\/www.europesays.com\/fr\/227230\/"},"modified":"2025-07-05T03:56:10","modified_gmt":"2025-07-05T03:56:10","slug":"il-ny-a-quasiment-pas-de-n8-en-france","status":"publish","type":"post","link":"https:\/\/www.europesays.com\/fr\/227230\/","title":{"rendered":"Il n&rsquo;y a quasiment pas de n\u00b08 en France"},"content":{"rendered":"<p>            Par<br \/>\n        <strong><br \/>\n            <a href=\"https:\/\/actu.fr\/auteur\/clement-mazella\" title=\"Consulter tous les articles de Cl\u00e9ment Mazella\" target=\"_blank\" rel=\"noopener\">Cl\u00e9ment Mazella<\/a><br \/>\n        <\/strong><\/p>\n<p>        Publi\u00e9 le<\/p>\n<p>            4 juil. 2025 \u00e0 17h30        <\/p>\n<p>Apr\u00e8s <a href=\"https:\/\/actu.fr\/sports\/rugby\/xv-de-france\/angleterre-france-les-bleubites-se-sont-rebiffes-ce-qui-nous-a-plu-et-deplu_62806833.html\" target=\"_blank\" rel=\"noopener\">le match contre Angleterre XV<\/a> remport\u00e9 \u00e0 Twickenham, <a href=\"https:\/\/actu.fr\/rugby\/xv-de-france\" target=\"_blank\" rel=\"noopener\">le XV de France<\/a> va encha\u00eener lors du premier test contre les All Blacks samedi 5 juillet \u00e0 Dunedin avec un n\u00b08 qui n\u2019a jamais \u00e9t\u00e9 titulaire \u00e0 cette place en club cette saison. Le Lyonnais <a href=\"https:\/\/actu.fr\/rugby\/joueur\/guillard_64e0d0c17b8c09c4fed0ff3d\/\" target=\"_blank\" rel=\"noopener\">Micka\u00ebl Guillard<\/a> est un n\u00b08 de formation, mais \u00e0 l\u2019heure actuelle, il s\u2019apparente davantage \u00e0 un couteau suisse, pouvant aussi bien \u00e9voluer en deuxi\u00e8me ligne (secteur prioritaire) qu\u2019en 3e ligne.<\/p>\n<p class=\" wall-content\">Cela a quand m\u00eame de quoi surprendre. Les Bleus, qui sont <a href=\"https:\/\/actu.fr\/sports\/rugby\/pro\/xv-de-france-avec-tom-spring-et-tyler-duguid-la-liste-des-bleus-pour-la-tournee-en-nouvelle-zelande_62816199.html\" target=\"_blank\" rel=\"noopener\">partis \u00e0 42 pour cette tourn\u00e9e d\u2019\u00e9t\u00e9<\/a> o\u00f9 il y aura 3 test-matchs \u00e0 disputer face aux All Blacks, sont assez d\u00e9munis au poste de 3e ligne centre. En y regardant de plus pr\u00e8s, il n\u2019y a m\u00eame aucun sp\u00e9cialiste de ce poste si strat\u00e9gique. Abadie, Fischer, Van Tonder ou Vergnes-Taillefer sont avant tout des flankers, quand des Woki et autres Tixeront repr\u00e9sentent surtout des solutions de d\u00e9pannage.<\/p>\n<p>Le constat inqui\u00e9tant de Fabien Galthi\u00e9<\/p>\n<p class=\" wall-content\">Sur le sujet, Fabien Galthi\u00e9 s\u2019est montr\u00e9 cash. Et son constat est assez alarmant : \u00ab\u00a0Je ne sais pas si vous avez vu, mais il n\u2019y a quasiment pas de n\u00b08 en France, \u00e0 part Greg Alldritt. Nous essayons de d\u00e9velopper des potentiels \u00e0 ce poste-l\u00e0\u00a0\u00bb.<\/p>\n<p class=\" wall-content\">Cette derni\u00e8re citation explique pourquoi le staff tricolore a fait glisser Guillard au centre de la 3e ligne. \u00ab\u00a0On cherche des solutions. Il y a tr\u00e8s peu de n\u00b08. Micka en est une. Il s\u2019en est bien sorti en Angleterre, on lui redonne sa chance\u00a0\u00bb.\u00a0<\/p>\n<p class=\" wall-content\">Un choix pas par d\u00e9faut, mais un brin contraint et forc\u00e9. Galthi\u00e9 de pr\u00e9ciser : \u00ab\u00a0On avait l\u2019id\u00e9e de Marko Gazzotti, mais il est forfait\u00a0\u00bb. Le Bordelais, qui a disput\u00e9 la finale du Top 14, avait subi un choc \u00e0 la t\u00eate lors de l\u2019\u00e9chauffement. Le champion du monde U20 (qui formait une 3e ligne magique en 2023 avec J\u00e9gou et Nouchi) n\u2019a pas \u00e9t\u00e9 jug\u00e9 apte pour cette tourn\u00e9e.<\/p>\n<p>Vid\u00e9os : en ce moment sur ActuConfiance en Guillard<\/p>\n<p class=\" wall-content\">En regardant bien, difficile de donner tord \u00e0 Galthi\u00e9. Derri\u00e8re Gr\u00e9gory Alldritt, quelles solutions\u00a0? Les Toulousains Alexandre Roumat et Anthony Jelonch, mais le premier \u00e9tait forfait pour la finale, quand le second, monumental au Stade de France, a \u00e9t\u00e9 laiss\u00e9 au repos (et il joue plus souvent en 3e ligne aile). Charles Ollivon est bless\u00e9. Fran\u00e7ois Cros est un n\u00b08 de formation, mais il est plus aujourd\u2019hui un flanker.<\/p>\n<p class=\" wall-content\">Apr\u00e8s ? On cherche. Il y a l\u2019option Sekou Macalou. Et puis ? Cassiem et Habel-Kuffner (Bayonne), Samu et Tatafu (Bordeaux), Gorgadze (Pau), Papali\u2019i (Castres), Sowakula (Clermont), Vunipola et Simmonds (Montpellier), Oviedo (Perpignan) ou Isa (Toulon) ne sont pas des options s\u00e9lectionnables avec le XV de France.<\/p>\n<p class=\" wall-content\">Donc, place \u00e0 Micka\u00ebl Guillard. Le Lyonnais a fait bonne impression \u00e0 Twickenham. \u00ab\u00a0Ce poste, je m\u2019y sens \u00e0 l\u2019aise. Je ne suis donc pas en totale d\u00e9couverte, pas du tout d\u00e9boussol\u00e9, c\u2019est un r\u00f4le que j\u2019aime bien\u00a0\u00bb, dit le gar\u00e7on de 25 ans. Face aux All Blacks \u00e0 Dunedin, on verra si cette solution est viable pour l\u2019avenir des Bleus\u2026<\/p>\n<p class=\" wall-content\">Suivez toute l\u2019actualit\u00e9 de vos villes et m\u00e9dias favoris en vous inscrivant \u00e0 <a href=\"https:\/\/moncompte.actu.fr\" title=\"D\u00e9couvez Mon Actu\" rel=\"nofollow noopener\" data-trk=\"{&quot;cta&quot;:{&quot;action&quot;:&quot;https:\\\/\\\/moncompte.actu.fr&quot;,&quot;category&quot;:&quot;mon compte&quot;,&quot;from&quot;:&quot;article footer&quot;,&quot;name&quot;:&quot;Mon actu&quot;,&quot;type&quot;:&quot;cta&quot;}}\" target=\"_blank\">Mon Actu<\/a>.<\/p>\n","protected":false},"excerpt":{"rendered":"Par Cl\u00e9ment Mazella Publi\u00e9 le 4 juil. 2025 \u00e0 17h30 Apr\u00e8s le match contre Angleterre XV remport\u00e9 \u00e0&hellip;\n","protected":false},"author":2,"featured_media":227231,"comment_status":"","ping_status":"","sticky":false,"template":"","format":"standard","meta":{"footnotes":""},"categories":[1416],"tags":[515,1011,27,15153,479,1468,60,513],"class_list":{"0":"post-227230","1":"post","2":"type-post","3":"status-publish","4":"format-standard","5":"has-post-thumbnail","7":"category-rugby","8":"tag-fabien-galthie","9":"tag-fr","10":"tag-france","11":"tag-gregory-alldritt","12":"tag-rugby","13":"tag-rugby-football","14":"tag-sports","15":"tag-xv-de-france"},"share_on_mastodon":{"url":"","error":""},"_links":{"self":[{"href":"https:\/\/www.europesays.com\/fr\/wp-json\/wp\/v2\/posts\/227230","targetHints":{"allow":["GET"]}}],"collection":[{"href":"https:\/\/www.europesays.com\/fr\/wp-json\/wp\/v2\/posts"}],"about":[{"href":"https:\/\/www.europesays.com\/fr\/wp-json\/wp\/v2\/types\/post"}],"author":[{"embeddable":true,"href":"https:\/\/www.europesays.com\/fr\/wp-json\/wp\/v2\/users\/2"}],"replies":[{"embeddable":true,"href":"https:\/\/www.europesays.com\/fr\/wp-json\/wp\/v2\/comments?post=227230"}],"version-history":[{"count":0,"href":"https:\/\/www.europesays.com\/fr\/wp-json\/wp\/v2\/posts\/227230\/revisions"}],"wp:featuredmedia":[{"embeddable":true,"href":"https:\/\/www.europesays.com\/fr\/wp-json\/wp\/v2\/media\/227231"}],"wp:attachment":[{"href":"https:\/\/www.europesays.com\/fr\/wp-json\/wp\/v2\/media?parent=227230"}],"wp:term":[{"taxonomy":"category","embeddable":true,"href":"https:\/\/www.europesays.com\/fr\/wp-json\/wp\/v2\/categories?post=227230"},{"taxonomy":"post_tag","embeddable":true,"href":"https:\/\/www.europesays.com\/fr\/wp-json\/wp\/v2\/tags?post=227230"}],"curies":[{"name":"wp","href":"https:\/\/api.w.org\/{rel}","templated":true}]}}