{"id":227236,"date":"2025-07-05T04:00:12","date_gmt":"2025-07-05T04:00:12","guid":{"rendered":"https:\/\/www.europesays.com\/fr\/227236\/"},"modified":"2025-07-05T04:00:12","modified_gmt":"2025-07-05T04:00:12","slug":"le-britannique-steve-nielsen-nomme-directeur-dalpine","status":"publish","type":"post","link":"https:\/\/www.europesays.com\/fr\/227236\/","title":{"rendered":"le Britannique Steve Nielsen nomm\u00e9 directeur d&rsquo;Alpine"},"content":{"rendered":"<p>L&rsquo;ing\u00e9nieur britannique Steve Nielsen a \u00e9t\u00e9 nomm\u00e9 directeur g\u00e9n\u00e9ral d&rsquo;Alpine en F1 et sera sous l&rsquo;autorit\u00e9 du conseiller ex\u00e9cutif de la marque Flavio Briatore, a annonc\u00e9 vendredi l&rsquo;\u00e9curie franco-britannique.<\/p>\n<p>Nielsen, qui prendra ses fonctions en septembre, r\u00e9cup\u00e8re en partie seulement les pr\u00e9rogatives de son pr\u00e9d\u00e9cesseur Oliver Oakes, parti \u00ab pour raisons personnelles \u00bb il y a deux mois, puisque le reste sera assur\u00e9 par Briatore qui aura le Britannique \u00ab sous sa direction \u00bb, souligne le communiqu\u00e9 d&rsquo;Alpine.<\/p>\n<p>Ce contenu est bloqu\u00e9 car vous n&rsquo;avez pas accept\u00e9 les cookies et autres traceurs.<\/p>\n<p>En cliquant sur \u00ab J\u2019accepte \u00bb, les cookies et autres traceurs seront d\u00e9pos\u00e9s et vous pourrez visualiser les contenus  (<a href=\"\" class=\"consentModule_policy\" target=\"_blank\" title=\"Consulter la politique de protection des donn\u00e9es du fournisseur\">plus d&rsquo;informations<\/a>).<\/p>\n<p>En cliquant sur \u00ab J\u2019accepte tous les cookies \u00bb, vous autorisez des d\u00e9p\u00f4ts de cookies et autres traceurs pour le stockage de vos donn\u00e9es sur nos sites et applications \u00e0 des fins de personnalisation et de ciblage publicitaire.<\/p>\n<p class=\"consentModule_secondaryText\">Vous gardez la possibilit\u00e9 de retirer votre consentement \u00e0 tout moment en consultant notre <a href=\"https:\/\/www.estrepublicain.fr\/protection-des-donnees\" target=\"_blank\" title=\"Consulter notre politique de protection des donn\u00e9es\" rel=\"nofollow noopener\">politique de protection des donn\u00e9es<\/a>. <br \/>&#13;<br \/>\n            <a href=\"https:\/\/www.estrepublicain.fr\/sport\/2025\/07\/04\/javascript:Didomi.notice.show()\" class=\"consentModule_cmp\" rel=\"nofollow noopener\" target=\"_blank\">G\u00e9rer mes choix<\/a>&#13;\n        <\/p>\n<p>&#13;<br \/>\n                        J&rsquo;accepte&#13;<br \/>\n            J&rsquo;accepte tous les cookies&#13;\n        <\/p>\n<p>  \u00a0Nielsen a de la bouteille en F1<\/p>\n<p>Ancien directeur sportif de Renault (groupe auquel appartient Alpine) couronn\u00e9 de deux titres pilotes en 2005 et 2006 avec l&rsquo;Espagnol <a href=\"https:\/\/www.estrepublicain.fr\/p\/fernando-alonso\" target=\"_blank\" rel=\"nofollow noopener\">Fernando Alonso<\/a>, Nielsen prendra ses fonctions \u00ab \u00e0 partir du 1er septembre, avant le Grand Prix d&rsquo;Italie \u00e0 Monza \u00bb, est-il pr\u00e9cis\u00e9 dans le communiqu\u00e9 publi\u00e9 en marge du GP de Grande-Bretagne.<\/p>\n<p>Le Britannique, \u00e9galement pass\u00e9 par Honda, Toro Rosso ou encore Williams, a plus r\u00e9cemment occup\u00e9 les postes de directeur sportif de la Formule 1 puis de la F\u00e9d\u00e9ration internationale de l&rsquo;automobile (FIA).<\/p>\n<p>  \u00a0Le d\u00e9partement a\u00e9rodynamique bouge aussi<\/p>\n<p>Cette nomination intervient quelques semaines apr\u00e8s la d\u00e9mission surprise d&rsquo;Oakes qui \u00e9tait \u00e0 la t\u00eate de l&rsquo;\u00e9quipe depuis l&rsquo;\u00e9t\u00e9 2024. A la suite de ce d\u00e9part, Briatore est devenu de facto le patron d&rsquo;Alpine.<\/p>\n<p>La t\u00e2che de Nielsen sera d&rsquo;abord de remettre l&rsquo;\u00e9curie sur les rails de la performance : 10e et derni\u00e8re au classement g\u00e9n\u00e9ral constructeurs apr\u00e8s 11 des 24 Grands Prix de la saison, Alpine peine \u00e0 revenir aux avant-postes depuis 2022 et sa 4e place au championnat acquise en toute fin de saison.<\/p>\n<p>Alpine a \u00e9galement annonc\u00e9 la nomination de Kris Midgley, ancien de chez Renault et Ferrari notamment, au poste de responsable du d\u00e9veloppement a\u00e9rodynamique.<\/p>\n","protected":false},"excerpt":{"rendered":"L&rsquo;ing\u00e9nieur britannique Steve Nielsen a \u00e9t\u00e9 nomm\u00e9 directeur g\u00e9n\u00e9ral d&rsquo;Alpine en F1 et sera sous l&rsquo;autorit\u00e9 du conseiller&hellip;\n","protected":false},"author":2,"featured_media":227237,"comment_status":"","ping_status":"","sticky":false,"template":"","format":"standard","meta":{"footnotes":""},"categories":[1412],"tags":[1976,1451,107,1452,1453,1454,1455,1011,27,517,1947,60],"class_list":{"0":"post-227236","1":"post","2":"type-post","3":"status-publish","4":"format-standard","5":"has-post-thumbnail","7":"category-f1","8":"tag-auto-moto","9":"tag-f1","10":"tag-fil-info","11":"tag-formula-1","12":"tag-formula1","13":"tag-formule-1","14":"tag-formule1","15":"tag-fr","16":"tag-france","17":"tag-sport","18":"tag-sport-national","19":"tag-sports"},"share_on_mastodon":{"url":"","error":""},"_links":{"self":[{"href":"https:\/\/www.europesays.com\/fr\/wp-json\/wp\/v2\/posts\/227236","targetHints":{"allow":["GET"]}}],"collection":[{"href":"https:\/\/www.europesays.com\/fr\/wp-json\/wp\/v2\/posts"}],"about":[{"href":"https:\/\/www.europesays.com\/fr\/wp-json\/wp\/v2\/types\/post"}],"author":[{"embeddable":true,"href":"https:\/\/www.europesays.com\/fr\/wp-json\/wp\/v2\/users\/2"}],"replies":[{"embeddable":true,"href":"https:\/\/www.europesays.com\/fr\/wp-json\/wp\/v2\/comments?post=227236"}],"version-history":[{"count":0,"href":"https:\/\/www.europesays.com\/fr\/wp-json\/wp\/v2\/posts\/227236\/revisions"}],"wp:featuredmedia":[{"embeddable":true,"href":"https:\/\/www.europesays.com\/fr\/wp-json\/wp\/v2\/media\/227237"}],"wp:attachment":[{"href":"https:\/\/www.europesays.com\/fr\/wp-json\/wp\/v2\/media?parent=227236"}],"wp:term":[{"taxonomy":"category","embeddable":true,"href":"https:\/\/www.europesays.com\/fr\/wp-json\/wp\/v2\/categories?post=227236"},{"taxonomy":"post_tag","embeddable":true,"href":"https:\/\/www.europesays.com\/fr\/wp-json\/wp\/v2\/tags?post=227236"}],"curies":[{"name":"wp","href":"https:\/\/api.w.org\/{rel}","templated":true}]}}