{"id":22725,"date":"2025-04-13T17:40:13","date_gmt":"2025-04-13T17:40:13","guid":{"rendered":"https:\/\/www.europesays.com\/fr\/22725\/"},"modified":"2025-04-13T17:40:13","modified_gmt":"2025-04-13T17:40:13","slug":"angels-beziers-quitte-les-playoffs-au-bout-dun-match-a-suspense","status":"publish","type":"post","link":"https:\/\/www.europesays.com\/fr\/22725\/","title":{"rendered":"Angels\u00a0: B\u00e9ziers quitte les playoffs au bout d\u2019un match \u00e0 suspense"},"content":{"rendered":"<p>\n                                                                Oppos\u00e9es \u00e0 Aix-Venelles dans le match 3 des quarts de finale, les Biterroises se sont inclin\u00e9es au tie-break (25-22, 25-21, 17-25, 27-29, 15-17) vendredi 11\u00a0avril, dans un palais des sports biterrois plein de tension.\n                            <\/p>\n<p>Le rideau est tomb\u00e9 sur la saison des B\u00e9ziers Angels au terme d\u2019un match de haut niveau vendredi 11\u00a0avril dans un palais des sports plein de tension, d\u2019enthousiasme et d\u2019\u00e9motion.<\/p>\n<p>Oppos\u00e9es \u00e0 Aix-Venelles dans le match 3 des quarts de finale, les Biterroises se sont inclin\u00e9es au tie-break (25-22, 25-21, 17-25, 27-29, 15-17), apr\u00e8s plus de deux heures d\u2019un combat intense. Une fin cruelle pour une \u00e9quipe qui a tout donn\u00e9.<\/p>\n<p>\u00ab\u00a0Je suis fier de ce qu\u2019ont fait les filles ce soir, d\u00e9clarait l\u2019entra\u00eeneur Fabien Simondet. On a perdu notre capitaine sur blessure en d\u00e9but de semaine, mais malgr\u00e9 \u00e7a, on fait jeu \u00e9gal avec une des meilleures \u00e9quipes du championnat.\u00a0\u00bb<\/p>\n<p>B\u00e9ziers avait pourtant id\u00e9alement entam\u00e9 la rencontre, menant deux sets \u00e0 z\u00e9ro. Mais Aix-Venelles a su revenir et renverser la tendance. \u00ab\u00a0On a une balle de match\u2026 Et on ne la finit pas. Le tie-break se joue sur un d\u00e9tail. C\u2019est dur, mais c\u2019est le volley\u00a0\u00bb, ajoute le coach.<\/p>\n<p>\u00ab\u00a0Maintenant, place au repos\u00a0\u00bb<\/p>\n<p>Revenu cet hiver \u00e0 la t\u00eate de l\u2019\u00e9quipe, Fabien Simondet a d\u00fb composer avec un groupe jeune et souvent diminu\u00e9. \u00ab\u00a0C\u2019\u00e9tait un challenge difficile, parce qu\u2019on a repris une \u00e9quipe en difficult\u00e9, surtout mentalement. Une jeune \u00e9quipe, avec malheureusement des s\u00e9ries de blessures. On n\u2019a jamais pu travailler \u00e0 100\u00a0%, parce qu\u2019on a toujours eu des semaines compliqu\u00e9es avec des bless\u00e9es. Sur la fin de saison, on sentait que les choses \u00e9taient un peu plus propres, plus carr\u00e9es.\u00a0\u00bb<\/p>\n<p>La page se tourne, doucement. \u00ab\u00a0Maintenant, place au repos. Et puis, on va pr\u00e9parer la saison prochaine. On a d\u00e9j\u00e0 un peu commenc\u00e9, en esp\u00e9rant reconstruire aussi comp\u00e9titive pour l\u2019ann\u00e9e prochaine.\u00a0\u00bb<\/p>\n","protected":false},"excerpt":{"rendered":"Oppos\u00e9es \u00e0 Aix-Venelles dans le match 3 des quarts de finale, les Biterroises se sont inclin\u00e9es au tie-break&hellip;\n","protected":false},"author":2,"featured_media":22726,"comment_status":"","ping_status":"","sticky":false,"template":"","format":"standard","meta":{"footnotes":""},"categories":[1417],"tags":[1011,27,60,1470,1469],"class_list":{"0":"post-22725","1":"post","2":"type-post","3":"status-publish","4":"format-standard","5":"has-post-thumbnail","7":"category-volley","8":"tag-fr","9":"tag-france","10":"tag-sports","11":"tag-volley","12":"tag-volleyball"},"share_on_mastodon":{"url":"https:\/\/pubeurope.com\/@fr\/114331885471505256","error":""},"_links":{"self":[{"href":"https:\/\/www.europesays.com\/fr\/wp-json\/wp\/v2\/posts\/22725","targetHints":{"allow":["GET"]}}],"collection":[{"href":"https:\/\/www.europesays.com\/fr\/wp-json\/wp\/v2\/posts"}],"about":[{"href":"https:\/\/www.europesays.com\/fr\/wp-json\/wp\/v2\/types\/post"}],"author":[{"embeddable":true,"href":"https:\/\/www.europesays.com\/fr\/wp-json\/wp\/v2\/users\/2"}],"replies":[{"embeddable":true,"href":"https:\/\/www.europesays.com\/fr\/wp-json\/wp\/v2\/comments?post=22725"}],"version-history":[{"count":0,"href":"https:\/\/www.europesays.com\/fr\/wp-json\/wp\/v2\/posts\/22725\/revisions"}],"wp:featuredmedia":[{"embeddable":true,"href":"https:\/\/www.europesays.com\/fr\/wp-json\/wp\/v2\/media\/22726"}],"wp:attachment":[{"href":"https:\/\/www.europesays.com\/fr\/wp-json\/wp\/v2\/media?parent=22725"}],"wp:term":[{"taxonomy":"category","embeddable":true,"href":"https:\/\/www.europesays.com\/fr\/wp-json\/wp\/v2\/categories?post=22725"},{"taxonomy":"post_tag","embeddable":true,"href":"https:\/\/www.europesays.com\/fr\/wp-json\/wp\/v2\/tags?post=22725"}],"curies":[{"name":"wp","href":"https:\/\/api.w.org\/{rel}","templated":true}]}}