{"id":227258,"date":"2025-07-05T04:13:11","date_gmt":"2025-07-05T04:13:11","guid":{"rendered":"https:\/\/www.europesays.com\/fr\/227258\/"},"modified":"2025-07-05T04:13:11","modified_gmt":"2025-07-05T04:13:11","slug":"neuf-liquidations-judiciaires-prononcees-par-le-tribunal-de-commerce-de-quimper","status":"publish","type":"post","link":"https:\/\/www.europesays.com\/fr\/227258\/","title":{"rendered":"Neuf liquidations judiciaires prononc\u00e9es par le tribunal de commerce de Quimper"},"content":{"rendered":"<p><strong>Quimper.<\/strong><a href=\"https:\/\/www.letelegramme.fr\/finistere\/quimper-29000\/tassement-de-lactivite-et-poids-des-charges-l-e-netto-de-gourvily-a-quimper-definitivement-ferme-6849171.php\" target=\"_blank\" rel=\"noopener\"> SAS Redom (magasin Netto), 176 route de Brest<\/a>\u00a0; SAS Zanone (artisanat du b\u00e2timent), avenue Saint-Denis\u00a0; Mme Pauline Goff (La cabane \u00e0 cr\u00eapes), 7 rue de la Mairie\u00a0; SAS Bazar Export (export), 25 bis all\u00e9e Paul-Neis.<\/p>\n<p><strong>Penmarc\u2019h.<\/strong> M. Philippe Lemaitre (activit\u00e9s sp\u00e9cialis\u00e9es, scientifiques et techniques diverses), 700 hent Maner ar Ster.<\/p>\n<p><strong>Concarneau.<\/strong> M. Chi Dung Nguyen, (restauration), 87 avenue de la Gare.<\/p>\n<p><strong>Rosporden.<\/strong> SAS Palmiers (H\u00f4tel, bar, brasserie, restaurant), 3 place de la Gare.<\/p>\n<p><strong>Poullan-sur-Mer.<\/strong> M. \u00c9ric Le Contel, (camion \u00e0 pizzas) Kergavas.<\/p>\n<p><strong>Clohars-Carno\u00ebt.<\/strong> SARL Le pied \u00e0 terre (restauration), 22 rue de Lannevain.<\/p>\n","protected":false},"excerpt":{"rendered":"Quimper. SAS Redom (magasin Netto), 176 route de Brest\u00a0; SAS Zanone (artisanat du b\u00e2timent), avenue Saint-Denis\u00a0; Mme Pauline&hellip;\n","protected":false},"author":2,"featured_media":227259,"comment_status":"","ping_status":"","sticky":false,"template":"","format":"standard","meta":{"footnotes":""},"categories":[6],"tags":[35,24221,3322,3320,33,34,257,1011,27,36553,22629,3323,36552,3319,11878,21358,26463],"class_list":{"0":"post-227258","1":"post","2":"type-post","3":"status-publish","4":"format-standard","5":"has-post-thumbnail","7":"category-economie","8":"tag-business","9":"tag-clohars-carnoet","10":"tag-concarneau","11":"tag-douarnenez","12":"tag-economie","13":"tag-economy","14":"tag-entreprise","15":"tag-fr","16":"tag-france","17":"tag-liquidations-judiciaires","18":"tag-penmarch","19":"tag-pont-labbe","20":"tag-poullan-sur-mer","21":"tag-quimper","22":"tag-quimperle","23":"tag-rosporden","24":"tag-tribunal-de-commerce"},"share_on_mastodon":{"url":"","error":""},"_links":{"self":[{"href":"https:\/\/www.europesays.com\/fr\/wp-json\/wp\/v2\/posts\/227258","targetHints":{"allow":["GET"]}}],"collection":[{"href":"https:\/\/www.europesays.com\/fr\/wp-json\/wp\/v2\/posts"}],"about":[{"href":"https:\/\/www.europesays.com\/fr\/wp-json\/wp\/v2\/types\/post"}],"author":[{"embeddable":true,"href":"https:\/\/www.europesays.com\/fr\/wp-json\/wp\/v2\/users\/2"}],"replies":[{"embeddable":true,"href":"https:\/\/www.europesays.com\/fr\/wp-json\/wp\/v2\/comments?post=227258"}],"version-history":[{"count":0,"href":"https:\/\/www.europesays.com\/fr\/wp-json\/wp\/v2\/posts\/227258\/revisions"}],"wp:featuredmedia":[{"embeddable":true,"href":"https:\/\/www.europesays.com\/fr\/wp-json\/wp\/v2\/media\/227259"}],"wp:attachment":[{"href":"https:\/\/www.europesays.com\/fr\/wp-json\/wp\/v2\/media?parent=227258"}],"wp:term":[{"taxonomy":"category","embeddable":true,"href":"https:\/\/www.europesays.com\/fr\/wp-json\/wp\/v2\/categories?post=227258"},{"taxonomy":"post_tag","embeddable":true,"href":"https:\/\/www.europesays.com\/fr\/wp-json\/wp\/v2\/tags?post=227258"}],"curies":[{"name":"wp","href":"https:\/\/api.w.org\/{rel}","templated":true}]}}