{"id":227260,"date":"2025-07-05T04:14:10","date_gmt":"2025-07-05T04:14:10","guid":{"rendered":"https:\/\/www.europesays.com\/fr\/227260\/"},"modified":"2025-07-05T04:14:10","modified_gmt":"2025-07-05T04:14:10","slug":"le-hamas-pret-a-engager-immediatement-des-negociations-pour-une-treve","status":"publish","type":"post","link":"https:\/\/www.europesays.com\/fr\/227260\/","title":{"rendered":"le Hamas pr\u00eat \u00e0 \u00abengager imm\u00e9diatement\u00bb des n\u00e9gociations pour une tr\u00eave"},"content":{"rendered":"<p>Le Djihad islamique, alli\u00e9 du Hamas, a soutenu le principe des n\u00e9gociations.<\/p>\n<p class=\"fig-paragraph\">Le Hamas a annonc\u00e9 vendredi soir \u00eatre pr\u00eat \u00e0 \u00abengager imm\u00e9diatement\u00bb des n\u00e9gociations sur la mise en \u0153uvre d&rsquo;une proposition d&rsquo;accord de cessez-le-feu \u00e0 Gaza o\u00f9, selon la D\u00e9fense civile, l&rsquo;offensive isra\u00e9lienne a fait 52 morts en 24 heures. L&rsquo;annonce du Hamas intervient avant un d\u00e9placement lundi\u00a0<a href=\"http:\/\/www.lefigaro.fr\/international\/donald-trump-va-recevoir-benyamin-netanyahou-a-la-maison-blanche-le-7-juillet-20250630\" target=\"_blank\" data-fig-type=\"NewsFlash\" rel=\"noopener\" data-gtm-custom-categorie=\"navigation\" data-gtm-custom-action=\"crossclick\" data-gtm-custom-label=\"Contextuel\" data-gtm-event=\"customEventSPE\" data-fig-domain=\"LEFIGARO\">\u00e0 Washington du premier ministre isra\u00e9lien Benyamin Netanyahou<\/a>\u00a0pour rencontrer le pr\u00e9sident Donald Trump, lequel fait pression pour un cessez-le-feu \u00e0 Gaza, d\u00e9vast\u00e9e par pr\u00e8s de 21 mois de guerre.<\/p>\n<p class=\"fig-paragraph\">\u00c0 l\u2019issue de \u00abconsultations internes et avec (d&rsquo;autres forces) palestiniennes\u00bb, le mouvement islamiste palestinien a indiqu\u00e9 dans un communiqu\u00e9 \u00eatre \u00abpr\u00eat \u00e0 engager imm\u00e9diatement et s\u00e9rieusement un cycle de n\u00e9gociations sur le m\u00e9canisme de mise en \u0153uvre\u00bb d&rsquo;une proposition de tr\u00eave parrain\u00e9e par Washington et qui lui a \u00e9t\u00e9 transmise par la m\u00e9diation du Qatar et de l&rsquo;\u00c9gypte. Selon une source palestinienne proche des discussions, la proposition \u00abcomprend une tr\u00eave de 60 jours\u00bb pendant laquelle le Hamas rel\u00e2cherait la moiti\u00e9 des otages isra\u00e9liens encore en vie en \u00e9change de la lib\u00e9ration de prisonniers palestiniens d\u00e9tenus par Isra\u00ebl.<\/p>\n<p>                                    <a class=\"fig-a11y-skip a11y-hidden\" href=\"#fig-a11y-skip-main-inarticle\"><br \/>\n        Passer la publicit\u00e9<br \/>\n    <\/a><\/p>\n<p class=\"fig-paragraph\">Le Djihad islamique, principal mouvement palestinien alli\u00e9 du Hamas, a soutenu le principe des n\u00e9gociations. Dans un communiqu\u00e9, il a dit vouloir \u00aballer vers un accord\u00bb tout en demandant des \u00abgaranties suppl\u00e9mentaires\u00bb permettant d&rsquo;assurer qu&rsquo;Isra\u00ebl \u00abne reprendra pas son agression\u00bb une fois les otages lib\u00e9r\u00e9s. L&rsquo;arm\u00e9e isra\u00e9lienne a poursuivi vendredi son offensive dans la bande de Gaza assi\u00e9g\u00e9e et affam\u00e9e, la D\u00e9fense civile faisant \u00e9tat de 52 Palestiniens tu\u00e9s dans les raids a\u00e9riens, bombardements et tirs, dont 11 pr\u00e8s de sites d&rsquo;aide humanitaire.<\/p>\n<p>Cessez-le-feu \u00abpermanent\u00bb<\/p>\n<p class=\"fig-paragraph\">Cette semaine, le premier ministre isra\u00e9lien\u00a0<a href=\"http:\/\/www.lefigaro.fr\/international\/gaza-benyamin-netanyahou-jure-d-eliminer-le-hamas-jusqu-a-la-racine-20250702\" target=\"_blank\" data-fig-type=\"NewsFlash\" rel=\"noopener\" data-gtm-custom-categorie=\"navigation\" data-gtm-custom-action=\"crossclick\" data-gtm-custom-label=\"Contextuel\" data-gtm-event=\"customEventSPE\" data-fig-domain=\"LEFIGARO\">Benyamin Netanyahou a affirm\u00e9 vouloir \u00e9liminer \u00abjusqu\u2019\u00e0 la racine\u00bb<\/a> \u00a0le Hamas tout en indiquant que la priorit\u00e9 premi\u00e8re \u00e9tait de ramener \u00abtous\u00bb les otages encore d\u00e9tenus, \u00e0 Gaza, \u00absans exception\u00bb. La guerre a \u00e9t\u00e9 d\u00e9clench\u00e9e par l\u2019attaque sans pr\u00e9c\u00e9dent du Hamas sur Isra\u00ebl le 7 octobre 2023. Sur les 251 personnes enlev\u00e9es ce jour-l\u00e0, 49 sont toujours retenues \u00e0 Gaza, dont 27 ont \u00e9t\u00e9 d\u00e9clar\u00e9es mortes par l\u2019arm\u00e9e isra\u00e9lienne.<\/p>\n<p class=\"fig-paragraph\">Donald Trump a assur\u00e9 mardi qu&rsquo;Isra\u00ebl avait accept\u00e9 de finaliser les termes d&rsquo;un cessez-le-feu et exhort\u00e9 le Hamas \u00e0 l&rsquo;accepter, \u00e9voquant un accord proche. Le Hamas, qui a pris le pouvoir \u00e0 Gaza en 2007, r\u00e9clame publiquement un cessez-le-feu \u00abpermanent\u00bb et un retrait isra\u00e9lien de Gaza.<\/p>\n<p class=\"fig-paragraph\">Une premi\u00e8re tr\u00eave d&rsquo;une semaine en novembre 2023 puis une seconde de deux mois d\u00e9but 2025 \u00e0 Gaza, ont permis le retour de nombreux otages isra\u00e9liens en \u00e9change de la lib\u00e9ration Palestiniens d\u00e9tenus par Isra\u00ebl. En mars, faute d&rsquo;accord sur la suite du cessez-le-feu, Isra\u00ebl a coup\u00e9 l&rsquo;arriv\u00e9e de l&rsquo;aide humanitaire \u00e0 Gaza (ne desserrant que partiellement son blocus en mai) avant de reprendre son offensive sur le petit territoire c\u00f4tier, o\u00f9 quelque 2,4 millions de Palestiniens vivent dans conditions terribles selon l&rsquo;ONU et des ONG.<\/p>\n","protected":false},"excerpt":{"rendered":"Le Djihad islamique, alli\u00e9 du Hamas, a soutenu le principe des n\u00e9gociations. Le Hamas a annonc\u00e9 vendredi soir&hellip;\n","protected":false},"author":2,"featured_media":227261,"comment_status":"","ping_status":"","sticky":false,"template":"","format":"standard","meta":{"footnotes":""},"categories":[5],"tags":[11,1011,27,665,3519,14,12,28],"class_list":{"0":"post-227260","1":"post","2":"type-post","3":"status-publish","4":"format-standard","5":"has-post-thumbnail","7":"category-international","8":"tag-actualites","9":"tag-fr","10":"tag-france","11":"tag-gaza","12":"tag-hamas","13":"tag-international","14":"tag-news","15":"tag-world"},"share_on_mastodon":{"url":"","error":""},"_links":{"self":[{"href":"https:\/\/www.europesays.com\/fr\/wp-json\/wp\/v2\/posts\/227260","targetHints":{"allow":["GET"]}}],"collection":[{"href":"https:\/\/www.europesays.com\/fr\/wp-json\/wp\/v2\/posts"}],"about":[{"href":"https:\/\/www.europesays.com\/fr\/wp-json\/wp\/v2\/types\/post"}],"author":[{"embeddable":true,"href":"https:\/\/www.europesays.com\/fr\/wp-json\/wp\/v2\/users\/2"}],"replies":[{"embeddable":true,"href":"https:\/\/www.europesays.com\/fr\/wp-json\/wp\/v2\/comments?post=227260"}],"version-history":[{"count":0,"href":"https:\/\/www.europesays.com\/fr\/wp-json\/wp\/v2\/posts\/227260\/revisions"}],"wp:featuredmedia":[{"embeddable":true,"href":"https:\/\/www.europesays.com\/fr\/wp-json\/wp\/v2\/media\/227261"}],"wp:attachment":[{"href":"https:\/\/www.europesays.com\/fr\/wp-json\/wp\/v2\/media?parent=227260"}],"wp:term":[{"taxonomy":"category","embeddable":true,"href":"https:\/\/www.europesays.com\/fr\/wp-json\/wp\/v2\/categories?post=227260"},{"taxonomy":"post_tag","embeddable":true,"href":"https:\/\/www.europesays.com\/fr\/wp-json\/wp\/v2\/tags?post=227260"}],"curies":[{"name":"wp","href":"https:\/\/api.w.org\/{rel}","templated":true}]}}