{"id":227268,"date":"2025-07-05T04:18:09","date_gmt":"2025-07-05T04:18:09","guid":{"rendered":"https:\/\/www.europesays.com\/fr\/227268\/"},"modified":"2025-07-05T04:18:09","modified_gmt":"2025-07-05T04:18:09","slug":"souvent-ferme-ce-plan-deau-ouvert-a-la-baignade","status":"publish","type":"post","link":"https:\/\/www.europesays.com\/fr\/227268\/","title":{"rendered":"souvent ferm\u00e9, ce plan d&rsquo;eau ouvert \u00e0 la baignade"},"content":{"rendered":"<p>            Par<br \/>\n        <strong><br \/>\n            <a href=\"https:\/\/actu.fr\/auteur\/mathias-souteyrat\" title=\"Consulter tous les articles de Mathias Souteyrat\" target=\"_blank\" rel=\"noopener\">Mathias Souteyrat<\/a><br \/>\n        <\/strong><\/p>\n<p>        Publi\u00e9 le<\/p>\n<p>            5 juil. 2025 \u00e0 6h16        <\/p>\n<p>Ce samedi 5\u00a0juillet, la base nautique de Saint-Victor-sur-Loire ouvre \u00e0 <a href=\"https:\/\/actu.fr\/saint-etienne\/\" target=\"_blank\" rel=\"noopener\">Saint-Etienne<\/a>. Pour l\u2019instant, la baignade y est autoris\u00e9e.<\/p>\n<p class=\" wall-content\">\u00ab\u2009Les derni\u00e8res <strong>analyses de l\u2019eau<\/strong> r\u00e9alis\u00e9es par l\u2019ARS (Agence r\u00e9gionale de sant\u00e9) indiquent une bonne qualit\u00e9 de l\u2019eau pour la baignade, valables jusqu\u2019au 11\u00a0juillet\u2009\u00bb, informe la mairie.<\/p>\n<p>La baignade autoris\u00e9e dans la zone d\u00e9limit\u00e9e<\/p>\n<p class=\" wall-content\">La baignade sera autoris\u00e9e et surveill\u00e9e, dans la zone d\u00e9limit\u00e9e par la ligne d\u2019eau, durant toutes les vacances scolaires, <strong>7\u00a0jours sur 7 de 12h \u00e0 18h.<\/strong><\/p>\n<p class=\" wall-content\">La surveillance sera assur\u00e9e par <strong>trois ma\u00eetres-nageurs<\/strong> pour toute la p\u00e9riode estivale.<\/p>\n<p>Une navette Stas, une piste cyclable et un nouveau parking<\/p>\n<p class=\" wall-content\">Pour se rendre sur la plage de Saint-Victor-sur-Loire, il est d\u00e9j\u00e0 possible d\u2019utiliser la navette Stas qui vous emm\u00e8ne en 30\u00a0minutes, du centre-ville de Saint-Etienne (arr\u00eat place Jean-Jaur\u00e8s \u00e0 c\u00f4t\u00e9 du buste de Jean-Jaur\u00e8s) \u00e0 la base nautique.<\/p>\n<p>Vid\u00e9os : en ce moment sur Actu<\/p>\n<blockquote class=\"ac-article-quote wall-content\">\n<p>Nouveaut\u00e9 cette ann\u00e9e, il existe d\u00e9sormais une piste cyclable, repr\u00e9sentant un tron\u00e7on de 2,8 km, entre le carrefour du Vallon et l\u2019entr\u00e9e du village, offrant aux cyclistes une voie d\u2019acc\u00e8s s\u00e9curis\u00e9e dans les deux sens de circulation.<\/p>\n<p>    <strong>Ville de Saint-Etienne<\/strong>\n            <\/p><\/blockquote>\n<p class=\" wall-content\">Enfin, pour les automobilistes, <strong>un nouveau parking dot\u00e9 de 42 places<\/strong> a \u00e9t\u00e9 cr\u00e9\u00e9 \u00e0 Grande Fontaine. Une fois gar\u00e9, il est possible de rejoindre le village \u00e0 pied en empruntant le nouveau trottoir, compl\u00e9tant l\u2019am\u00e9nagement.<\/p>\n<p class=\" wall-content\">Suivez toute l\u2019actualit\u00e9 de vos villes et m\u00e9dias favoris en vous inscrivant \u00e0 <a href=\"https:\/\/moncompte.actu.fr\" title=\"D\u00e9couvez Mon Actu\" rel=\"nofollow noopener\" data-trk=\"{&quot;cta&quot;:{&quot;action&quot;:&quot;https:\\\/\\\/moncompte.actu.fr&quot;,&quot;category&quot;:&quot;mon compte&quot;,&quot;from&quot;:&quot;article footer&quot;,&quot;name&quot;:&quot;Mon actu&quot;,&quot;type&quot;:&quot;cta&quot;}}\" target=\"_blank\">Mon Actu<\/a>.<\/p>\n<ul class=\"ac-article-tag wall-content\">\n<li><a href=\"https:\/\/actu.fr\/tag\/societe-de-transport-de-lagglomeration-stephanoise-stas\" data-trk=\"{&quot;cta&quot;:{&quot;action&quot;:&quot;Soci\\u00e9t\\u00e9 de transport de l&#039;agglom\\u00e9ration st\\u00e9phanoise (STAS)&quot;,&quot;category&quot;:&quot;tag&quot;,&quot;from&quot;:&quot;article footer&quot;,&quot;name&quot;:&quot;Soci\\u00e9t\\u00e9 de transport de l&#039;agglom\\u00e9ration st\\u00e9phanoise (STAS)&quot;,&quot;type&quot;:&quot;cta&quot;}}\" target=\"_blank\" rel=\"noopener\">#Soci\u00e9t\u00e9 de transport de l&rsquo;agglom\u00e9ration st\u00e9phanoise (STAS)<\/a><\/li>\n<li><a href=\"https:\/\/actu.fr\/tag\/vacances-scolaires\" data-trk=\"{&quot;cta&quot;:{&quot;action&quot;:&quot;Vacances scolaires&quot;,&quot;category&quot;:&quot;tag&quot;,&quot;from&quot;:&quot;article footer&quot;,&quot;name&quot;:&quot;Vacances scolaires&quot;,&quot;type&quot;:&quot;cta&quot;}}\" target=\"_blank\" rel=\"noopener\">#Vacances scolaires<\/a><\/li>\n<\/ul>\n","protected":false},"excerpt":{"rendered":"Par Mathias Souteyrat Publi\u00e9 le 5 juil. 2025 \u00e0 6h16 Ce samedi 5\u00a0juillet, la base nautique de Saint-Victor-sur-Loire&hellip;\n","protected":false},"author":2,"featured_media":227269,"comment_status":"","ping_status":"","sticky":false,"template":"","format":"standard","meta":{"footnotes":""},"categories":[9653],"tags":[1111,11,2430,1777,674,1011,27,1652,12,25,4001,25515,3176],"class_list":{"0":"post-227268","1":"post","2":"type-post","3":"status-publish","4":"format-standard","5":"has-post-thumbnail","7":"category-saint-etienne","8":"tag-actu","9":"tag-actualites","10":"tag-auvergne-rhone-alpes","11":"tag-eu","12":"tag-europe","13":"tag-fr","14":"tag-france","15":"tag-loisirs-culture","16":"tag-news","17":"tag-republique-francaise","18":"tag-saint-etienne","19":"tag-societe-de-transport-de-lagglomeration-stephanoise-stas","20":"tag-vacances-scolaires"},"share_on_mastodon":{"url":"https:\/\/pubeurope.com\/@fr\/114798703729217905","error":""},"_links":{"self":[{"href":"https:\/\/www.europesays.com\/fr\/wp-json\/wp\/v2\/posts\/227268","targetHints":{"allow":["GET"]}}],"collection":[{"href":"https:\/\/www.europesays.com\/fr\/wp-json\/wp\/v2\/posts"}],"about":[{"href":"https:\/\/www.europesays.com\/fr\/wp-json\/wp\/v2\/types\/post"}],"author":[{"embeddable":true,"href":"https:\/\/www.europesays.com\/fr\/wp-json\/wp\/v2\/users\/2"}],"replies":[{"embeddable":true,"href":"https:\/\/www.europesays.com\/fr\/wp-json\/wp\/v2\/comments?post=227268"}],"version-history":[{"count":0,"href":"https:\/\/www.europesays.com\/fr\/wp-json\/wp\/v2\/posts\/227268\/revisions"}],"wp:featuredmedia":[{"embeddable":true,"href":"https:\/\/www.europesays.com\/fr\/wp-json\/wp\/v2\/media\/227269"}],"wp:attachment":[{"href":"https:\/\/www.europesays.com\/fr\/wp-json\/wp\/v2\/media?parent=227268"}],"wp:term":[{"taxonomy":"category","embeddable":true,"href":"https:\/\/www.europesays.com\/fr\/wp-json\/wp\/v2\/categories?post=227268"},{"taxonomy":"post_tag","embeddable":true,"href":"https:\/\/www.europesays.com\/fr\/wp-json\/wp\/v2\/tags?post=227268"}],"curies":[{"name":"wp","href":"https:\/\/api.w.org\/{rel}","templated":true}]}}