{"id":227270,"date":"2025-07-05T04:19:20","date_gmt":"2025-07-05T04:19:20","guid":{"rendered":"https:\/\/www.europesays.com\/fr\/227270\/"},"modified":"2025-07-05T04:19:20","modified_gmt":"2025-07-05T04:19:20","slug":"ouvert-24h-24-un-nouveau-parc-de-3-km-de-long-va-voir-le-jour-entre-nancy-et-maxeville","status":"publish","type":"post","link":"https:\/\/www.europesays.com\/fr\/227270\/","title":{"rendered":"Ouvert 24h\/24, un nouveau parc de 3 km de long va voir le jour entre Nancy et Max\u00e9ville"},"content":{"rendered":"<p>            Par<br \/>\n        <strong><br \/>\n            <a href=\"https:\/\/actu.fr\/auteur\/pierre-emile-bouchy-actu-fr\" title=\"Consulter tous les articles de Paul-Emile Bouchy\" rel=\"nofollow noopener\" target=\"_blank\">Paul-Emile Bouchy<\/a><br \/>\n        <\/strong><\/p>\n<p>        Publi\u00e9 le<\/p>\n<p>            4 juil. 2025 \u00e0 15h39        <\/p>\n<p>\u00c0 <a href=\"https:\/\/actu.fr\/grand-est\/nancy_54395\" rel=\"nofollow noopener\" target=\"_blank\">Nancy<\/a> (Meurthe-et-Moselle), le <a href=\"https:\/\/actu.fr\/grand-est\/nancy_54395\" rel=\"nofollow noopener\" target=\"_blank\">quartier Rives de Meurthe nord<\/a> va conna\u00eetre une vaste transformation avec des projets d\u2019ampleur comme la <a href=\"https:\/\/actu.fr\/grand-est\/nancy_54395\/nouvelle-cite-judiciaire-de-nancy-l-urgence-est-reelle-la-metropole-fait-le-point-sur-ce-dossier_62514900.html\" rel=\"nofollow noopener\" target=\"_blank\">nouvelle cit\u00e9 judiciaire<\/a> ou encore la construction d\u2019<a href=\"https:\/\/actu.fr\/grand-est\/nancy_54395\/nancy-tout-en-bois-cette-passerelle-geante-va-etre-construite-pres-du-parc-de-la-pepiniere_62860743.html\" rel=\"nofollow noopener\" target=\"_blank\">une passerelle g\u00e9ante tout en bois<\/a>.<\/p>\n<p class=\" wall-content\">Cadre du <a href=\"https:\/\/actu.fr\/grand-est\/nancy_54395\/on-connait-le-futur-trace-de-l-urbanloop-a-nancy-passera-t-il-par-chez-vous_60203021.html\" rel=\"nofollow noopener\" target=\"_blank\">futur trac\u00e9 d\u2019Urbanloop<\/a> <strong>entre Nancy et Max\u00e9ville<\/strong>, il abritera \u00e9galement <strong>un vaste parc d\u2019une longueur de trois kilom\u00e8tres<\/strong>. On vous le pr\u00e9sente.<\/p>\n<p>Un parc ouvert de trois kilom\u00e8tres de long<\/p>\n<p class=\" wall-content\">C\u2019est un parc pour le moins atypique qui va voir le jour. Comme le trac\u00e9 d\u2019Urbanloop, il prendra place<strong> sur le site de l\u2019ancienne voie ferr\u00e9e<\/strong> qui relie Max\u00e9ville \u00e0 l\u2019arr\u00eat Saint-Georges de la ligne 1 du <a href=\"https:\/\/actu.fr\/tag\/trolleybus\" rel=\"nofollow noopener\" target=\"_blank\">trolleybus<\/a>.<\/p>\n<p class=\" wall-content\">Ainsi, ce parc s\u2019\u00e9tendra sur trois kilom\u00e8tres de long. Sa largeur variera entre 10 et 25 m\u00e8tres pour former <strong>une longue coul\u00e9e verte \u00e0 travers le quartier<\/strong>. Au global, <strong>il couvrira une surface de 10 hectares<\/strong>.<\/p>\n<p>Un espace vert ouvert 24h\/24 aux habitants<\/p>\n<p class=\" wall-content\">Si les voies d\u2019Urbanloop, mesurant trois m\u00e8tres de large, longeront ce parc, le reste des espaces sera d\u00e9di\u00e9 <strong>aux pi\u00e9tons et aux cyclistes<\/strong>. Dans le cadre de ce projet de \u00ab\u00a0renaturation\u00a0\u00bb, plusieurs <strong>aires de jeux<\/strong> y seront am\u00e9nag\u00e9es, ainsi qu\u2019un <strong>city stade<\/strong>.<\/p>\n<p class=\" wall-content\">Autre particularit\u00e9 : ce parc ne sera pas ferm\u00e9 par des grilles. Il sera donc <strong>accessible 24h\/24 aux habitants<\/strong>. Une bonne nouvelle en cas de <a href=\"https:\/\/actu.fr\/tag\/canicule\" rel=\"nofollow noopener\" target=\"_blank\">canicule<\/a>.<\/p>\n<p class=\" wall-content\">Sa cr\u00e9ation, estim\u00e9e \u00e0 13 millions d\u2019euros, va se faire par tron\u00e7on et va s\u2019\u00e9taler sur les dix prochaines ann\u00e9es.<\/p>\n<p class=\" wall-content\">Suivez toute l\u2019actualit\u00e9 de vos villes et m\u00e9dias favoris en vous inscrivant \u00e0 <a href=\"https:\/\/moncompte.actu.fr\" title=\"D\u00e9couvez Mon Actu\" rel=\"nofollow noopener\" data-trk=\"{&quot;cta&quot;:{&quot;action&quot;:&quot;https:\\\/\\\/moncompte.actu.fr&quot;,&quot;category&quot;:&quot;mon compte&quot;,&quot;from&quot;:&quot;article footer&quot;,&quot;name&quot;:&quot;Mon actu&quot;,&quot;type&quot;:&quot;cta&quot;}}\" target=\"_blank\">Mon Actu<\/a>.<\/p>\n","protected":false},"excerpt":{"rendered":"Par Paul-Emile Bouchy Publi\u00e9 le 4 juil. 2025 \u00e0 15h39 \u00c0 Nancy (Meurthe-et-Moselle), le quartier Rives de Meurthe&hellip;\n","protected":false},"author":2,"featured_media":227271,"comment_status":"","ping_status":"","sticky":false,"template":"","format":"standard","meta":{"footnotes":""},"categories":[9635],"tags":[1111,11,1777,674,1011,27,775,1702,12,25,104,1352],"class_list":{"0":"post-227270","1":"post","2":"type-post","3":"status-publish","4":"format-standard","5":"has-post-thumbnail","7":"category-nancy","8":"tag-actu","9":"tag-actualites","10":"tag-eu","11":"tag-europe","12":"tag-fr","13":"tag-france","14":"tag-grand-est","15":"tag-nancy","16":"tag-news","17":"tag-republique-francaise","18":"tag-societe","19":"tag-urbanisme"},"share_on_mastodon":{"url":"https:\/\/pubeurope.com\/@fr\/114798707625571130","error":""},"_links":{"self":[{"href":"https:\/\/www.europesays.com\/fr\/wp-json\/wp\/v2\/posts\/227270","targetHints":{"allow":["GET"]}}],"collection":[{"href":"https:\/\/www.europesays.com\/fr\/wp-json\/wp\/v2\/posts"}],"about":[{"href":"https:\/\/www.europesays.com\/fr\/wp-json\/wp\/v2\/types\/post"}],"author":[{"embeddable":true,"href":"https:\/\/www.europesays.com\/fr\/wp-json\/wp\/v2\/users\/2"}],"replies":[{"embeddable":true,"href":"https:\/\/www.europesays.com\/fr\/wp-json\/wp\/v2\/comments?post=227270"}],"version-history":[{"count":0,"href":"https:\/\/www.europesays.com\/fr\/wp-json\/wp\/v2\/posts\/227270\/revisions"}],"wp:featuredmedia":[{"embeddable":true,"href":"https:\/\/www.europesays.com\/fr\/wp-json\/wp\/v2\/media\/227271"}],"wp:attachment":[{"href":"https:\/\/www.europesays.com\/fr\/wp-json\/wp\/v2\/media?parent=227270"}],"wp:term":[{"taxonomy":"category","embeddable":true,"href":"https:\/\/www.europesays.com\/fr\/wp-json\/wp\/v2\/categories?post=227270"},{"taxonomy":"post_tag","embeddable":true,"href":"https:\/\/www.europesays.com\/fr\/wp-json\/wp\/v2\/tags?post=227270"}],"curies":[{"name":"wp","href":"https:\/\/api.w.org\/{rel}","templated":true}]}}