{"id":227272,"date":"2025-07-05T04:20:34","date_gmt":"2025-07-05T04:20:34","guid":{"rendered":"https:\/\/www.europesays.com\/fr\/227272\/"},"modified":"2025-07-05T04:20:34","modified_gmt":"2025-07-05T04:20:34","slug":"les-resultats-du-bac-2025-dans-lacademie-nancy-metz-sont-disponibles","status":"publish","type":"post","link":"https:\/\/www.europesays.com\/fr\/227272\/","title":{"rendered":"Les r\u00e9sultats du bac 2025 dans l&rsquo;acad\u00e9mie Nancy-Metz sont disponibles"},"content":{"rendered":"<p>Les<strong> r\u00e9sultats du bac 2025 dans l\u2019acad\u00e9mie Nancy-Metz <\/strong>ont \u00e9t\u00e9 d\u00e9voil\u00e9s ce vendredi 4 juillet. Sur les 22 534 candidats ayant pass\u00e9 les \u00e9preuves en juin, <strong>19 638 ont d\u00e9croch\u00e9 leur dipl\u00f4me<\/strong>. Tous bacs confondus, le t<strong>aux de r\u00e9ussite s\u2019\u00e9l\u00e8ve \u00e0 87,1 %,<\/strong> un <a href=\"https:\/\/tout-metz.com\/baccalaureat-2024-academie-nancy-metz-mieux-que-moyenne-2024-512978.php\" target=\"_blank\" rel=\"noreferrer noopener\">chiffre identique \u00e0 celui de 2024<\/a>.<\/p>\n<p>Baccalaur\u00e9at g\u00e9n\u00e9ral <\/p>\n<p>Parmi les 11 182 candidats pr\u00e9sents au <strong>baccalaur\u00e9at g\u00e9n\u00e9ral<\/strong>, 10 299 sont admis d\u00e9finitivement, soit un<strong> pourcentage de r\u00e9ussite de 92,1 %<\/strong>, en baisse de 0,4 % par rapport \u00e0 2024. 74,1 % d\u2019entre eux ont obtenu une mention. <\/p>\n<p>Voici le taux par d\u00e9partement : <\/p>\n<ul class=\"wp-block-list\">\n<li>Meurthe-et-Moselle : 92,2 %<\/li>\n<li>Meuse : 94 %<\/li>\n<li>Moselle : 91,7 %<\/li>\n<li>Vosges : 92,3 %<\/li>\n<\/ul>\n<p>Baccalaur\u00e9at professionnel <\/p>\n<p>Le<strong> taux de r\u00e9ussite du bac pro chute de 0,9 % <\/strong>par rapport \u00e0 la session de juin 2024 pour se situer \u00e0<strong> 80,7 %<\/strong>. Plus pr\u00e9cis\u00e9ment, le taux d\u2019admission dans le domaine production est de 77,5 % et de 82,9 % dans le domaine des services. <\/p>\n<p>68,9% des candidats admis obtiennent leur baccalaur\u00e9at professionnel avec une mention. <\/p>\n<p>Retrouvez ici le taux de r\u00e9ussite par d\u00e9partement : <\/p>\n<ul class=\"wp-block-list\">\n<li>Meurthe-et-Moselle : 80,7 %<\/li>\n<li>Meuse : 82,2 %<\/li>\n<li>Moselle : 80,5 %<\/li>\n<li>Vosges : 80,3 %<\/li>\n<\/ul>\n<p>Baccalaur\u00e9at technologique <\/p>\n<p>Le <strong>baccalaur\u00e9at technologique <\/strong>est le seul qui conna\u00eet une hausse du taux de r\u00e9ussite par rapport \u00e0 l\u2019an pass\u00e9. <strong>84,7 % des 4 474 candidats ont r\u00e9ussi l\u2019\u00e9preuve <\/strong>avant rattrapage, soit une hausse de 2,9 % par rapport \u00e0 la derni\u00e8re session. Les s\u00e9ries STD2A et S2TMD affichent un taux de 100 % de r\u00e9ussite, tandis que les s\u00e9ries STHR (95,6 %), STL (91,7 %), et STMG (82,3 %).<\/p>\n<p>Le taux de r\u00e9ussite par d\u00e9partement est le suivant : <\/p>\n<ul class=\"wp-block-list\">\n<li>Meurthe-et-Moselle : 85,9 %<\/li>\n<li>Meuse : 85,5 %<\/li>\n<li>Moselle : 83,6 %<\/li>\n<li>Vosges : 85,4 %<\/li>\n<\/ul>\n<p>Les<strong> r\u00e9sultats complets du baccalaur\u00e9at pour l\u2019acad\u00e9mie Nancy-Metz<\/strong> sont \u00e0 retrouver sur le <a href=\"https:\/\/resultats.examens-concours.gouv.fr\/BGT\/A12\/admis?contexte=QkdULEExMiwyMDI1OkE6QkdULTIuMywxLCwsLA%3D%3D\" target=\"_blank\" rel=\"noreferrer noopener\">site officiel du gouvernement en cliquant ici<\/a>. <\/p>\n","protected":false},"excerpt":{"rendered":"Les r\u00e9sultats du bac 2025 dans l\u2019acad\u00e9mie Nancy-Metz ont \u00e9t\u00e9 d\u00e9voil\u00e9s ce vendredi 4 juillet. Sur les 22&hellip;\n","protected":false},"author":2,"featured_media":227273,"comment_status":"","ping_status":"","sticky":false,"template":"","format":"standard","meta":{"footnotes":""},"categories":[9635],"tags":[1111,11,3867,4019,1057,1777,674,1011,27,775,1702,12,25],"class_list":{"0":"post-227272","1":"post","2":"type-post","3":"status-publish","4":"format-standard","5":"has-post-thumbnail","7":"category-nancy","8":"tag-actu","9":"tag-actualites","10":"tag-baccalaureat","11":"tag-ecoles","12":"tag-education","13":"tag-eu","14":"tag-europe","15":"tag-fr","16":"tag-france","17":"tag-grand-est","18":"tag-nancy","19":"tag-news","20":"tag-republique-francaise"},"share_on_mastodon":{"url":"https:\/\/pubeurope.com\/@fr\/114798711599629744","error":""},"_links":{"self":[{"href":"https:\/\/www.europesays.com\/fr\/wp-json\/wp\/v2\/posts\/227272","targetHints":{"allow":["GET"]}}],"collection":[{"href":"https:\/\/www.europesays.com\/fr\/wp-json\/wp\/v2\/posts"}],"about":[{"href":"https:\/\/www.europesays.com\/fr\/wp-json\/wp\/v2\/types\/post"}],"author":[{"embeddable":true,"href":"https:\/\/www.europesays.com\/fr\/wp-json\/wp\/v2\/users\/2"}],"replies":[{"embeddable":true,"href":"https:\/\/www.europesays.com\/fr\/wp-json\/wp\/v2\/comments?post=227272"}],"version-history":[{"count":0,"href":"https:\/\/www.europesays.com\/fr\/wp-json\/wp\/v2\/posts\/227272\/revisions"}],"wp:featuredmedia":[{"embeddable":true,"href":"https:\/\/www.europesays.com\/fr\/wp-json\/wp\/v2\/media\/227273"}],"wp:attachment":[{"href":"https:\/\/www.europesays.com\/fr\/wp-json\/wp\/v2\/media?parent=227272"}],"wp:term":[{"taxonomy":"category","embeddable":true,"href":"https:\/\/www.europesays.com\/fr\/wp-json\/wp\/v2\/categories?post=227272"},{"taxonomy":"post_tag","embeddable":true,"href":"https:\/\/www.europesays.com\/fr\/wp-json\/wp\/v2\/tags?post=227272"}],"curies":[{"name":"wp","href":"https:\/\/api.w.org\/{rel}","templated":true}]}}