{"id":227276,"date":"2025-07-05T04:22:15","date_gmt":"2025-07-05T04:22:15","guid":{"rendered":"https:\/\/www.europesays.com\/fr\/227276\/"},"modified":"2025-07-05T04:22:15","modified_gmt":"2025-07-05T04:22:15","slug":"arrive-cet-hiver-lancien-international-neo-zelandais-maa-nonu-va-prolonger-son-contrat-a-toulon","status":"publish","type":"post","link":"https:\/\/www.europesays.com\/fr\/227276\/","title":{"rendered":"arriv\u00e9 cet hiver, l&rsquo;ancien international n\u00e9o-z\u00e9landais Ma&rsquo;a Nonu va prolonger son contrat \u00e0 Toulon"},"content":{"rendered":"<p>Il y a quelques mois, <a href=\"https:\/\/www.laprovence.com\/article\/sports\/24369366910274\/rugby-a-42-ans-la-legende-neo-zelandaise-maa-nonu-revient-au-rct-comme-joker-medical\" target=\"_blank\" rel=\"noopener\">Ma&rsquo;a Nonu faisait son retour sur les pelouses toulonnaises<\/a>, lui qui les avait d\u00e9j\u00e0 foul\u00e9es \u00e0 deux reprises : de 2015 \u00e0 2018, puis de 2020 \u00e0 2021. La l\u00e9gende all black avait alors d\u00e9cid\u00e9 de r\u00e9enfiler le maillot rouge et noir en tant que joker m\u00e9dical, en f\u00e9vrier 2025.<\/p>\n<p>Et si son retour \u00e9tait une surprise, sa prolongation n&rsquo;\u00e9tait pas moins attendue. Le centre s&rsquo;\u00e9tait engag\u00e9 au RCT jusqu&rsquo;au 30 juin pour une pige cens\u00e9e durer quelques mois. Mais comme r\u00e9v\u00e9l\u00e9 par nos confr\u00e8res de L&rsquo;Equipe ce vendredi, Ma&rsquo;a Nonu a donn\u00e9 son accord pour une prolongation de contrat d&rsquo;un an. Le club toulonnais, <a href=\"https:\/\/www.laprovence.com\/article\/sports\/99217465343334\/rugby-top-14-outsider-face-a-bordeaux-begles-mais-porte-par-sa-foi-toulon-vise-sa-1re-finale-depuis-2017\" target=\"_blank\" rel=\"noopener\">r\u00e9cent troisi\u00e8me du Top14<\/a>, cherchait du renfort au centre\u00a0; Nonu ayant mis tout le monde d&rsquo;accord, le prolonger s&rsquo;est impos\u00e9 comme une aubaine, voire une \u00e9vidence.\u00a0<\/p>\n<p>\u00c0 43 ans, le centre toulonnais, dans ses quatre matches de Top 14 dont un o\u00f9 il \u00e9tait titulaire, a en effet montr\u00e9 qu&rsquo;il pouvait encore faire des diff\u00e9rences, par son apport et sa puissance, comme dans l&rsquo;\u00e9tat d&rsquo;esprit, en apportant exp\u00e9rience et s\u00e9r\u00e9nit\u00e9, notamment lors de la derni\u00e8re ligne droite pour Toulon m\u00eame si <a href=\"https:\/\/www.laprovence.com\/article\/sports\/1946281016696815\/rugby-demi-finale-de-top-14-le-rct-na-pas-fait-le-poids-face-a-bordeaux-begles\" target=\"_blank\" rel=\"noopener\">sa route s&rsquo;est arr\u00eat\u00e9e en demi-finale contre Bordeaux-B\u00e8gles<\/a>.\u00a0<\/p>\n","protected":false},"excerpt":{"rendered":"Il y a quelques mois, Ma&rsquo;a Nonu faisait son retour sur les pelouses toulonnaises, lui qui les avait&hellip;\n","protected":false},"author":2,"featured_media":227277,"comment_status":"","ping_status":"","sticky":false,"template":"","format":"standard","meta":{"footnotes":""},"categories":[9619],"tags":[17,1111,11,15200,33318,1777,674,1011,27,6736,14,24991,36555,12,882,25,479,60,2310],"class_list":{"0":"post-227276","1":"post","2":"type-post","3":"status-publish","4":"format-standard","5":"has-post-thumbnail","7":"category-toulon","8":"tag-17","9":"tag-actu","10":"tag-actualites","11":"tag-arrive","12":"tag-cet","13":"tag-eu","14":"tag-europe","15":"tag-fr","16":"tag-france","17":"tag-hiver","18":"tag-international","19":"tag-lancien","20":"tag-neo-zelandais","21":"tag-news","22":"tag-provence-alpes-cote-dazur","23":"tag-republique-francaise","24":"tag-rugby","25":"tag-sports","26":"tag-toulon"},"share_on_mastodon":{"url":"https:\/\/pubeurope.com\/@fr\/114798719415232584","error":""},"_links":{"self":[{"href":"https:\/\/www.europesays.com\/fr\/wp-json\/wp\/v2\/posts\/227276","targetHints":{"allow":["GET"]}}],"collection":[{"href":"https:\/\/www.europesays.com\/fr\/wp-json\/wp\/v2\/posts"}],"about":[{"href":"https:\/\/www.europesays.com\/fr\/wp-json\/wp\/v2\/types\/post"}],"author":[{"embeddable":true,"href":"https:\/\/www.europesays.com\/fr\/wp-json\/wp\/v2\/users\/2"}],"replies":[{"embeddable":true,"href":"https:\/\/www.europesays.com\/fr\/wp-json\/wp\/v2\/comments?post=227276"}],"version-history":[{"count":0,"href":"https:\/\/www.europesays.com\/fr\/wp-json\/wp\/v2\/posts\/227276\/revisions"}],"wp:featuredmedia":[{"embeddable":true,"href":"https:\/\/www.europesays.com\/fr\/wp-json\/wp\/v2\/media\/227277"}],"wp:attachment":[{"href":"https:\/\/www.europesays.com\/fr\/wp-json\/wp\/v2\/media?parent=227276"}],"wp:term":[{"taxonomy":"category","embeddable":true,"href":"https:\/\/www.europesays.com\/fr\/wp-json\/wp\/v2\/categories?post=227276"},{"taxonomy":"post_tag","embeddable":true,"href":"https:\/\/www.europesays.com\/fr\/wp-json\/wp\/v2\/tags?post=227276"}],"curies":[{"name":"wp","href":"https:\/\/api.w.org\/{rel}","templated":true}]}}