{"id":227284,"date":"2025-07-05T04:28:32","date_gmt":"2025-07-05T04:28:32","guid":{"rendered":"https:\/\/www.europesays.com\/fr\/227284\/"},"modified":"2025-07-05T04:28:32","modified_gmt":"2025-07-05T04:28:32","slug":"piolle-fait-la-propagande-des-verts-avec-largent-des-grenoblois","status":"publish","type":"post","link":"https:\/\/www.europesays.com\/fr\/227284\/","title":{"rendered":"PIOLLE FAIT LA PROPAGANDE DES VERTS AVEC L&rsquo;ARGENT DES GRENOBLOIS"},"content":{"rendered":"<p>Posted On 4 juillet 2025 <\/p>\n<p style=\"text-align: justify;\"><a target=\"_blank\" href=\"https:\/\/c.ledauphine.com\/politique\/2025\/07\/02\/isere-grenoble-eric-piolle-ecrit-une-lettre-aux-grenoblois-qui-sonne-deja-comme-un-au-revoir\" rel=\"noopener\">Les Grenoblois d\u00e9couvrent ces jours-ci dans leur bo\u00eete aux lettres<\/a> un courrier d\u2019\u00c9ric Piolle, tout en autoc\u00e9l\u00e9bration de son bilan. Cette lettre aux allures de testament politique, pay\u00e9e par le contribuable car envoy\u00e9e sur les moyens de la ville, est une man\u0153uvre de propagande grossi\u00e8re pour lancer la campagne de son camp en vue des \u00e9lections municipales.<\/p>\n<p>UNE LETTRE D\u2019ADIEU \u00c0 SA PROPRE GLOIRE<\/p>\n<p style=\"text-align: justify;\">\u00c0 quelques mois de la fin de son r\u00e8gne, \u00c9ric Piolle s\u2019offre une tourn\u00e9e d\u2019autopromotion sur fonds publics. Il adresse aux Grenoblois une lettre qui \u00ab\u00a0sonne d\u00e9j\u00e0 comme un au revoir\u00a0\u00bb <a target=\"_blank\" href=\"https:\/\/c.ledauphine.com\/politique\/2025\/07\/02\/isere-grenoble-eric-piolle-ecrit-une-lettre-aux-grenoblois-qui-sonne-deja-comme-un-au-revoir\" rel=\"noopener\">selon les termes d&rsquo;Eve Moulinier du Dauphin\u00e9 Lib\u00e9r\u00e9<\/a>. Loin de toute humilit\u00e9 (on commence \u00e0 connaitre le personnage), ce courrier est un exercice de communication o\u00f9 le maire sortant dresse un bilan qu&rsquo;il estime forc\u00e9ment idyllique de ses douze ann\u00e9es de mandat.\u00a0<\/p>\n<p><img decoding=\"async\" data-id=\"83077\" src=\"https:\/\/i2.wp.com\/grenoble-le-changement.fr\/wp-content\/uploads\/2025\/07\/recto-lettre-bilan-piolle.jpeg?w=678&amp;ssl=1\" alt=\"\" class=\"wp-image-83077 jetpack-lazy-image\" data-recalc-dims=\"1\" data-lazy-src=\"https:\/\/www.europesays.com\/fr\/wp-content\/uploads\/2025\/07\/recto-lettre-bilan-piolle.jpeg\" \/><\/p>\n<p><img decoding=\"async\" data-id=\"83078\" src=\"https:\/\/i2.wp.com\/grenoble-le-changement.fr\/wp-content\/uploads\/2025\/07\/verso-lettre-bilan-piolle.jpeg?w=678&amp;ssl=1\" alt=\"\" class=\"wp-image-83078 jetpack-lazy-image\" data-recalc-dims=\"1\" data-lazy-src=\"https:\/\/www.europesays.com\/fr\/wp-content\/uploads\/2025\/07\/verso-lettre-bilan-piolle.jpeg\" \/><br \/>\nLa lettre de Piolle aux Grenoblois<\/p>\n<p>UNE CAMPAGNE D\u00c9GUIS\u00c9E POUR LAURENCE RUFFIN<\/p>\n<p style=\"text-align: justify;\">\u00c0 quelques encablures des \u00e9lections, il organise donc sa sortie sous forme de tract \u00e9lectoral afin de pr\u00e9parer le terrain pour<a href=\"https:\/\/grenoble-le-changement.fr\/2025\/06\/22\/les-piollistes-entament-les-combines-dappareil-autour-de-laurence-ruffin\/\" target=\"_blank\" rel=\"noopener\"> la candidate pouss\u00e9e par le syst\u00e8me Verts\/ADES pour lui succ\u00e9der, Laurence Ruffin<\/a>. Le maire sortant utilise sans g\u00eane les deniers de la ville pour amorcer sa campagne. Juste avant l&rsquo;ouverture de la p\u00e9riode \u00e9lectorale officielle le 1er septembre, qui proscrit l\u00e9galement ce genre d&rsquo;op\u00e9ration de comm&rsquo;. Comme c&rsquo;est opportun !<\/p>\n<p>LE BILAN ENJOLIV\u00c9 : PIOLLE EST FIER DE TOUT !<\/p>\n<p style=\"text-align: justify;\">Dans sa missive, Piolle se dit \u00ab\u00a0fier d&rsquo;avoir enclench\u00e9 la r\u00e9volution du v\u00e9lo\u00a0\u00bb, alors m\u00eame que les objectifs annonc\u00e9s en la mati\u00e8re<a href=\"https:\/\/grenoble-le-changement.fr\/2024\/02\/24\/velo-a-grenoble-que-cachent-les-chiffres\/\" target=\"_blank\" rel=\"noopener\"> n&rsquo;ont jamais \u00e9t\u00e9 atteints<\/a> ; fier d&rsquo;un pr\u00e9tendu \u00ab\u00a0plan de v\u00e9g\u00e9talisation\u00a0\u00bb alors que sa politique de b\u00e9tonisation a fait de nous les premiers <a href=\"https:\/\/grenoble-le-changement.fr\/2025\/03\/27\/grenoble-1ere-pour-les-ilots-de-chaleur-cest-pas-ma-faute-piolle\/\" target=\"_blank\" rel=\"noopener\">pour les ilots de chaleur<\/a> ; fier de soutenir une \u00ab\u00a0s\u00e9curit\u00e9 sociale de l&rsquo;alimentation\u00a0\u00bb, qui n&rsquo;est qu&rsquo;un <a href=\"https:\/\/grenoble-le-changement.fr\/2024\/02\/06\/securite-sociale-alimentaire-la-nouvelle-fumisterie-made-in-grenoble\/\" target=\"_blank\" rel=\"noopener\">projet hypoth\u00e9tique qui nous co\u00fbte des centaines de milliers d&rsquo;euros<\/a> sans cr\u00e9er aucun droit pour personne ; fier de la gratuit\u00e9 des biblioth\u00e8ques alors que leur fr\u00e9quentation a chut\u00e9 de 50% et qu&rsquo;<a href=\"https:\/\/grenoble-le-changement.fr\/2025\/06\/04\/aujourdhui-manifestation-contre-la-fermeture-de-bibliotheques-a-grenoble\/\" target=\"_blank\" rel=\"noopener\">il les ferme les unes apr\u00e8s les autres<\/a>&#8230;<\/p>\n<p>IL RESSORT&#8230; LA PROMESSE DE GRATUIT\u00c9<\/p>\n<p style=\"text-align: justify;\">Mais le Maire qui ne se repr\u00e9sente parle aussi du futur et pour cela ressort&#8230; <a href=\"https:\/\/grenoble-le-changement.fr\/2024\/09\/25\/gratuite-des-moins-aises-les-contribuables-payent-le-coup-de-comm\/\" target=\"_blank\" rel=\"noopener\">la fausse promesse de gratuit\u00e9 des transports !<\/a> Il n&rsquo;a honte de rien. Apr\u00e8s l&rsquo;avoir promise en 2014, puis en 2020, les Verts la ressortent pour 2026. Alors m\u00eame qu&rsquo;ils ont eu tous les leviers pour le faire de 2014 \u00e0 2020. Alors m\u00eame qu&rsquo;ils savent que ce n&rsquo;est pas finan\u00e7able (de l&rsquo;ordre de 70 millions par an que ni la ville, ni la m\u00e9tro n&rsquo;ont) et ont eux-m\u00eame pr\u00e9vu que les usagers payeront dans leur plan de mobilit\u00e9s pour 2030. Alors m\u00eame que leur fausse gratuit\u00e9 sur crit\u00e8res sociaux, financ\u00e9e par les contribuables, dont ils ont p\u00e9niblement accouch\u00e9 pour faire mine d&rsquo;agir est une usine \u00e0 gaz qui ne b\u00e9n\u00e9ficie qu&rsquo;\u00e0 une poign\u00e9e.\u00a0<\/p>\n<p style=\"text-align: justify;\">\u00a0<\/p>\n<p>\u00a0<\/p>\n<p><a href=\"https:\/\/i0.wp.com\/grenoble-le-changement.fr\/wp-content\/uploads\/2025\/07\/Communique-du-groupe-dOpposition-Lettre-dEric-Piolle.docx_page-0001.jpg?ssl=1\" rel=\"lightbox[83046] noopener\" target=\"_blank\"><img loading=\"lazy\" decoding=\"async\" class=\" wp-image-83072 jetpack-lazy-image\" src=\"https:\/\/i0.wp.com\/grenoble-le-changement.fr\/wp-content\/uploads\/2025\/07\/Communique-du-groupe-dOpposition-Lettre-dEric-Piolle.docx_page-0001.jpg?resize=678%2C960&amp;ssl=1\" alt=\"\" width=\"678\" height=\"960\" data-recalc-dims=\"1\" data-lazy-src=\"https:\/\/www.europesays.com\/fr\/wp-content\/uploads\/2025\/07\/Communique-du-groupe-dOpposition-Lettre-dEric-Piolle.docx_page-0001.jpg\" \/><\/a>\u00ab\u00a0Une lettre pour \u00e9chapper aux comptes de campagne\u00a0\u00bb : le groupe d&rsquo;opposition d&rsquo;Alain Carignon a vertement r\u00e9pondu \u00e0 cette op\u00e9ration de comm&rsquo;.<br \/>\nCE QUE PIOLLE \u00ab\u00a0OUBLIE\u00a0\u00bb DE DIRE : IMP\u00d4TS, B\u00c9TON, INS\u00c9CURIT\u00c9, PAUP\u00c9RISATION&#8230;<\/p>\n<p style=\"text-align: justify;\">\u00c9videmment, le courrier <a href=\"https:\/\/grenoble-le-changement.fr\/2024\/04\/19\/le-groupe-dopposition-a-hoche-pour-les-10-ans-de-piolle\/\" target=\"_blank\" rel=\"noopener\">ne mentionne aucune zone d&rsquo;ombre<\/a>. Pas un mot sur la hausse record de la taxe fonci\u00e8re de +32%. Rien sur la b\u00e9tonisation \u00e0 outrance qui a fait de Grenoble la premi\u00e8re ville de France pour les \u00eelots de chaleur. Pas un mot non plus sur la responsabilit\u00e9 municipale dans l&rsquo;explosion de l&rsquo;ins\u00e9curit\u00e9 attest\u00e9e par les statistiques officielles, sur le d\u00e9clin des services et des commerces (la vacance commerciale a doubl\u00e9 en 10 ans), sur la paup\u00e9risation de la ville en raison d&rsquo;une politique du logement qui entretient la mis\u00e8re&#8230;<\/p>\n<p>2040 : LA FUITE EN AVANT POUR MASQUER LE PR\u00c9SENT<\/p>\n<p style=\"text-align: justify;\">On retrouve \u00e9galement les deux mamelles de la fuite en avant habituelle des Verts\/LFI : d&rsquo;abord en rejetant tous les probl\u00e8mes sur l&rsquo;Etat, et ensuite en parlant de \u00ab\u00a0Grenoble en 2040\u00a0\u00bb, la fameuse ficelle pour masquer leur calamiteuse gestion du pr\u00e9sent. Car <a href=\"https:\/\/grenoble-le-changement.fr\/2025\/07\/03\/un-ou-deux-morts-de-chaleur-a-grenoble-dans-un-foyer-logement-municipal\/\" target=\"_blank\" rel=\"noopener\">la ville soumise aux temp\u00e9ratures extr\u00eames car inadapt\u00e9e au r\u00e9chauffement<\/a>, c&rsquo;est bien en 2025 que les Grenoblois la supportent ; les logements sociaux v\u00e9tustes ou insalubres, c&rsquo;est bien en 2025 que les locataires y vivent ; la chute de la valeur des biens, c&rsquo;est bien en 2025 que les propri\u00e9taires la subissent ; la d\u00e9gradation de l&rsquo;espace public et de la qualit\u00e9 de vie, c&rsquo;est bien en 2025 qu&rsquo;on doit y faire face&#8230;<\/p>\n<p>LE SP\u00c9CIALISTE DES COURRIERS DE PROPAGANDE AVEC L&rsquo;ARGENT PUBLIC<\/p>\n<p style=\"text-align: justify;\">\u00c9ric Piolle n&rsquo;en est pas \u00e0 son coup d&rsquo;essai avec ses courriers. On se souvient de celui <a href=\"https:\/\/grenoble-le-changement.fr\/2023\/09\/03\/impots-le-courrier-mensonger-deric-piolle-aux-grenoblois\/\" target=\"_blank\" rel=\"noopener\">de 2023 <\/a>visant \u00e0 justifier la hausse d&rsquo;imp\u00f4ts astronomique, op\u00e9ration de propagande mensong\u00e8re avec l&rsquo;argent public. Ou encore de la <a href=\"https:\/\/grenoble-le-changement.fr\/2022\/12\/16\/le-courrier-de-la-honte-deric-piolle\/\" target=\"_blank\" rel=\"noopener\">lettre de 2022 sur la crise \u00e9nerg\u00e9tique<\/a>, o\u00f9 il demandait aux habitants de faire dans la \u00ab\u00a0frugalit\u00e9\u00a0\u00bb, en vantant \u00e9videmment l&rsquo;action de la ville quitte \u00e0 s&rsquo;approprier des r\u00e9sultats de ses pr\u00e9d\u00e9cesseurs. La manipulation permanente, financ\u00e9e par nos imp\u00f4ts.<\/p>\n<p><a href=\"https:\/\/i1.wp.com\/grenoble-le-changement.fr\/wp-content\/uploads\/2025\/07\/lettre-piolle-bilan-mandat.jpeg?ssl=1\" rel=\"lightbox[83046] noopener\" target=\"_blank\"><img loading=\"lazy\" decoding=\"async\" class=\" wp-image-83075 jetpack-lazy-image\" src=\"https:\/\/i1.wp.com\/grenoble-le-changement.fr\/wp-content\/uploads\/2025\/07\/lettre-piolle-bilan-mandat.jpeg?resize=678%2C393&amp;ssl=1\" alt=\"\" width=\"678\" height=\"393\" data-recalc-dims=\"1\" data-lazy-src=\"https:\/\/www.europesays.com\/fr\/wp-content\/uploads\/2025\/07\/lettre-piolle-bilan-mandat.jpeg\" \/><\/a>Savourez la lecture, c&rsquo;est vous qui financez ces courriers !<br \/>\nLA PROPAGANDE INSTITUTIONNALIS\u00c9E DES VERTS\/LFI<\/p>\n<p style=\"text-align: justify;\">Au-del\u00e0 des courriers, tout aura \u00e9t\u00e9 pr\u00e9texte \u00e0 l&rsquo;instrumentalisation politicienne sous ces mandats. De la <a href=\"https:\/\/grenoble-le-changement.fr\/2025\/05\/17\/biennale-des-villes-en-transition-loperation-de-propagande-coule-a-pic\/\" target=\"_blank\" rel=\"noopener\">\u00ab\u00a0Biennale des villes en transition\u00a0\u00bb<\/a>, \u00e9v\u00e9nement bidesque mais hors de prix qui sert de vitrine id\u00e9ologique, \u00e0 l&rsquo;anniversaire de la Lib\u00e9ration de Grenoble d\u00e9tourn\u00e9 pour faire de la politique nationale en s&rsquo;opposant \u00e0 une loi immigration, en passant par l&rsquo;op\u00e9ration \u00ab\u00a0capitale verte\u00a0\u00bb <a href=\"https:\/\/grenoble-le-changement.fr\/2023\/06\/30\/le-bilan-officiel-confirme-lechec-de-grenoble-capitale-verte\/\" target=\"_blank\" rel=\"noopener\">qui n&rsquo;a permis aucune avanc\u00e9e pour l&rsquo;environnement<\/a> mais a servi \u00e0 faire la comm&rsquo; de Piolle, les moyens de la collectivit\u00e9 sont syst\u00e9matiquement mis au service de l&rsquo;agenda id\u00e9ologique des Verts\/LFI.\u00a0<\/p>\n<p>LES VERTS\/LFI NE RECULERONT DEVANT AUCUN MOYEN<\/p>\n<p style=\"text-align: justify;\">La man\u0153uvre \u00e9lectorale est grossi\u00e8re et ce n&rsquo;est pas \u00e7a qui suffira pas \u00e0 sauver la candidate Ruffin, comptable du bilan Piolle. Aucune lettre de propagande, aussi co\u00fbteuse soit-elle, ne pourra effacer douze ann\u00e9es qui ont fractur\u00e9 Grenoble. La tentative sur les deniers des Grenoblois n&rsquo;en est pas moins path\u00e9tique et r\u00e9v\u00e9latrice des m\u00e9thodes du Piollisme cr\u00e9pusculaire : ils ne reculeront devant aucun moyen pour tenter de sauver leurs si\u00e8ges. Aux Grenoblois qui souhaitent le changement de se mobiliser.<\/p>\n","protected":false},"excerpt":{"rendered":"Posted On 4 juillet 2025 Les Grenoblois d\u00e9couvrent ces jours-ci dans leur bo\u00eete aux lettres un courrier d\u2019\u00c9ric&hellip;\n","protected":false},"author":2,"featured_media":227285,"comment_status":"","ping_status":"","sticky":false,"template":"","format":"standard","meta":{"footnotes":""},"categories":[9566],"tags":[1111,11,9601,2430,9607,1777,674,10608,1011,27,2731,10136,12,25],"class_list":{"0":"post-227284","1":"post","2":"type-post","3":"status-publish","4":"format-standard","5":"has-post-thumbnail","7":"category-grenoble","8":"tag-actu","9":"tag-actualites","10":"tag-alain-carignon","11":"tag-auvergne-rhone-alpes","12":"tag-eric-piolle","13":"tag-eu","14":"tag-europe","15":"tag-eve-moulinier","16":"tag-fr","17":"tag-france","18":"tag-grenoble","19":"tag-laurence-ruffin","20":"tag-news","21":"tag-republique-francaise"},"share_on_mastodon":{"url":"https:\/\/pubeurope.com\/@fr\/114798743546069668","error":""},"_links":{"self":[{"href":"https:\/\/www.europesays.com\/fr\/wp-json\/wp\/v2\/posts\/227284","targetHints":{"allow":["GET"]}}],"collection":[{"href":"https:\/\/www.europesays.com\/fr\/wp-json\/wp\/v2\/posts"}],"about":[{"href":"https:\/\/www.europesays.com\/fr\/wp-json\/wp\/v2\/types\/post"}],"author":[{"embeddable":true,"href":"https:\/\/www.europesays.com\/fr\/wp-json\/wp\/v2\/users\/2"}],"replies":[{"embeddable":true,"href":"https:\/\/www.europesays.com\/fr\/wp-json\/wp\/v2\/comments?post=227284"}],"version-history":[{"count":0,"href":"https:\/\/www.europesays.com\/fr\/wp-json\/wp\/v2\/posts\/227284\/revisions"}],"wp:featuredmedia":[{"embeddable":true,"href":"https:\/\/www.europesays.com\/fr\/wp-json\/wp\/v2\/media\/227285"}],"wp:attachment":[{"href":"https:\/\/www.europesays.com\/fr\/wp-json\/wp\/v2\/media?parent=227284"}],"wp:term":[{"taxonomy":"category","embeddable":true,"href":"https:\/\/www.europesays.com\/fr\/wp-json\/wp\/v2\/categories?post=227284"},{"taxonomy":"post_tag","embeddable":true,"href":"https:\/\/www.europesays.com\/fr\/wp-json\/wp\/v2\/tags?post=227284"}],"curies":[{"name":"wp","href":"https:\/\/api.w.org\/{rel}","templated":true}]}}