{"id":227290,"date":"2025-07-05T04:31:10","date_gmt":"2025-07-05T04:31:10","guid":{"rendered":"https:\/\/www.europesays.com\/fr\/227290\/"},"modified":"2025-07-05T04:31:10","modified_gmt":"2025-07-05T04:31:10","slug":"strasbourg-la-maison-de-la-sante-mentale-accueillera-le-public-apres-lete-pour-ecouter-et-sensibiliser","status":"publish","type":"post","link":"https:\/\/www.europesays.com\/fr\/227290\/","title":{"rendered":"Strasbourg. La Maison de la sant\u00e9 mentale accueillera le public apr\u00e8s l\u2019\u00e9t\u00e9 pour \u00e9couter et sensibiliser"},"content":{"rendered":"<p>\u00ab\u00a0Garde-toi tant que tu vivras, de juger les gens sur la mine.\u00a0\u00bb Sur un tableau blanc install\u00e9 au milieu d\u2019une pi\u00e8ce de la Maison de la sant\u00e9, cette citation de La Fontaine r\u00e9sume parfaitement les intentions du lieu. <a href=\"https:\/\/www.dna.fr\/politique\/2025\/01\/16\/un-toit-pour-la-sante-mentale\" target=\"_blank\" rel=\"noopener\">Premi\u00e8re initiative de ce type<\/a> en France, la structure a vocation \u00e0 offrir \u00e9coute, accompagnement et sensibilisation \u00e0 toute personne qui rencontre des probl\u00e8mes psychiques. \u00ab\u00a0La Maison de la sant\u00e9 mentale est en plein centre-ville, visible et avec de grandes baies vitr\u00e9es, parce qu\u2019on n\u2019a pas \u00e0 se cacher pour prendre soin de soi\u00a0\u00bb, affirme la maire de Strasbourg, <a href=\"https:\/\/www.dna.fr\/p\/jeanne-barseghian\" target=\"_blank\" rel=\"noopener\">Jeanne Barseghian<\/a>, lors de l\u2019inauguration des lieux, ce jeudi 3\u00a0juillet.<\/p>\n<p>Situ\u00e9e au 4, rue des Bonnes-Gens, en face des Halles, la structure sera ouverte au public presque en permanence et commencera \u00e0 accueillir les r\u00e9sidences d\u2019associations d\u00e8s le mois de septembre. Au total, ce sont plus de quinze associations qui proposeront ateliers, projections, d\u00e9bats, aide et \u00e9coute dans les locaux de la maison de la sant\u00e9 mentale. Le premier atelier, programm\u00e9 pour fin septembre, prendra la forme d\u2019un th\u00e9\u00e2tre forum <a href=\"https:\/\/www.dna.fr\/magazine-sante\/2021\/10\/24\/crises-d-angoisse-des-causes-encore-mysterieuses#:~:text=Une%2520crise%2520d%2527angoisse%2520est,elles%2520sont%2520encore%2520mal%2520comprises.\" target=\"_blank\" rel=\"noopener\">sur la question de la crise d\u2019angoisse<\/a> en croisant les regards professionnels et artistiques.<\/p>\n<p> D\u00e9stigmatiser les troubles de sant\u00e9 mentale <\/p>\n<p>Pens\u00e9e comme une sorte de vitrine pour promouvoir les associations qui \u0153uvrent pour le bien-\u00eatre psychique, la structure est aussi un lieu de ressources et d\u2019informations sur des probl\u00e9matiques \u00ab\u00a0qui nous touchent tous, comme la d\u00e9pression, l\u2019isolement, le travail, la parentalit\u00e9, le num\u00e9rique\u2026\u00a0\u00bb, \u00e9num\u00e8re Carine Fraser, animatrice salari\u00e9e au sein du lieu. Et d\u2019ajouter\u00a0: \u00ab\u00a0Je suis fi\u00e8re de sentir que des gens sont concern\u00e9s par la question de la sant\u00e9 mentale et de voir qu\u2019il y a des initiatives concr\u00e8tes qui sont prises. \u00c7a donne une coh\u00e9rence \u00e0 cet endroit.\u00a0\u00bb<\/p>\n<p>Car la demande est tr\u00e8s forte, aussi bien \u00e0 Strasbourg qu\u2019au niveau national, et <a href=\"https:\/\/www.dna.fr\/sante\/2025\/01\/25\/la-sante-mentale-reste-le-parent-pauvre-de-la-medecine-estime-le-neurologue-aurelien-benoilid-pwcq\" target=\"_blank\" rel=\"noopener\">les \u00e9tablissements publics peinent \u00e0 y r\u00e9pondre<\/a>. Avec seulement 17 lits en <a href=\"https:\/\/www.dna.fr\/science-et-technologie\/2025\/03\/13\/l-elsau-perd-son-hopital-de-pedopsychiatrie\" target=\"_blank\" rel=\"noopener\">p\u00e9dopsychiatrie dans les h\u00f4pitaux universitaires de Strasbourg<\/a> , l\u2019offre est trop faible et Jeanne Barseghian le reconna\u00eet\u00a0: \u00ab\u00a0Il faut plus de lits, \u00e7a c\u2019est s\u00fbr, et je dirais surtout plus de soins. M\u00eame si la Maison de la sant\u00e9 mentale ne dispense pas de soins, elle vient en compl\u00e9ment de cette offre hospitali\u00e8re, notamment avec ses missions de pr\u00e9vention et de sensibilisation\u00a0\u00bb. D\u2019autant plus que la\u00a0prise en charge publique risque de p\u00e2tir de la concurrence avec le priv\u00e9, notamment \u00e0 travers le projet de clinique p\u00e9dopsychiatrique \u00e0\u00a0Schiltigheim.<\/p>\n","protected":false},"excerpt":{"rendered":"\u00ab\u00a0Garde-toi tant que tu vivras, de juger les gens sur la mine.\u00a0\u00bb Sur un tableau blanc install\u00e9 au&hellip;\n","protected":false},"author":2,"featured_media":227291,"comment_status":"","ping_status":"","sticky":false,"template":"","format":"standard","meta":{"footnotes":""},"categories":[2820],"tags":[1111,11,2880,1777,674,107,1011,27,775,12,25,71,640,2879],"class_list":{"0":"post-227290","1":"post","2":"type-post","3":"status-publish","4":"format-standard","5":"has-post-thumbnail","7":"category-strasbourg","8":"tag-actu","9":"tag-actualites","10":"tag-edition-strasbourg","11":"tag-eu","12":"tag-europe","13":"tag-fil-info","14":"tag-fr","15":"tag-france","16":"tag-grand-est","17":"tag-news","18":"tag-republique-francaise","19":"tag-sante","20":"tag-strasbourg","21":"tag-strasbourg-ville"},"share_on_mastodon":{"url":"https:\/\/pubeurope.com\/@fr\/114798754898770027","error":""},"_links":{"self":[{"href":"https:\/\/www.europesays.com\/fr\/wp-json\/wp\/v2\/posts\/227290","targetHints":{"allow":["GET"]}}],"collection":[{"href":"https:\/\/www.europesays.com\/fr\/wp-json\/wp\/v2\/posts"}],"about":[{"href":"https:\/\/www.europesays.com\/fr\/wp-json\/wp\/v2\/types\/post"}],"author":[{"embeddable":true,"href":"https:\/\/www.europesays.com\/fr\/wp-json\/wp\/v2\/users\/2"}],"replies":[{"embeddable":true,"href":"https:\/\/www.europesays.com\/fr\/wp-json\/wp\/v2\/comments?post=227290"}],"version-history":[{"count":0,"href":"https:\/\/www.europesays.com\/fr\/wp-json\/wp\/v2\/posts\/227290\/revisions"}],"wp:featuredmedia":[{"embeddable":true,"href":"https:\/\/www.europesays.com\/fr\/wp-json\/wp\/v2\/media\/227291"}],"wp:attachment":[{"href":"https:\/\/www.europesays.com\/fr\/wp-json\/wp\/v2\/media?parent=227290"}],"wp:term":[{"taxonomy":"category","embeddable":true,"href":"https:\/\/www.europesays.com\/fr\/wp-json\/wp\/v2\/categories?post=227290"},{"taxonomy":"post_tag","embeddable":true,"href":"https:\/\/www.europesays.com\/fr\/wp-json\/wp\/v2\/tags?post=227290"}],"curies":[{"name":"wp","href":"https:\/\/api.w.org\/{rel}","templated":true}]}}