{"id":227294,"date":"2025-07-05T04:33:09","date_gmt":"2025-07-05T04:33:09","guid":{"rendered":"https:\/\/www.europesays.com\/fr\/227294\/"},"modified":"2025-07-05T04:33:09","modified_gmt":"2025-07-05T04:33:09","slug":"brevet-2025-jour-heure-voici-quand-les-resultats-seront-affiches-dans-lacademie-de-nice","status":"publish","type":"post","link":"https:\/\/www.europesays.com\/fr\/227294\/","title":{"rendered":"Brevet 2025. Jour, heure&#8230; Voici quand les r\u00e9sultats seront affich\u00e9s dans l&rsquo;acad\u00e9mie de Nice"},"content":{"rendered":"<p>            Par<br \/>\n        <strong><br \/>\n            <a href=\"https:\/\/actu.fr\/auteur\/redaction-nice\" title=\"Consulter tous les articles de R\u00e9daction Nice\" rel=\"nofollow noopener\" target=\"_blank\">R\u00e9daction Nice<\/a><br \/>\n        <\/strong><\/p>\n<p>        Publi\u00e9 le<\/p>\n<p>            5 juil. 2025 \u00e0 6h04        <\/p>\n<p>Le grand saut vers le lyc\u00e9e. Apr\u00e8s presque 15 jours d\u2019attente, et juste apr\u00e8s le verdict du bac, tous les coll\u00e9giens de la fili\u00e8re g\u00e9n\u00e9rale en France, et donc des <a href=\"https:\/\/actu.fr\/provence-alpes-cote-d-azur\/alpes-maritimes_06\" rel=\"nofollow noopener\" target=\"_blank\">Alpes-Maritimes<\/a>, s\u2019appr\u00eatent \u00e0 conna\u00eetre les r\u00e9sultats du Brevet 2025. Mais comme pour<a href=\"https:\/\/actu.fr\/tag\/baccalaureat\" rel=\"nofollow noopener\" target=\"_blank\"> le bac<\/a>, ils seront <strong>publi\u00e9s \u00e0 des horaires diff\u00e9rents suivant les acad\u00e9mies<\/strong>.<\/p>\n<p class=\" wall-content\">Pour celle de <a href=\"https:\/\/actu.fr\/nice\/\" rel=\"nofollow noopener\" target=\"_blank\">Nice<\/a>, il faudra attendre <strong>le mercredi 9\u00a0juillet \u00e0 17h<\/strong>.<\/p>\n<p>\u00c0 17h ce mercredi<\/p>\n<p class=\" wall-content\">En France m\u00e9tropolitaine, les premiers r\u00e9sultats seront connus d\u00e8s le mardi 8\u00a0juillet \u00e0 10h. Mais dans l\u2019acad\u00e9mie de Nice, ce sera seulement le lendemain. Les coll\u00e9giens feront <strong>partie des derniers<\/strong> \u00e0 savoir s\u2019ils peuvent rejoindre le lyc\u00e9e et profiter sereinement de leur \u00e9t\u00e9.<\/p>\n<p class=\" wall-content\">Ils seront disponibles directement dans votre coll\u00e8ge ou sur le site du minist\u00e8re de l\u2019\u00c9ducation nationale en cliquant sur <a href=\"https:\/\/resultats.examens-concours.gouv.fr\/accueil?isExam=examens&amp;type=&amp;step=2\" rel=\"nofollow noopener\" target=\"_blank\">ce lien<\/a>. Pour ceux ayant \u00e9chou\u00e9 aux \u00e9preuves \u00e9crites, l\u2019\u00e9t\u00e9 sera long, puisque <strong>les dates du rattrapage ont \u00e9t\u00e9 fix\u00e9es au\u2026 8 et 9\u00a0septembre 2025<\/strong>.<\/p>\n<p class=\" wall-content\">Suivez toute l\u2019actualit\u00e9 de vos villes et m\u00e9dias favoris en vous inscrivant \u00e0 <a href=\"https:\/\/moncompte.actu.fr\" title=\"D\u00e9couvez Mon Actu\" rel=\"nofollow noopener\" data-trk=\"{&quot;cta&quot;:{&quot;action&quot;:&quot;https:\\\/\\\/moncompte.actu.fr&quot;,&quot;category&quot;:&quot;mon compte&quot;,&quot;from&quot;:&quot;article footer&quot;,&quot;name&quot;:&quot;Mon actu&quot;,&quot;type&quot;:&quot;cta&quot;}}\" target=\"_blank\">Mon Actu<\/a>.<\/p>\n","protected":false},"excerpt":{"rendered":"Par R\u00e9daction Nice Publi\u00e9 le 5 juil. 2025 \u00e0 6h04 Le grand saut vers le lyc\u00e9e. Apr\u00e8s presque&hellip;\n","protected":false},"author":2,"featured_media":6887,"comment_status":"","ping_status":"","sticky":false,"template":"","format":"standard","meta":{"footnotes":""},"categories":[2819],"tags":[1111,11,36556,1057,1777,674,1011,27,12,2401,882,25,104],"class_list":{"0":"post-227294","1":"post","2":"type-post","3":"status-publish","4":"format-standard","5":"has-post-thumbnail","7":"category-nice","8":"tag-actu","9":"tag-actualites","10":"tag-brevet-dnb","11":"tag-education","12":"tag-eu","13":"tag-europe","14":"tag-fr","15":"tag-france","16":"tag-news","17":"tag-nice","18":"tag-provence-alpes-cote-dazur","19":"tag-republique-francaise","20":"tag-societe"},"share_on_mastodon":{"url":"https:\/\/pubeurope.com\/@fr\/114798762643771238","error":""},"_links":{"self":[{"href":"https:\/\/www.europesays.com\/fr\/wp-json\/wp\/v2\/posts\/227294","targetHints":{"allow":["GET"]}}],"collection":[{"href":"https:\/\/www.europesays.com\/fr\/wp-json\/wp\/v2\/posts"}],"about":[{"href":"https:\/\/www.europesays.com\/fr\/wp-json\/wp\/v2\/types\/post"}],"author":[{"embeddable":true,"href":"https:\/\/www.europesays.com\/fr\/wp-json\/wp\/v2\/users\/2"}],"replies":[{"embeddable":true,"href":"https:\/\/www.europesays.com\/fr\/wp-json\/wp\/v2\/comments?post=227294"}],"version-history":[{"count":0,"href":"https:\/\/www.europesays.com\/fr\/wp-json\/wp\/v2\/posts\/227294\/revisions"}],"wp:featuredmedia":[{"embeddable":true,"href":"https:\/\/www.europesays.com\/fr\/wp-json\/wp\/v2\/media\/6887"}],"wp:attachment":[{"href":"https:\/\/www.europesays.com\/fr\/wp-json\/wp\/v2\/media?parent=227294"}],"wp:term":[{"taxonomy":"category","embeddable":true,"href":"https:\/\/www.europesays.com\/fr\/wp-json\/wp\/v2\/categories?post=227294"},{"taxonomy":"post_tag","embeddable":true,"href":"https:\/\/www.europesays.com\/fr\/wp-json\/wp\/v2\/tags?post=227294"}],"curies":[{"name":"wp","href":"https:\/\/api.w.org\/{rel}","templated":true}]}}