{"id":227295,"date":"2025-07-05T04:34:17","date_gmt":"2025-07-05T04:34:17","guid":{"rendered":"https:\/\/www.europesays.com\/fr\/227295\/"},"modified":"2025-07-05T04:34:17","modified_gmt":"2025-07-05T04:34:17","slug":"une-greve-des-controleurs-aeriens-empeche-nice-de-jouer-son-premier-match-de-preparation-france-ogc-nice","status":"publish","type":"post","link":"https:\/\/www.europesays.com\/fr\/227295\/","title":{"rendered":"Une gr\u00e8ve des contr\u00f4leurs a\u00e9riens emp\u00eache Nice de jouer son premier match de pr\u00e9paration &#8211; France &#8211; OGC Nice"},"content":{"rendered":"<p data-start=\"165\" data-end=\"214\">\u00c7a fait \u00e7a en moins pour l\u2019empreinte carbone.<\/p>\n<p data-start=\"216\" data-end=\"540\">L\u2019OGC Nice devra patienter avant de lancer sa campagne de pr\u00e9paration estivale. Pr\u00e9vu ce samedi matin (11h) \u00e0 huis clos, <strong>le match amical contre Lausanne-Sport a \u00e9t\u00e9 annul\u00e9 \u00e0 la derni\u00e8re minute.<\/strong> La raison ? Une gr\u00e8ve des contr\u00f4leurs a\u00e9riens, qui a entra\u00een\u00e9 l\u2019annulation du vol de l\u2019\u00e9quipe suisse, attendue sur la C\u00f4te d\u2019Azur.<\/p>\n<p>Pr\u00e9paration repouss\u00e9e \u00e0 un mois des barrages de LDC<\/p>\n<p data-start=\"599\" data-end=\"952\">Un galop d\u2019essai report\u00e9 pour les Aiglons, qui avaient <strong>repris le chemin du centre d\u2019entra\u00eenement le 20 juin<\/strong>, sans une grosse moiti\u00e9 de leur effectif puisque <strong>les internationaux ne sont attendus que le 3 juillet.<\/strong> Pas l\u2019id\u00e9al pour <a target=\"_blank\" href=\"https:\/\/www.sofoot.com\/breves\/franck-haise-explique-les-difficultes-de-nice-par-son-effectif-trop-fourni\" rel=\"nofollow noopener\">Franck Haise<\/a> et son staff, qui comptaient commencer \u00e0 poser les premi\u00e8res pierres du chantier de cette saison.<\/p>\n<p data-start=\"954\" data-end=\"1358\">Il faudra donc trouver un nouveau sparring-partner dans les jours \u00e0 venir pour <strong>lancer une pr\u00e9paration o\u00f9 <a target=\"_blank\" href=\"https:\/\/www.sofoot.com\/breves\/feyenoord-benfica-bruges-qui-sont-les-potentiels-adversaires-de-nice-en-tour-preliminaire-de-ligue-des-champions\" rel=\"nofollow noopener\">Nice ambitionne de disputer la Ligue des champions<\/a>.<\/strong> Il faudra pour cela en passer par deux tours suppl\u00e9mentaires, \u00e0 l\u2019image de ce qu\u2019avaient d\u00fb r\u00e9aliser les Lillois l\u2019ann\u00e9e derni\u00e8re. <strong>Les qualifications d\u00e9buteront avec le match aller le 5 ou 6 ao\u00fbt prochain<\/strong> et le match retour le 12 ao\u00fbt.<\/p>\n<p data-start=\"1360\" data-end=\"1405\">Attention de ne pas rester sur le tarmac.<\/p>\n<p>\t\t\t\t\t\t\t\t\t\t<a class=\"lien-connexe\" href=\"https:\/\/www.sofoot.com\/breves\/logc-nice-apporte-son-soutien-a-notre-journaliste-christophe-gleizes-toujours-enferme-en-algerie\" rel=\"nofollow noopener\" target=\"_blank\">L\u2019OGC Nice apporte son soutien \u00e0 Christophe Gleizes<\/a>\t\t\t\t\t<\/p>\n","protected":false},"excerpt":{"rendered":"\u00c7a fait \u00e7a en moins pour l\u2019empreinte carbone. L\u2019OGC Nice devra patienter avant de lancer sa campagne de&hellip;\n","protected":false},"author":2,"featured_media":227296,"comment_status":"","ping_status":"","sticky":false,"template":"","format":"standard","meta":{"footnotes":""},"categories":[2819],"tags":[1111,47,11,61,69,65,64,1777,674,63,1011,27,68,66,12,62,2401,70,882,25,67],"class_list":{"0":"post-227295","1":"post","2":"type-post","3":"status-publish","4":"format-standard","5":"has-post-thumbnail","7":"category-nice","8":"tag-actu","9":"tag-actualite","10":"tag-actualites","11":"tag-actus-football","12":"tag-bundesliga","13":"tag-championnats-europeens","14":"tag-equipe-de-france","15":"tag-eu","16":"tag-europe","17":"tag-football","18":"tag-fr","19":"tag-france","20":"tag-ligua","21":"tag-ligue-1","22":"tag-news","23":"tag-news-foot","24":"tag-nice","25":"tag-premier-league","26":"tag-provence-alpes-cote-dazur","27":"tag-republique-francaise","28":"tag-serie-a"},"share_on_mastodon":{"url":"https:\/\/pubeurope.com\/@fr\/114798766444722159","error":""},"_links":{"self":[{"href":"https:\/\/www.europesays.com\/fr\/wp-json\/wp\/v2\/posts\/227295","targetHints":{"allow":["GET"]}}],"collection":[{"href":"https:\/\/www.europesays.com\/fr\/wp-json\/wp\/v2\/posts"}],"about":[{"href":"https:\/\/www.europesays.com\/fr\/wp-json\/wp\/v2\/types\/post"}],"author":[{"embeddable":true,"href":"https:\/\/www.europesays.com\/fr\/wp-json\/wp\/v2\/users\/2"}],"replies":[{"embeddable":true,"href":"https:\/\/www.europesays.com\/fr\/wp-json\/wp\/v2\/comments?post=227295"}],"version-history":[{"count":0,"href":"https:\/\/www.europesays.com\/fr\/wp-json\/wp\/v2\/posts\/227295\/revisions"}],"wp:featuredmedia":[{"embeddable":true,"href":"https:\/\/www.europesays.com\/fr\/wp-json\/wp\/v2\/media\/227296"}],"wp:attachment":[{"href":"https:\/\/www.europesays.com\/fr\/wp-json\/wp\/v2\/media?parent=227295"}],"wp:term":[{"taxonomy":"category","embeddable":true,"href":"https:\/\/www.europesays.com\/fr\/wp-json\/wp\/v2\/categories?post=227295"},{"taxonomy":"post_tag","embeddable":true,"href":"https:\/\/www.europesays.com\/fr\/wp-json\/wp\/v2\/tags?post=227295"}],"curies":[{"name":"wp","href":"https:\/\/api.w.org\/{rel}","templated":true}]}}