{"id":227301,"date":"2025-07-05T04:38:24","date_gmt":"2025-07-05T04:38:24","guid":{"rendered":"https:\/\/www.europesays.com\/fr\/227301\/"},"modified":"2025-07-05T04:38:24","modified_gmt":"2025-07-05T04:38:24","slug":"une-adolescente-de-15-ans-percutee-par-un-tramway","status":"publish","type":"post","link":"https:\/\/www.europesays.com\/fr\/227301\/","title":{"rendered":"une adolescente de 15 ans percut\u00e9e par un tramway"},"content":{"rendered":"<p>La jeune fille de 15 ans, transf\u00e9r\u00e9e en \u00e9tat d\u2019urgence absolue au CHU de Bordeaux ce mercredi, aurait travers\u00e9 de mani\u00e8re imprudente alors que le tramway arrivait.<\/p>\n<p class=\"fig-paragraph\">Une adolescente de 15 ans a \u00e9t\u00e9 transf\u00e9r\u00e9e en \u00e9tat d\u2019urgence absolue au\u00a0<a href=\"http:\/\/www.lefigaro.fr\/bordeaux\/femme-amputee-des-quatre-membres-apres-une-ivg-les-deux-medecins-du-chu-condamnes-a-de-la-prison-avec-sursis-20250415\" data-fig-type=\"NewsFlash\" data-gtm-custom-categorie=\"navigation\" data-gtm-custom-action=\"crossclick\" data-gtm-custom-label=\"Contextuel\" data-gtm-event=\"customEventSPE\" data-fig-domain=\"LEFIGARO\" rel=\"nofollow noopener\" target=\"_blank\">CHU de Bordeaux<\/a>\u00a0apr\u00e8s avoir \u00e9t\u00e9 heurt\u00e9e par un\u00a0<a href=\"http:\/\/www.lefigaro.fr\/bordeaux\/a-bordeaux-les-travaux-sur-le-pont-de-pierre-sement-la-zizanie-apres-l-arret-de-la-circulation-des-tramways-20250604\" data-fig-type=\"NewsFlash\" data-gtm-custom-categorie=\"navigation\" data-gtm-custom-action=\"crossclick\" data-gtm-custom-label=\"Contextuel\" data-gtm-event=\"customEventSPE\" data-fig-domain=\"LEFIGARO\" rel=\"nofollow noopener\" target=\"_blank\">tramway<\/a>, mercredi. Le drame s\u2019est d\u00e9roul\u00e9 \u00e0 la station \u00c9mile Counord, situ\u00e9e sur la ligne C, \u00e0 deux pas de la cit\u00e9 du\u00a0<a href=\"http:\/\/www.lefigaro.fr\/bordeaux\/a-bordeaux-des-prieres-de-rue-au-coeur-d-un-desaccord-entre-la-mairie-et-la-mosquee-du-grand-parc-20230128\" data-fig-type=\"NewsFlash\" data-gtm-custom-categorie=\"navigation\" data-gtm-custom-action=\"crossclick\" data-gtm-custom-label=\"Contextuel\" data-gtm-event=\"customEventSPE\" data-fig-domain=\"LEFIGARO\" rel=\"nofollow noopener\" target=\"_blank\">Grand Parc<\/a>, vers 14h50.<\/p>\n<p class=\"fig-paragraph\">Les pompiers ont d\u00fb d\u00e9gager la jeune de fille de sous la rame pour lui porter secours. La victime \u00e9tait accompagn\u00e9e d\u2019une amie, qui n\u2019a pas \u00e9t\u00e9 bless\u00e9e physiquement, mais, profond\u00e9ment choqu\u00e9e, a \u00e9t\u00e9 prise en charge au service p\u00e9diatrique de l\u2019h\u00f4pital Pellegrin.<\/p>\n<p>                                    <a class=\"fig-a11y-skip a11y-hidden\" href=\"#fig-a11y-skip-main-inarticle\"><br \/>\n        Passer la publicit\u00e9<br \/>\n    <\/a><\/p>\n<p class=\"fig-paragraph\">Selon plusieurs sources concordantes, l\u2019accident aurait \u00e9t\u00e9 provoqu\u00e9 par la travers\u00e9e imprudente des deux pi\u00e9tonnes &#8211; qui n\u2019auraient pas vu le tramway arriver. Le conducteur de l\u2019engin, \u00e9galement boulevers\u00e9, a \u00e9t\u00e9 pris en charge par\u00a0<a href=\"http:\/\/www.lefigaro.fr\/bordeaux\/je-suis-sorti-en-pleurant-le-chauffeur-de-bus-bordelais-agresse-raconte-au-figaro-sa-convocation-avec-ses-superieurs-20250624\" data-fig-type=\"NewsFlash\" data-gtm-custom-categorie=\"navigation\" data-gtm-custom-action=\"crossclick\" data-gtm-custom-label=\"Contextuel\" data-gtm-event=\"customEventSPE\" data-fig-domain=\"LEFIGARO\" rel=\"nofollow noopener\" target=\"_blank\">Keolis<\/a>. \u00abCe type d\u2019accidents est toujours un choc pour l\u2019entreprise. Nous le d\u00e9plorons et continuons \u00e0 faire de la s\u00e9curit\u00e9 des transports une priorit\u00e9\u00bb, indique le gestionnaire du r\u00e9seau Transports Bordeaux M\u00e9tropole (TBM).<\/p>\n<p class=\"fig-paragraph\">Une enqu\u00eate, men\u00e9e par la police nationale, est en cours pour d\u00e9terminer les circonstances de l\u2019accident.<\/p>\n","protected":false},"excerpt":{"rendered":"La jeune fille de 15 ans, transf\u00e9r\u00e9e en \u00e9tat d\u2019urgence absolue au CHU de Bordeaux ce mercredi, aurait&hellip;\n","protected":false},"author":2,"featured_media":227302,"comment_status":"","ping_status":"","sticky":false,"template":"","format":"standard","meta":{"footnotes":""},"categories":[2817],"tags":[119,1111,11,13008,1997,1777,674,1011,27,12,2219,25,4109],"class_list":{"0":"post-227301","1":"post","2":"type-post","3":"status-publish","4":"format-standard","5":"has-post-thumbnail","7":"category-bordeaux","8":"tag-accident","9":"tag-actu","10":"tag-actualites","11":"tag-adolescente","12":"tag-bordeaux","13":"tag-eu","14":"tag-europe","15":"tag-fr","16":"tag-france","17":"tag-news","18":"tag-nouvelle-aquitaine","19":"tag-republique-francaise","20":"tag-tramway"},"share_on_mastodon":{"url":"https:\/\/pubeurope.com\/@fr\/114798782315883636","error":""},"_links":{"self":[{"href":"https:\/\/www.europesays.com\/fr\/wp-json\/wp\/v2\/posts\/227301","targetHints":{"allow":["GET"]}}],"collection":[{"href":"https:\/\/www.europesays.com\/fr\/wp-json\/wp\/v2\/posts"}],"about":[{"href":"https:\/\/www.europesays.com\/fr\/wp-json\/wp\/v2\/types\/post"}],"author":[{"embeddable":true,"href":"https:\/\/www.europesays.com\/fr\/wp-json\/wp\/v2\/users\/2"}],"replies":[{"embeddable":true,"href":"https:\/\/www.europesays.com\/fr\/wp-json\/wp\/v2\/comments?post=227301"}],"version-history":[{"count":0,"href":"https:\/\/www.europesays.com\/fr\/wp-json\/wp\/v2\/posts\/227301\/revisions"}],"wp:featuredmedia":[{"embeddable":true,"href":"https:\/\/www.europesays.com\/fr\/wp-json\/wp\/v2\/media\/227302"}],"wp:attachment":[{"href":"https:\/\/www.europesays.com\/fr\/wp-json\/wp\/v2\/media?parent=227301"}],"wp:term":[{"taxonomy":"category","embeddable":true,"href":"https:\/\/www.europesays.com\/fr\/wp-json\/wp\/v2\/categories?post=227301"},{"taxonomy":"post_tag","embeddable":true,"href":"https:\/\/www.europesays.com\/fr\/wp-json\/wp\/v2\/tags?post=227301"}],"curies":[{"name":"wp","href":"https:\/\/api.w.org\/{rel}","templated":true}]}}