{"id":227307,"date":"2025-07-05T04:41:09","date_gmt":"2025-07-05T04:41:09","guid":{"rendered":"https:\/\/www.europesays.com\/fr\/227307\/"},"modified":"2025-07-05T04:41:09","modified_gmt":"2025-07-05T04:41:09","slug":"revocation-confirmee-pour-lagent-taquin-et-extraverti","status":"publish","type":"post","link":"https:\/\/www.europesays.com\/fr\/227307\/","title":{"rendered":"r\u00e9vocation confirm\u00e9e pour l&rsquo;agent \u00ab\u00a0taquin\u00a0\u00bb et \u00ab\u00a0extraverti\u00a0\u00bb"},"content":{"rendered":"<p>            Par<br \/>\n        <strong><br \/>\n            <a href=\"https:\/\/actu.fr\/auteur\/redaction-lille\" title=\"Consulter tous les articles de R\u00e9daction Lille\" rel=\"nofollow noopener\" target=\"_blank\">R\u00e9daction Lille<\/a><br \/>\n        <\/strong><\/p>\n<p>        Publi\u00e9 le<\/p>\n<p>            5 juil. 2025 \u00e0 6h20        <\/p>\n<p>C\u2019est act\u00e9. La <b>cour administrative d\u2019appel<\/b> de <a href=\"https:\/\/actu.fr\/hauts-de-france\/douai_59178\" rel=\"nofollow noopener\" target=\"_blank\">Douai<\/a> a valid\u00e9 \u00e0 son tour la r\u00e9vocation d\u2019un <b>agent des services hospitaliers<\/b> qualifi\u00e9 (ASHQ) du p\u00f4le psychiatrie du <b>Centre hospitalier universitaire<\/b> <a href=\"https:\/\/actu.fr\/tag\/chu-de-lille\" rel=\"nofollow noopener\" target=\"_blank\">(CHU) de Lille (Nord)<\/a>. Celui-ci avait \u00e9t\u00e9 <b>mis en cause par ses coll\u00e8gues<\/b> pour des \u00ab\u00a0<b>attouchements sexuels<\/b>\u00ab\u00a0.<\/p>\n<p>Les gestes obsc\u00e8nes d\u2019un agent du CHU de Lille<\/p>\n<p class=\" wall-content\">Cet agent recrut\u00e9 comme contractuel en 2015 puis titularis\u00e9 en 2017 avait \u00e9t\u00e9 suspendu en\u00a0janvier 2020 au terme d\u2019une \u00ab\u00a0enqu\u00eate administrative\u00a0\u00bb o\u00f9 \u00ab\u00a0plus d\u2019<b>une vingtaine\u00a0\u00bb de personnes avaient \u00e9t\u00e9 entendues<\/b>. De \u00ab\u00a0nombreux\u00a0\u00bb t\u00e9moignages, \u00ab\u00a0circonstanci\u00e9s\u00a0\u00bb et \u00ab\u00a0tr\u00e8s largement concordants\u00a0\u00bb, avaient alors fait \u00e9tat du fait qu\u2019il tenait \u00ab\u00a0tr\u00e8s r\u00e9guli\u00e8rement\u00a0\u00bb des <b>propos \u00e0 \u00ab\u00a0connotation sexuelle\u00a0\u00bb<\/b> devant ses coll\u00e8gues. Des \u00ab\u00a0<b>gestes \u00e9quivoques voire obsc\u00e8nes<\/b> \u00e0 l\u2019\u00e9gard de <b>coll\u00e8gues de sexe masculin<\/b>\u00a0\u00bb avaient aussi \u00e9t\u00e9 mis au jour par cette enqu\u00eate.<\/p>\n<p class=\" wall-content\">Une \u00ab\u00a0<b>plainte<\/b>\u00a0\u00bb avait d\u2019ailleurs \u00e9t\u00e9 <b>d\u00e9pos\u00e9e par l\u2019un de ses coll\u00e8gues<\/b> en ao\u00fbt 2020 au <b>commissariat de police<\/b> de <a href=\"https:\/\/actu.fr\/hauts-de-france\/lille_59350\" rel=\"nofollow noopener\" target=\"_blank\">Lille<\/a> apr\u00e8s une \u00ab\u00a0<b>agression sexuelle commise dans un ascenseur<\/b> (\u2026) en pr\u00e9sence de trois coll\u00e8gues f\u00e9minines\u00a0\u00bb. Il lui aurait aussi \u00ab\u00a0touch\u00e9 le sexe et les fesses dans les vestiaires\u00a0\u00bb du CHU de Lille, \u00ab\u00a0de mani\u00e8re brutale\u00a0\u00bb.<\/p>\n<p class=\" wall-content\">Si aucune \u00ab\u00a0suite p\u00e9nale\u00a0\u00bb n\u2019y avait \u00e9t\u00e9 donn\u00e9e, un autre agent avait confirm\u00e9 que le requ\u00e9rant \u00ab\u00a0pouvait <b>toucher les parties intimes des hommes<\/b>\u00a0\u00bb : il avait \u00ab\u00a0tent\u00e9 de le faire\u00a0\u00bb avec lui mais il l\u2019avait \u00ab\u00a0repouss\u00e9\u00a0\u00bb. Le m\u00eame agent avait ensuite observ\u00e9 que le requ\u00e9rant s\u2019en prenait \u00e0 deux coll\u00e8gues \u00ab\u00a0presque tous les jours\u00a0\u00bb. Un quatri\u00e8me avait confirm\u00e9 les \u00ab\u00a0<b>mains baladeuses<\/b>\u00a0\u00bb du principal int\u00e9ress\u00e9, qui avait d\u00e9j\u00e0 \u00ab\u00a0pris la t\u00eate\u00a0\u00bb d\u2019un autre agent \u00e0 c\u00f4t\u00e9 de lui \u00ab\u00a0pour l\u2019amener au niveau de son entre-jambes en l\u2019invitant cr\u00fbment \u00e0 pratiquer une caresse buccale\u00a0\u00bb.<\/p>\n<p>Des accusations dues a \u00ab\u00a0l\u2019inimiti\u00e9\u00a0\u00bb de ses coll\u00e8gues<\/p>\n<p class=\" wall-content\">Le requ\u00e9rant \u2013 qui imputait toutes ces accusations \u00e0 \u00ab\u00a0l\u2019inimiti\u00e9\u00a0\u00bb de ses coll\u00e8gues \u2013 avait par la suite \u00e9t\u00e9 r\u00e9voqu\u00e9 par le CHU de Lille. <b>D\u00e9bout\u00e9 par le tribunal administratif de Lille<\/b> en octobre 2023, il avait fait appel pour \u00eatre r\u00e9int\u00e9gr\u00e9 \u00ab\u00a0dans un d\u00e9lai d\u2019un mois\u00a0\u00bb. \u00ab\u00a0Aucun des faits reproch\u00e9s\u00a0\u00bb n\u2019\u00e9tait en effet \u00ab\u00a0\u00e9tabli\u00a0\u00bb, du point de vue de cet agent qui se disait d\u2019abord \u00ab\u00a0taquin\u00a0\u00bb, \u00ab\u00a0extraverti\u00a0\u00bb, \u00ab\u00a0franc et direct\u00a0\u00bb ; dans ces conditions, sa r\u00e9vocation constituait assur\u00e9ment une sanction \u00ab\u00a0disproportionn\u00e9e\u00a0\u00bb.<\/p>\n<p class=\" wall-content\">Mais \u00ab\u00a0son comportement est \u00e0 l\u2019origine d\u2019une d\u00e9gradation du climat au sein du service dans lequel il est affect\u00e9 ainsi que de <b>d\u00e9sorganisations et de dysfonctionnements<\/b>\u00ab\u00a0,\u00a0objecte la cour administrative d\u2019appel de Douai dans un arr\u00eat en date du 9 avril 2025 qui vient d\u2019\u00eatre rendu public.\u00a0Il est susceptible d\u2019avoir des cons\u00e9quences \u00ab\u00a0sur la s\u00e9curit\u00e9 des soins\u00a0\u00bb.\u00a0\u00ab\u00a0De par leur accumulation et leur r\u00e9p\u00e9tition\u00a0\u00bb, les faits \u00ab\u00a0pr\u00e9sentent (\u2026) une gravit\u00e9 certaine et r\u00e9v\u00e8lent un comportement incompatible avec l\u2019exercice au sein du service public hospitalier\u00a0\u00bb.<\/p>\n<p class=\" wall-content\">\u00ab\u00a0Plusieurs de ses coll\u00e8gues se sont en effet plac\u00e9s en <b>arr\u00eat de travail \u00e0 la suite d\u2019incidents<\/b> avec lui ou <b>refusent d\u00e9sormais de faire \u00e9quipe avec lui<\/b>\u00ab\u00a0, font observer les juges d\u2019appel. En premi\u00e8re instance d\u00e9j\u00e0, leurs homologues du tribunal administratif de Lille avaient rappel\u00e9 les \u00ab\u00a0<b>propos racistes et discriminatoires<\/b>\u00a0\u00bb du requ\u00e9rant, son \u00ab\u00a0non-respect de l\u2019encadrement\u00a0\u00bb et son \u00ab\u00a0agressivit\u00e9 verbale\u00a0\u00bb.\u00a0\u00ab\u00a0Les nouveaux n\u2019osent rien dire\u00a0\u00bb, avait ainsi t\u00e9moign\u00e9 un agent au cours de l\u2019enqu\u00eate administrative.<\/p>\n<p class=\" wall-content\">\u00ab\u00a0Il\u00a0<b>d\u00e9nigre \u00e9galement souvent les personnes avec lesquelles il travaille<\/b> pour des motifs tenant \u00e0 leurs origines, leurs appartenances religieuses ou leurs physiques\u00a0\u00bb, confirme la cour administrative d\u2019appel de Douai.<\/p>\n<p class=\" wall-content\">\u00ab\u00a0Il adopte enfin syst\u00e9matiquement une <b>attitude tant\u00f4t acrimonieuse, tant\u00f4t franchement agressive<\/b>, \u00e0 l\u2019\u00e9gard de ses sup\u00e9rieures.\u00a0\u00bb Celles-ci l\u2019avaient pourtant alert\u00e9 \u00ab\u00a0\u00e0 de nombreuses reprises\u00a0\u00bb sur son \u00ab\u00a0comportement g\u00e9n\u00e9ral\u00a0\u00bb, lors d\u2019entretiens annuels d\u2019\u00e9valuation ou \u00ab\u00a0de recadrage\u00a0\u00bb, mais \u00ab\u00a0sans que cela ne l\u2019am\u00e8ne \u00e0 le modifier\u00a0\u00bb\u2026<\/p>\n<p class=\" wall-content\">Le requ\u00e9rant a donc \u00e9t\u00e9 nouvelle fois d\u00e9bout\u00e9 et devra m\u00eame verser 1 500 \u20ac \u00e0 son ancien employeur, le CHU de Lille, pour ses frais de justice.<\/p>\n<p class=\" wall-content\"><b>MJ (PressPepper)<\/b><\/p>\n<p class=\" wall-content\">Suivez toute l\u2019actualit\u00e9 de vos villes et m\u00e9dias favoris en vous inscrivant \u00e0 <a href=\"https:\/\/moncompte.actu.fr\" title=\"D\u00e9couvez Mon Actu\" rel=\"nofollow noopener\" data-trk=\"{&quot;cta&quot;:{&quot;action&quot;:&quot;https:\\\/\\\/moncompte.actu.fr&quot;,&quot;category&quot;:&quot;mon compte&quot;,&quot;from&quot;:&quot;article footer&quot;,&quot;name&quot;:&quot;Mon actu&quot;,&quot;type&quot;:&quot;cta&quot;}}\" target=\"_blank\">Mon Actu<\/a>.<\/p>\n<ul class=\"ac-article-tag wall-content\">\n<li><a href=\"https:\/\/actu.fr\/tag\/chu-de-lille\" data-trk=\"{&quot;cta&quot;:{&quot;action&quot;:&quot;CHU de Lille&quot;,&quot;category&quot;:&quot;tag&quot;,&quot;from&quot;:&quot;article footer&quot;,&quot;name&quot;:&quot;CHU de Lille&quot;,&quot;type&quot;:&quot;cta&quot;}}\" rel=\"nofollow noopener\" target=\"_blank\">#CHU de Lille<\/a><\/li>\n<li><a href=\"https:\/\/actu.fr\/tag\/violences-sexuelles\" data-trk=\"{&quot;cta&quot;:{&quot;action&quot;:&quot;Violences sexuelles&quot;,&quot;category&quot;:&quot;tag&quot;,&quot;from&quot;:&quot;article footer&quot;,&quot;name&quot;:&quot;Violences sexuelles&quot;,&quot;type&quot;:&quot;cta&quot;}}\" rel=\"nofollow noopener\" target=\"_blank\">#Violences sexuelles<\/a><\/li>\n<\/ul>\n","protected":false},"excerpt":{"rendered":"Par R\u00e9daction Lille Publi\u00e9 le 5 juil. 2025 \u00e0 6h20 C\u2019est act\u00e9. La cour administrative d\u2019appel de Douai&hellip;\n","protected":false},"author":2,"featured_media":227308,"comment_status":"","ping_status":"","sticky":false,"template":"","format":"standard","meta":{"footnotes":""},"categories":[2815],"tags":[1111,11,25689,1777,674,118,1011,27,811,1307,12,25,799],"class_list":{"0":"post-227307","1":"post","2":"type-post","3":"status-publish","4":"format-standard","5":"has-post-thumbnail","7":"category-lille","8":"tag-actu","9":"tag-actualites","10":"tag-chu-de-lille","11":"tag-eu","12":"tag-europe","13":"tag-faits-divers","14":"tag-fr","15":"tag-france","16":"tag-hauts-de-france","17":"tag-lille","18":"tag-news","19":"tag-republique-francaise","20":"tag-violences-sexuelles"},"share_on_mastodon":{"url":"https:\/\/pubeurope.com\/@fr\/114798794134874198","error":""},"_links":{"self":[{"href":"https:\/\/www.europesays.com\/fr\/wp-json\/wp\/v2\/posts\/227307","targetHints":{"allow":["GET"]}}],"collection":[{"href":"https:\/\/www.europesays.com\/fr\/wp-json\/wp\/v2\/posts"}],"about":[{"href":"https:\/\/www.europesays.com\/fr\/wp-json\/wp\/v2\/types\/post"}],"author":[{"embeddable":true,"href":"https:\/\/www.europesays.com\/fr\/wp-json\/wp\/v2\/users\/2"}],"replies":[{"embeddable":true,"href":"https:\/\/www.europesays.com\/fr\/wp-json\/wp\/v2\/comments?post=227307"}],"version-history":[{"count":0,"href":"https:\/\/www.europesays.com\/fr\/wp-json\/wp\/v2\/posts\/227307\/revisions"}],"wp:featuredmedia":[{"embeddable":true,"href":"https:\/\/www.europesays.com\/fr\/wp-json\/wp\/v2\/media\/227308"}],"wp:attachment":[{"href":"https:\/\/www.europesays.com\/fr\/wp-json\/wp\/v2\/media?parent=227307"}],"wp:term":[{"taxonomy":"category","embeddable":true,"href":"https:\/\/www.europesays.com\/fr\/wp-json\/wp\/v2\/categories?post=227307"},{"taxonomy":"post_tag","embeddable":true,"href":"https:\/\/www.europesays.com\/fr\/wp-json\/wp\/v2\/tags?post=227307"}],"curies":[{"name":"wp","href":"https:\/\/api.w.org\/{rel}","templated":true}]}}