{"id":227309,"date":"2025-07-05T04:42:13","date_gmt":"2025-07-05T04:42:13","guid":{"rendered":"https:\/\/www.europesays.com\/fr\/227309\/"},"modified":"2025-07-05T04:42:13","modified_gmt":"2025-07-05T04:42:13","slug":"decouvrez-le-parcours-de-la-premiere-etape-du-tour-de-france-2025-a-lille","status":"publish","type":"post","link":"https:\/\/www.europesays.com\/fr\/227309\/","title":{"rendered":"D\u00e9couvrez le parcours de la premi\u00e8re \u00e9tape du Tour de France 2025 \u00e0 Lille"},"content":{"rendered":"<p>            Par<br \/>\n        <strong><br \/>\n            <a href=\"https:\/\/actu.fr\/auteur\/maxime-tsjoen\" title=\"Consulter tous les articles de Maxime T&#039;sjoen\" rel=\"nofollow noopener\" target=\"_blank\">Maxime T&rsquo;sjoen<\/a><br \/>\n        <\/strong><\/p>\n<p>        Publi\u00e9 le<\/p>\n<p>            5 juil. 2025 \u00e0 6h32        <\/p>\n<p>Si les premi\u00e8res ann\u00e9es du <a href=\"https:\/\/actu.fr\/tag\/tour-de-france-2025\" rel=\"nofollow noopener\" target=\"_blank\">Tour de France<\/a> ont fait en sorte de ne pas se rendre dans le Nord, l\u2019\u00e9dition 1906 mettait au programme un parcours Paris-Lille. Ce ne sera pas le cas ce samedi 5 juillet 2025, mais la Grande Boucle remet la capitale des Flandres au centre du cyclisme mondial en y faisant son grand d\u00e9part.<\/p>\n<p>    <img   decoding=\"async\" loading=\"lazy\" src=\"https:\/\/www.europesays.com\/fr\/wp-content\/uploads\/2025\/07\/tdf25-et01-cartepot-v3-1-960x640.png\" alt=\"La carte de la premi\u00e8re \u00e9tape du Tour de France 2025.\" width=\"960\" height=\"640\"\/><br \/>\n    La carte de la premi\u00e8re \u00e9tape du Tour de France 2025. (\u00a9G\u00e9oatlas)<\/p>\n<p class=\" wall-content\">Lille-Lille, une boucle de 185 km qui devrait se terminer au sprint au pied de la citadelle.<\/p>\n<p>Deux petites difficult\u00e9s dans le match pour les pois<\/p>\n<p class=\" wall-content\">Le parcours pr\u00e9sente quelques petites c\u00f4tes, celle de Cassel au km 106 (dont les participants au championnat de France 2023 font encore des cauchemars) et du Mont Noir au km 139.\u00a0<\/p>\n<p class=\" wall-content\">Pas de quoi faire une s\u00e9lection, mais elles d\u00e9livreront quelques points pour le maillot \u00e0 pois de meilleur grimpeur, qui sera port\u00e9 par l\u2019un des coureurs du peloton d\u00e8s ce dimanche.<\/p>\n<p class=\" wall-content\">En revanche, ces petites c\u00f4tes ne devraient pas permettre de faire gagner un puncheur. Ainsi, Christian Prudhomme, le directeur du Tour de France, pronostique un sprint massif avec \u00ab\u00a0une occasion de porter le maillot jaune\u00a0\u00bb rare pour un sprinteur, nous expliquait-il dans un <a href=\"https:\/\/actu.fr\/sports\/cyclisme\/beau-haletant-spectaculaire-pour-christian-prudhomme-le-tour-de-france-2025-va-faire-rever-les-gamins_62071997.html\" rel=\"nofollow noopener\" target=\"_blank\">entretien<\/a>.\u00a0<\/p>\n<p>    <img   decoding=\"async\" loading=\"lazy\" src=\"https:\/\/www.europesays.com\/fr\/wp-content\/uploads\/2025\/07\/tdf25-profil-et01-1-960x640.png\" alt=\"Le profil de la premi\u00e8re \u00e9tape.\" width=\"960\" height=\"640\"\/><br \/>\n    Le profil de la premi\u00e8re \u00e9tape. (\u00a9A.S.O)<\/p>\n<p class=\" wall-content\">Pour rappel, \u00ab\u00a0Alexander Kristoff a \u00e9t\u00e9 le dernier pur sprinteur habill\u00e9 de jaune apr\u00e8s la premi\u00e8re \u00e9tape, lors du Grand D\u00e9part 2020 \u00e0 Nice\u00a0\u00bb. Les grosses cuisses ont donc coch\u00e9 cette \u00e9tape depuis un long moment.<\/p>\n<p>C\u00f4t\u00e9 histoire<\/p>\n<p>La premi\u00e8re \u00e9tape avec une arriv\u00e9e \u00e0 Lille a donc eu lieu en 1906 \u00e0 l&rsquo;issue d&rsquo;un Paris-Lille qui voit Emile Georget, \u00e9m\u00e9rite coureur du centre de la France, lever les bras. La derni\u00e8re fois qu&rsquo;une \u00e9tape est arriv\u00e9e \u00e0 Lille, c&rsquo;est Marcel Kittel qui s&rsquo;\u00e9tait impos\u00e9 en 2014, dans une arriv\u00e9e&#8230; au sprint.<\/p>\n<p>\u00c0 quelle heure regarder la course ?<\/p>\n<p class=\" wall-content\">Les favoris du jour sont donc les sprinteurs. Si l\u2019on devait miser sur un coureur, Jasper Philipsen serait en p\u00f4le position, bien \u00e9paul\u00e9 par son super poisson pilote <a href=\"https:\/\/actu.fr\/sports\/cyclisme\/crachats-urine-bidon-pourquoi-mathieu-van-der-poel-s-en-prend-plein-la-figure-par-certains-spectateurs_62508963.html\" rel=\"nofollow noopener\" target=\"_blank\">Mathieu van der Poel.\u00a0<\/a><\/p>\n<p class=\" wall-content\">Biniam Girmay, vainqueur du maillot vert en 2024, fait partie des pr\u00e9tendants.<\/p>\n<p class=\" wall-content\">Si vous ne voulez pas regarder l\u2019ensemble de l\u2019\u00e9tape, on vous conseille d\u2019allumer un peu avant 16 h, au moment du passage de la C\u00f4te de Cassel.<\/p>\n<p class=\" wall-content\">Pour rappel, la course est diffus\u00e9e en int\u00e9gralit\u00e9 sur\u00a0France T\u00e9l\u00e9visions et Eurosport.<\/p>\n<p class=\" wall-content\">Suivez toute l\u2019actualit\u00e9 de vos villes et m\u00e9dias favoris en vous inscrivant \u00e0 <a href=\"https:\/\/moncompte.actu.fr\" title=\"D\u00e9couvez Mon Actu\" rel=\"nofollow noopener\" data-trk=\"{&quot;cta&quot;:{&quot;action&quot;:&quot;https:\\\/\\\/moncompte.actu.fr&quot;,&quot;category&quot;:&quot;mon compte&quot;,&quot;from&quot;:&quot;article footer&quot;,&quot;name&quot;:&quot;Mon actu&quot;,&quot;type&quot;:&quot;cta&quot;}}\" target=\"_blank\">Mon Actu<\/a>.<\/p>\n<ul class=\"ac-article-tag wall-content\">\n<li><a href=\"https:\/\/actu.fr\/tag\/tour-de-france\" data-trk=\"{&quot;cta&quot;:{&quot;action&quot;:&quot;Tour de France&quot;,&quot;category&quot;:&quot;tag&quot;,&quot;from&quot;:&quot;article footer&quot;,&quot;name&quot;:&quot;Tour de France&quot;,&quot;type&quot;:&quot;cta&quot;}}\" rel=\"nofollow noopener\" target=\"_blank\">#Tour de France<\/a><\/li>\n<li><a href=\"https:\/\/actu.fr\/tag\/tour-de-france-2025\" data-trk=\"{&quot;cta&quot;:{&quot;action&quot;:&quot;Tour de France 2025&quot;,&quot;category&quot;:&quot;tag&quot;,&quot;from&quot;:&quot;article footer&quot;,&quot;name&quot;:&quot;Tour de France 2025&quot;,&quot;type&quot;:&quot;cta&quot;}}\" rel=\"nofollow noopener\" target=\"_blank\">#Tour de France 2025<\/a><\/li>\n<\/ul>\n","protected":false},"excerpt":{"rendered":"Par Maxime T&rsquo;sjoen Publi\u00e9 le 5 juil. 2025 \u00e0 6h32 Si les premi\u00e8res ann\u00e9es du Tour de France&hellip;\n","protected":false},"author":2,"featured_media":227310,"comment_status":"","ping_status":"","sticky":false,"template":"","format":"standard","meta":{"footnotes":""},"categories":[2815],"tags":[1111,11,1777,674,3696,1011,27,811,1307,12,25,210,2116],"class_list":{"0":"post-227309","1":"post","2":"type-post","3":"status-publish","4":"format-standard","5":"has-post-thumbnail","7":"category-lille","8":"tag-actu","9":"tag-actualites","10":"tag-eu","11":"tag-europe","12":"tag-evenements","13":"tag-fr","14":"tag-france","15":"tag-hauts-de-france","16":"tag-lille","17":"tag-news","18":"tag-republique-francaise","19":"tag-tour-de-france","20":"tag-tour-de-france-2025"},"share_on_mastodon":{"url":"https:\/\/pubeurope.com\/@fr\/114798798080455680","error":""},"_links":{"self":[{"href":"https:\/\/www.europesays.com\/fr\/wp-json\/wp\/v2\/posts\/227309","targetHints":{"allow":["GET"]}}],"collection":[{"href":"https:\/\/www.europesays.com\/fr\/wp-json\/wp\/v2\/posts"}],"about":[{"href":"https:\/\/www.europesays.com\/fr\/wp-json\/wp\/v2\/types\/post"}],"author":[{"embeddable":true,"href":"https:\/\/www.europesays.com\/fr\/wp-json\/wp\/v2\/users\/2"}],"replies":[{"embeddable":true,"href":"https:\/\/www.europesays.com\/fr\/wp-json\/wp\/v2\/comments?post=227309"}],"version-history":[{"count":0,"href":"https:\/\/www.europesays.com\/fr\/wp-json\/wp\/v2\/posts\/227309\/revisions"}],"wp:featuredmedia":[{"embeddable":true,"href":"https:\/\/www.europesays.com\/fr\/wp-json\/wp\/v2\/media\/227310"}],"wp:attachment":[{"href":"https:\/\/www.europesays.com\/fr\/wp-json\/wp\/v2\/media?parent=227309"}],"wp:term":[{"taxonomy":"category","embeddable":true,"href":"https:\/\/www.europesays.com\/fr\/wp-json\/wp\/v2\/categories?post=227309"},{"taxonomy":"post_tag","embeddable":true,"href":"https:\/\/www.europesays.com\/fr\/wp-json\/wp\/v2\/tags?post=227309"}],"curies":[{"name":"wp","href":"https:\/\/api.w.org\/{rel}","templated":true}]}}