{"id":227313,"date":"2025-07-05T04:45:09","date_gmt":"2025-07-05T04:45:09","guid":{"rendered":"https:\/\/www.europesays.com\/fr\/227313\/"},"modified":"2025-07-05T04:45:09","modified_gmt":"2025-07-05T04:45:09","slug":"lyon-cette-piscine-avec-toboggan-rouvre-en-avance-apres-les-travaux-des-260-euros","status":"publish","type":"post","link":"https:\/\/www.europesays.com\/fr\/227313\/","title":{"rendered":"Lyon. Cette piscine avec toboggan rouvre en avance apr\u00e8s les travaux, d\u00e8s 2,60 euros"},"content":{"rendered":"<p>            Par<br \/>\n        <strong><br \/>\n            <a href=\"https:\/\/actu.fr\/auteur\/theo-zuili\" title=\"Consulter tous les articles de Th\u00e9o Zuili\" target=\"_blank\" rel=\"noopener\">Th\u00e9o Zuili<\/a><br \/>\n        <\/strong><\/p>\n<p>        Publi\u00e9 le<\/p>\n<p>            5 juil. 2025 \u00e0 6h16        <\/p>\n<p>Elle ne devait pas rouvrir avant le 9 juillet : la piscine de la Duch\u00e8re, situ\u00e9e avenue Sakharov dans le 9\u1d49 arrondissement de <a href=\"https:\/\/actu.fr\/auvergne-rhone-alpes\/lyon_69123\" target=\"_blank\" rel=\"noopener\">Lyon<\/a>, ouvre finalement d\u00e8s ce samedi 5 juillet. De quoi faire des heureux en p\u00e9riode de fortes chaleurs : les habitants peuvent retrouver leur piscine de quartier ce week-end, avec quelques jours d\u2019avance.<\/p>\n<p>    <a href=\"https:\/\/www.google.com\/maps\/embed?pb=!1m18!1m12!1m3!1d13046.56601842407!2d4.794281405499948!3d45.7895953453084!2m3!1f0!2f0!3f0!3m2!1i1024!2i768!4f13.1!3m3!1m2!1s0x47f4eb5c92dd7a4f%3A0x9a953a0822c8ead6!2sPiscine%20de%20la%20Duch%C3%A8re!5e1!3m2!1sfr!2sfr!4v1751632573002!5m2!1sfr!2sfr\" title=\"Ouvrie le lien\" target=\"_blank\" rel=\"noopener\">Cliquez ici pour visualiser le contenu<\/a><\/p>\n<p>Ce qui change avec les travaux<\/p>\n<p class=\" wall-content\">En raison de travaux d\u2019entretien et de r\u00e9novation, la piscine de <a href=\"https:\/\/actu.fr\/tag\/la-duchere\" target=\"_blank\" rel=\"noopener\">la Duch\u00e8re<\/a> \u00e9tait rest\u00e9e portes closes au moment de l\u2019ouverture habituelle, au mois de juin. Elle rouvre <strong>d\u00e8s 10h30 samedi<\/strong> apr\u00e8s une p\u00e9riode caniculaire et alors que la semaine prochaine <a href=\"https:\/\/actu.fr\/lyon\/meteo\" target=\"_blank\" rel=\"noopener\">s\u2019annonce \u00e0 nouveau au-dessus des normales<\/a> de saison.<\/p>\n<p class=\" wall-content\">Remplacement des sols ab\u00eem\u00e9s, refonte de la pataugeoire, de l\u2019espace pique-nique et des vestiaires des femmes\u2026<\/p>\n<p class=\" wall-content\">Le toboggan a eu droit \u00e0 un coup de jeune et un demi-terrain de basketball a \u00e9t\u00e9 cr\u00e9\u00e9 sur place. Une fois la piscine ferm\u00e9e fin ao\u00fbt, ce sera au tour des p\u00e9diluves d\u2019avoir droit \u00e0 une nouvelle beaut\u00e9. Co\u00fbt global : <strong>345 000 euros.<\/strong><\/p>\n<p>Vid\u00e9os : en ce moment sur ActuHoraires et tarifs<\/p>\n<p class=\" wall-content\">Du <strong>5 juillet <\/strong>au <strong>31 ao\u00fbt <\/strong>2025, la piscine de la Duch\u00e8re ouvre aux horaires suivants :<\/p>\n<ul class=\" wall-content\">\n<li>Lundi : 10h30-15h \/ 15h30-20h<\/li>\n<li>Mardi : 10h30-15h \/ 15h30-20h<\/li>\n<li>Mercredi : 10h30-15h \/ 15h30-20h<\/li>\n<li>Jeudi : 10h30-15h \/ 15h30-20h<\/li>\n<li>Vendredi : 12h-20h<\/li>\n<li>Samedi : 10h30-15h \/ 15h30-20h<\/li>\n<li>Dimanche : 10h30-15h \/ 15h30-20h<\/li>\n<\/ul>\n<p class=\" wall-content\">Attention, le toboggan, la pataugeoire et le plongeoir ferment \u00e0 19 heures. La piscine sera ferm\u00e9e les 25 et 26 juillet. C\u00f4t\u00e9 tarifs, il faut compter entre 2,60\u20ac et 4\u20ac. Entr\u00e9e gratuite pour les moins de quatre ans.<\/p>\n<p class=\" wall-content\">Suivez toute l\u2019actualit\u00e9 de vos villes et m\u00e9dias favoris en vous inscrivant \u00e0 <a href=\"https:\/\/moncompte.actu.fr\" title=\"D\u00e9couvez Mon Actu\" rel=\"nofollow noopener\" data-trk=\"{&quot;cta&quot;:{&quot;action&quot;:&quot;https:\\\/\\\/moncompte.actu.fr&quot;,&quot;category&quot;:&quot;mon compte&quot;,&quot;from&quot;:&quot;article footer&quot;,&quot;name&quot;:&quot;Mon actu&quot;,&quot;type&quot;:&quot;cta&quot;}}\" target=\"_blank\">Mon Actu<\/a>.<\/p>\n","protected":false},"excerpt":{"rendered":"Par Th\u00e9o Zuili Publi\u00e9 le 5 juil. 2025 \u00e0 6h16 Elle ne devait pas rouvrir avant le 9&hellip;\n","protected":false},"author":2,"featured_media":227314,"comment_status":"","ping_status":"","sticky":false,"template":"","format":"standard","meta":{"footnotes":""},"categories":[1889],"tags":[1111,11,2430,1777,674,1011,27,5313,2428,12,25,104],"class_list":{"0":"post-227313","1":"post","2":"type-post","3":"status-publish","4":"format-standard","5":"has-post-thumbnail","7":"category-lyon","8":"tag-actu","9":"tag-actualites","10":"tag-auvergne-rhone-alpes","11":"tag-eu","12":"tag-europe","13":"tag-fr","14":"tag-france","15":"tag-la-duchere","16":"tag-lyon","17":"tag-news","18":"tag-republique-francaise","19":"tag-societe"},"share_on_mastodon":{"url":"https:\/\/pubeurope.com\/@fr\/114798810026543237","error":""},"_links":{"self":[{"href":"https:\/\/www.europesays.com\/fr\/wp-json\/wp\/v2\/posts\/227313","targetHints":{"allow":["GET"]}}],"collection":[{"href":"https:\/\/www.europesays.com\/fr\/wp-json\/wp\/v2\/posts"}],"about":[{"href":"https:\/\/www.europesays.com\/fr\/wp-json\/wp\/v2\/types\/post"}],"author":[{"embeddable":true,"href":"https:\/\/www.europesays.com\/fr\/wp-json\/wp\/v2\/users\/2"}],"replies":[{"embeddable":true,"href":"https:\/\/www.europesays.com\/fr\/wp-json\/wp\/v2\/comments?post=227313"}],"version-history":[{"count":0,"href":"https:\/\/www.europesays.com\/fr\/wp-json\/wp\/v2\/posts\/227313\/revisions"}],"wp:featuredmedia":[{"embeddable":true,"href":"https:\/\/www.europesays.com\/fr\/wp-json\/wp\/v2\/media\/227314"}],"wp:attachment":[{"href":"https:\/\/www.europesays.com\/fr\/wp-json\/wp\/v2\/media?parent=227313"}],"wp:term":[{"taxonomy":"category","embeddable":true,"href":"https:\/\/www.europesays.com\/fr\/wp-json\/wp\/v2\/categories?post=227313"},{"taxonomy":"post_tag","embeddable":true,"href":"https:\/\/www.europesays.com\/fr\/wp-json\/wp\/v2\/tags?post=227313"}],"curies":[{"name":"wp","href":"https:\/\/api.w.org\/{rel}","templated":true}]}}