{"id":227319,"date":"2025-07-05T04:49:08","date_gmt":"2025-07-05T04:49:08","guid":{"rendered":"https:\/\/www.europesays.com\/fr\/227319\/"},"modified":"2025-07-05T04:49:08","modified_gmt":"2025-07-05T04:49:08","slug":"cette-technique-ultra-simple-est-a-lorigine-de-centaines-de-vols-de-velibs-par-semaine","status":"publish","type":"post","link":"https:\/\/www.europesays.com\/fr\/227319\/","title":{"rendered":"cette technique ultra simple est \u00e0 l&rsquo;origine de centaines de vols de V\u00e9lib&rsquo;s par semaine"},"content":{"rendered":"<p>            Par<br \/>\n        <strong><br \/>\n            <a href=\"https:\/\/actu.fr\/auteur\/thomas-martin\" title=\"Consulter tous les articles de Thomas Martin\" rel=\"nofollow noopener\" target=\"_blank\">Thomas Martin<\/a><br \/>\n        <\/strong><\/p>\n<p>        Publi\u00e9 le<\/p>\n<p>            5 juil. 2025 \u00e0 6h14        <\/p>\n<p>Alerte rouge sur les <a href=\"https:\/\/actu.fr\/tag\/velib\" rel=\"nofollow noopener\" target=\"_blank\">V\u00e9lib<\/a> \u00e0 Paris. Avec quelque 640 <a href=\"https:\/\/actu.fr\/tag\/velo\" rel=\"nofollow noopener\" target=\"_blank\">v\u00e9los<\/a> qui disparaissent chaque semaine de ses radars, l\u2019Agemob, organisme public qui g\u00e8re les v\u00e9los partag\u00e9s en r\u00e9gion parisienne, tire la sonnette d\u2019alarme concernant un niveau de vandalisme \u00ab\u00a0trois fois sup\u00e9rieur\u00a0\u00bb \u00e0 la normale.\u00a0<\/p>\n<p>3 000 v\u00e9los manquent \u00e0 l\u2019appel<\/p>\n<p class=\" wall-content\">\u00ab\u00a0Ce ne sont que quelques centaines de fraudeurs, mais \u00e7a suffit \u00e0 mettre le syst\u00e8me en l\u2019air\u00a0\u00bb, s\u2019est inqui\u00e9t\u00e9 jeudi aupr\u00e8s de l\u2019AFP Sylvain Raifaud, pr\u00e9sident de l\u2019Agemob. \u00ab\u00a0En ce moment, il nous manque 3 000 v\u00e9los\u00a0\u00bb sur un parc qui doit en principe compter 20 000 V\u00e9lib\u2019 en circulation, 40% d\u2019\u00e9lectriques et 60% de m\u00e9caniques, chiffre-t-il.<\/p>\n<p class=\" wall-content\">\u00ab\u00a0Le ph\u00e9nom\u00e8ne de vandalisme a toujours exist\u00e9, mais il \u00e9tait relativement contenu\u00a0\u00bb jusqu\u2019\u00e0 pr\u00e9sent. Or \u00ab\u00a0l\u00e0, on est sur une alerte, puisque le nombre de v\u00e9los abandonn\u00e9s est trois fois sup\u00e9rieur \u00e0 l\u2019ordinaire (\u2026) depuis un mois\u00a0\u00bb : 640 par semaine, contre 230 habituellement, selon lui.<\/p>\n<p class=\" wall-content\">Comment est-ce possible ? \u00ab\u00a0Des personnes secouent les v\u00e9los jusqu\u2019\u00e0 ce qu\u2019ils se d\u00e9crochent et puis ils partent avec\u00a0\u00bb, indique M. Raifaud. Les engins, qui se bloquent automatiquement apr\u00e8s 24 heures, sont alors abandonn\u00e9es. Probl\u00e8me, \u00ab\u00a0on ne sait pas o\u00f9 sont les v\u00e9los, ils n\u2019ont pas de puce GPS\u00a0\u00bb, d\u00e9plore le pr\u00e9sident de l\u2019organisme.<\/p>\n<p class=\" wall-content\">Et si \u00ab\u00a016 personnes suppl\u00e9mentaires ont \u00e9t\u00e9 embauch\u00e9es pour aller chercher les V\u00e9lib&rsquo;\u00a0\u00bb par Smovengo, l\u2019exploitant (depuis 2018) de ce service public, la marge de man\u0153uvre reste limit\u00e9e pour l\u2019Agemob, qui n\u2019a pas de moyens d\u2019identifier ou de sanctionner les auteurs, puisqu\u2019ils contournent le syst\u00e8me.<\/p>\n<p>Vid\u00e9os : en ce moment sur ActuDes v\u00e9los disponibles beaucoup plus \u00ab\u00a0fatigu\u00e9s\u00a0\u00bb<\/p>\n<p class=\" wall-content\">Afin de \u00ab\u00a0couper le robinet du vandalisme\u00a0\u00bb, l\u2019organisme a \u00ab\u00a0besoin des communes, des polices (\u2026) pour mieux surveiller les stations\u00a0\u00bb, et des usagers \u00ab\u00a0pour signaler\u00a0\u00bb les v\u00e9los \u00e9gar\u00e9s, plaide le dirigeant.<\/p>\n<p class=\" wall-content\">Pourquoi cette augmentation ? \u00ab\u00a0On ne sait pas\u00a0\u00bb, avoue-t-il, se demandant s\u2019il existe \u00ab\u00a0un tuto qui circule (sur) comment d\u00e9bloquer un v\u00e9lo gratuitement\u00a0\u00bb, et estimant qu\u2019il s\u2019agit s\u00fbrement d&rsquo;\u00a0\u00bbactions un peu coordonn\u00e9es.\u00a0\u00bb<\/p>\n<p>    <a href=\"https:\/\/email.publihebdos.com\/form?lid=Mqc7o19yVDtMEo2FE8aUtw2\" title=\"Ouvrie le lien\" rel=\"nofollow noopener\" target=\"_blank\">Cliquez ici pour visualiser le contenu<\/a><\/p>\n<p class=\" wall-content\">Pour lui, ce trou dans la flotte entra\u00eene l\u2019usure des v\u00e9los restants, qui m\u00e9contente les utilisateurs. \u00ab\u00a0Les v\u00e9los qui sont disponibles sont beaucoup plus utilis\u00e9s, beaucoup plus fatigu\u00e9s\u00a0\u00bb, notamment les engins \u00e9lectriques, davantage demand\u00e9s et dont les batteries \u00ab\u00a0n\u2019ont pas le temps de recharger\u00a0\u00bb.<\/p>\n<p class=\" wall-content\">\u00ab\u00a0C\u2019est ce qui fait que vous avez des stations enti\u00e8res (\u2026) (avec) des v\u00e9los qui ne sont pas utilisables\u00a0\u00bb, et que \u00ab\u00a0les usagers sont extr\u00eamement frustr\u00e9s\u00a0\u00bb, estime le pr\u00e9sident de l\u2019Agemob.<br \/>Le service est de plus en plus sollicit\u00e9 : en mai dernier, V\u00e9lib\u2019 a enregistr\u00e9 16% de courses en plus qu\u2019en mai 2024.\u00a0<\/p>\n<p class=\" wall-content\"><strong>Avec AFP<\/strong><\/p>\n<p class=\" wall-content\">Suivez toute l\u2019actualit\u00e9 de vos villes et m\u00e9dias favoris en vous inscrivant \u00e0 <a href=\"https:\/\/moncompte.actu.fr\" title=\"D\u00e9couvez Mon Actu\" rel=\"nofollow noopener\" data-trk=\"{&quot;cta&quot;:{&quot;action&quot;:&quot;https:\\\/\\\/moncompte.actu.fr&quot;,&quot;category&quot;:&quot;mon compte&quot;,&quot;from&quot;:&quot;article footer&quot;,&quot;name&quot;:&quot;Mon actu&quot;,&quot;type&quot;:&quot;cta&quot;}}\" target=\"_blank\">Mon Actu<\/a>.<\/p>\n","protected":false},"excerpt":{"rendered":"Par Thomas Martin Publi\u00e9 le 5 juil. 2025 \u00e0 6h14 Alerte rouge sur les V\u00e9lib \u00e0 Paris. Avec&hellip;\n","protected":false},"author":2,"featured_media":227320,"comment_status":"","ping_status":"","sticky":false,"template":"","format":"standard","meta":{"footnotes":""},"categories":[1888],"tags":[1111,1928,11,1927,1777,674,1011,27,12,1926,626,1925,25,104,36253,208],"class_list":{"0":"post-227319","1":"post","2":"type-post","3":"status-publish","4":"format-standard","5":"has-post-thumbnail","7":"category-paris","8":"tag-actu","9":"tag-actu-paris","10":"tag-actualites","11":"tag-actualites-paris","12":"tag-eu","13":"tag-europe","14":"tag-fr","15":"tag-france","16":"tag-news","17":"tag-news-paris","18":"tag-paris","19":"tag-paris-news","20":"tag-republique-francaise","21":"tag-societe","22":"tag-velib","23":"tag-velo"},"share_on_mastodon":{"url":"https:\/\/pubeurope.com\/@fr\/114798825520641112","error":""},"_links":{"self":[{"href":"https:\/\/www.europesays.com\/fr\/wp-json\/wp\/v2\/posts\/227319","targetHints":{"allow":["GET"]}}],"collection":[{"href":"https:\/\/www.europesays.com\/fr\/wp-json\/wp\/v2\/posts"}],"about":[{"href":"https:\/\/www.europesays.com\/fr\/wp-json\/wp\/v2\/types\/post"}],"author":[{"embeddable":true,"href":"https:\/\/www.europesays.com\/fr\/wp-json\/wp\/v2\/users\/2"}],"replies":[{"embeddable":true,"href":"https:\/\/www.europesays.com\/fr\/wp-json\/wp\/v2\/comments?post=227319"}],"version-history":[{"count":0,"href":"https:\/\/www.europesays.com\/fr\/wp-json\/wp\/v2\/posts\/227319\/revisions"}],"wp:featuredmedia":[{"embeddable":true,"href":"https:\/\/www.europesays.com\/fr\/wp-json\/wp\/v2\/media\/227320"}],"wp:attachment":[{"href":"https:\/\/www.europesays.com\/fr\/wp-json\/wp\/v2\/media?parent=227319"}],"wp:term":[{"taxonomy":"category","embeddable":true,"href":"https:\/\/www.europesays.com\/fr\/wp-json\/wp\/v2\/categories?post=227319"},{"taxonomy":"post_tag","embeddable":true,"href":"https:\/\/www.europesays.com\/fr\/wp-json\/wp\/v2\/tags?post=227319"}],"curies":[{"name":"wp","href":"https:\/\/api.w.org\/{rel}","templated":true}]}}