{"id":227332,"date":"2025-07-05T04:56:12","date_gmt":"2025-07-05T04:56:12","guid":{"rendered":"https:\/\/www.europesays.com\/fr\/227332\/"},"modified":"2025-07-05T04:56:12","modified_gmt":"2025-07-05T04:56:12","slug":"brexit-aujourdhui-62-voteraient-non-rappelle-cet-ancien-eurodepute-britannique","status":"publish","type":"post","link":"https:\/\/www.europesays.com\/fr\/227332\/","title":{"rendered":"Brexit : \u00ab Aujourd&rsquo;hui,\u00a062% voteraient non \u00bb, rappelle cet ancien eurod\u00e9put\u00e9 britannique"},"content":{"rendered":"<p>La temp\u00e9rature se r\u00e9chauffe des deux c\u00f4t\u00e9s de la Manche, au sens propre mais aussi au figur\u00e9 ! Emmanuel Macron va effectuer une visite d\u2019Etat de trois jours au Royaume-Uni, apr\u00e8s celle du roi Charles III, accueilli en France il y a deux ans. De son c\u00f4t\u00e9, l\u2019Union europ\u00e9enne a scell\u00e9 le 19 mai dernier un accord important avec le gouvernement britannique du Premier ministre travailliste Keir Starmer sur plusieurs sujets : la d\u00e9fense, le commerce, la p\u00eache mais aussi la mobilit\u00e9 des jeunes. Un accord-cadre qui symbolise ce rapprochement entre Londres et Bruxelles, 5 ans apr\u00e8s l\u2019application du Brexit.<\/p>\n<p>Quand Donald Trump acc\u00e9l\u00e8re le rapprochement entre britanniques et europ\u00e9ens<\/p>\n<p>Sur le plan s\u00e9curitaire, cette convergence de vues entre Britanniques et Europ\u00e9ens, s\u2019est acc\u00e9l\u00e9r\u00e9e avec le d\u00e9sengagement am\u00e9ricain en Ukraine d\u00e9cid\u00e9 par Donald Trump. Keir Starmer a rejoint ses homologues fran\u00e7ais, allemand et polonais pour prendre la t\u00eate de la Coalition des volontaires, une trentaine de pays qui ont r\u00e9affirm\u00e9 leur soutien \u00e0 l\u2019Ukraine, et leur volont\u00e9 de garantir \u00e0 long-terme la s\u00e9curit\u00e9 du territoire europ\u00e9en.<\/p>\n<p>\u00ab\u00a0Nous, les Britanniques, avons la m\u00eame inqui\u00e9tude que l\u2019Union europ\u00e9enne, sur le d\u00e9sengagement am\u00e9ricain en Ukraine. Qu\u2019on le veuille ou non, nous sommes interd\u00e9pendants et devons \u00eatre solidaires\u00a0\u00bb, explique Richard Corbett, ancien eurod\u00e9put\u00e9 britannique social-d\u00e9mocrate, membre du parti travailliste au pouvoir au Royaume-Uni, interrog\u00e9 dans l\u2019\u00e9mission Ici l\u2019Europe sur France 24, Public S\u00e9nat et LCP.<\/p>\n<p>Dans son plan de r\u00e9armement, la Commission europ\u00e9en a lanc\u00e9 le programme SAFE (Security Action for Europe) qui pr\u00e9voit 150 milliards d\u2019euros de pr\u00eats pour l\u2019achat commun d\u2019\u00e9quipements de d\u00e9fense fabriqu\u00e9s en Europe. En tant que partenaire strat\u00e9gique de l\u2019Union europ\u00e9enne, le Royaume-Uni pourra participer \u00e0 ce programme SAFE. \u00ab\u00a0C\u2019est une d\u00e9cision logique\u00a0\u00bb, commente Richard Corbett. \u00ab\u00a0Nous devons former avec l\u2019Union europ\u00e9enne un pilier europ\u00e9en fort au sein de l\u2019Alliance atlantique. Nous devons avoir une meilleure interop\u00e9rabilit\u00e9 entre nos arm\u00e9es.\u00a0\u00bb<\/p>\n<p>\u00ab\u00a0On a compris qu\u2019on avait besoin du march\u00e9 europ\u00e9en pour vendre notre poisson\u00a0\u00bb<\/p>\n<p>C\u2019est sur la question du commerce que Britanniques et Europ\u00e9ens sont en train de s\u2019op\u00e9rer un virage \u00e0 180 degr\u00e9s, depuis le Brexit, apr\u00e8s des ann\u00e9es de tension, notamment au sujet de la p\u00eache. M\u00eame s\u2019il n\u2019y pas de retour \u00e0 une union douani\u00e8re, l\u2019accord de mai dernier pr\u00e9voit que les entreprises d\u2019Outre-manche pourront plus facilement exporter leurs produits sur le march\u00e9 europ\u00e9en en \u00e9change d\u2019un acc\u00e8s des p\u00eacheurs europ\u00e9ens aux eaux territoriales britanniques tr\u00e8s poissonneuses, prolong\u00e9 jusqu\u2019en 2038. \u00ab\u00a0On a beau avoir beaucoup de poisson, on a compris qu\u2019on avait besoin du march\u00e9 pour le vendre\u00a0\u00bb, explique Richard Corbett.<\/p>\n<p>\u00ab\u00a072% de la p\u00eache britannique est export\u00e9e effectivement dans l\u2019Union europ\u00e9enne\u00a0\u00bb pr\u00e9cise Isabelle Le Callennec, eurod\u00e9put\u00e9e fran\u00e7aise, membre du groupe du Parti populaire europ\u00e9en, \u00e0 la droite de l\u2019h\u00e9micycle, et du parti Les R\u00e9publicains en France. \u00ab\u00a0Cet acc\u00e8s des p\u00eacheurs fran\u00e7ais aux eaux britanniques ouvre une perspective. Nous devons travailler pour aller vers un accord qui soit vraiment gagnant-gagnant.\u00a0\u00bb<\/p>\n<p>Les Britanniques un jour de retour dans le programme d\u2019\u00e9change Erasmus ?<\/p>\n<p>L\u2019une des cons\u00e9quences les plus notables du Brexit a \u00e9t\u00e9 la sortie du Royaume-Uni du programme d\u2019\u00e9changes universitaire Erasmus en vigueur depuis 1987. Cons\u00e9quence, le prix des \u00e9tudes de jeunes Europ\u00e9ens outre-Manche a explos\u00e9, s\u2019\u00e9levant \u00e0 une moyenne de 25 000 euros par an.<\/p>\n<p>Si Londres n\u2019envisage pas un retour dans le programme Erasmus, le gouvernement de Keir Starmer travaille avec Bruxelles sur des visas facilitant la mobilit\u00e9 des jeunes des c\u00f4t\u00e9s de la Manche. \u00ab\u00a0C\u2019est une ouverture \u00e0 saluer. J\u2019ai eu la possibilit\u00e9 d\u2019aller faire mes \u00e9tudes \u00e0 Oxford gr\u00e2ce au programme Erasmus. C\u2019est la raison pour laquelle je suis anglophile aujourd\u2019hui\u00a0\u00bb, raconte Isabelle Le Callennec, qui alerte sur la n\u00e9cessit\u00e9 de conserver les fonds europ\u00e9ens d\u00e9di\u00e9s \u00e0 Erasmus dans le cadre du prochain budget europ\u00e9en.<\/p>\n<p>Davantage de mobilit\u00e9 des jeunes entre ces deux rives pourrait permettre \u00e0 terme de d\u00e9velopper une europhilie au sein de la soci\u00e9t\u00e9 du Royaume-Uni, alors que selon un sondage de Yougov, 64% des Britanniques estiment que le Brexit \u00e9tait une erreur. \u00ab S\u2019il y avait un nouveau r\u00e9f\u00e9rendum sur le Brexit aujourd\u2019hui, 62% voteraient non \u00bb, ajoute Richard Corbett. \u00ab Le regret du Brexit est une tendance ces derni\u00e8res ann\u00e9es qui augmente lentement mais s\u00fbrement \u00bb, se r\u00e9jouit ce \u00ab remainer \u00bb de longue date (opposant au Brexit).<\/p>\n","protected":false},"excerpt":{"rendered":"La temp\u00e9rature se r\u00e9chauffe des deux c\u00f4t\u00e9s de la Manche, au sens propre mais aussi au figur\u00e9 !&hellip;\n","protected":false},"author":2,"featured_media":227333,"comment_status":"","ping_status":"","sticky":false,"template":"","format":"standard","meta":{"footnotes":""},"categories":[1588],"tags":[11,1353,1777,674,12,473,1853,1851,364,1850,1852],"class_list":{"0":"post-227332","1":"post","2":"type-post","3":"status-publish","4":"format-standard","5":"has-post-thumbnail","7":"category-royaume-uni","8":"tag-actualites","9":"tag-brexit","10":"tag-eu","11":"tag-europe","12":"tag-news","13":"tag-royaume-uni","14":"tag-royaume-uni-de-grande-bretagne-et-dirlande-du-nord","15":"tag-uk","16":"tag-union-europeenne","17":"tag-united-kingdom","18":"tag-united-kingdom-of-great-britain-and-northern-ireland"},"share_on_mastodon":{"url":"https:\/\/pubeurope.com\/@fr\/114798853145390294","error":""},"_links":{"self":[{"href":"https:\/\/www.europesays.com\/fr\/wp-json\/wp\/v2\/posts\/227332","targetHints":{"allow":["GET"]}}],"collection":[{"href":"https:\/\/www.europesays.com\/fr\/wp-json\/wp\/v2\/posts"}],"about":[{"href":"https:\/\/www.europesays.com\/fr\/wp-json\/wp\/v2\/types\/post"}],"author":[{"embeddable":true,"href":"https:\/\/www.europesays.com\/fr\/wp-json\/wp\/v2\/users\/2"}],"replies":[{"embeddable":true,"href":"https:\/\/www.europesays.com\/fr\/wp-json\/wp\/v2\/comments?post=227332"}],"version-history":[{"count":0,"href":"https:\/\/www.europesays.com\/fr\/wp-json\/wp\/v2\/posts\/227332\/revisions"}],"wp:featuredmedia":[{"embeddable":true,"href":"https:\/\/www.europesays.com\/fr\/wp-json\/wp\/v2\/media\/227333"}],"wp:attachment":[{"href":"https:\/\/www.europesays.com\/fr\/wp-json\/wp\/v2\/media?parent=227332"}],"wp:term":[{"taxonomy":"category","embeddable":true,"href":"https:\/\/www.europesays.com\/fr\/wp-json\/wp\/v2\/categories?post=227332"},{"taxonomy":"post_tag","embeddable":true,"href":"https:\/\/www.europesays.com\/fr\/wp-json\/wp\/v2\/tags?post=227332"}],"curies":[{"name":"wp","href":"https:\/\/api.w.org\/{rel}","templated":true}]}}