{"id":227334,"date":"2025-07-05T04:57:25","date_gmt":"2025-07-05T04:57:25","guid":{"rendered":"https:\/\/www.europesays.com\/fr\/227334\/"},"modified":"2025-07-05T04:57:25","modified_gmt":"2025-07-05T04:57:25","slug":"euro-2025-lallemagne-bat-la-pologne-2-0-mais-perd-gwinn","status":"publish","type":"post","link":"https:\/\/www.europesays.com\/fr\/227334\/","title":{"rendered":"Euro 2025: L&rsquo;Allemagne bat la Pologne 2-0, mais perd Gwinn"},"content":{"rendered":"<p>Publi\u00e94. juillet 2025, 23:08<\/p>\n<p>Euro 2025: L&rsquo;Allemagne ne manque pas son entr\u00e9e en lice<\/p>\n<p>Les Allemandes ont facilement battu la Pologne, vendredi soir \u00e0 Saint-Gall. Mais elles ont perdu leur capitaine, Giulia Gwinn, bless\u00e9e \u00e0 la 40e minute.<\/p>\n<p><a href=\"https:\/\/www.20min.ch\/fr\/auteurs\/103333179\/agence-france-presse\" class=\"sc-b1f21c84-2 egfiIF\" rel=\"nofollow noopener\" target=\"_blank\"><img decoding=\"async\" alt=\"Agence France-Presse\" src=\"https:\/\/www.europesays.com\/fr\/wp-content\/uploads\/2025\/07\/09cf394e-d19c-4235-9b46-7e00127afb7f.png\" class=\"sc-b1f21c84-1 iTOvpR\"\/><\/a><img loading=\"lazy\" decoding=\"async\" src=\"https:\/\/www.europesays.com\/fr\/wp-content\/uploads\/2025\/07\/852903ff-775c-4f31-a568-7e106635dbbe.jpg\" alt=\"Lea Sch!uller a marqu\u00e9 le deuxi\u00e8me but allemand.\" title=\"Lea Sch!uller a marqu\u00e9 le deuxi\u00e8me but allemand.\"  width=\"1200\" height=\"800\"\/><\/p>\n<p>Lea Sch!uller a marqu\u00e9 le deuxi\u00e8me but allemand.<\/p>\n<p>AFP<\/p>\n<p>L\u2019Allemagne a lanc\u00e9 son Euro de football avec une victoire 2-0 sur la Pologne, vendredi \u00e0 Saint-Gall (Suisse), gr\u00e2ce \u00e0 deux buts de Jule Brand et Lea Sch\u00fcller, mais a perdu sur blessure sa capitaine Giulia Gwinn.<\/p>\n<p>Les m\u00e9daill\u00e9es de bronze des JO-2024, en qu\u00eate depuis 2013 d\u2019un neuvi\u00e8me titre continental, prennent la t\u00eate du groupe C \u00e0 la m\u00eame hauteur que les <a href=\"https:\/\/www.20min.ch\/fr\/story\/euro-2025-victoire-des-suedoises-au-stade-de-geneve-103375765\" rel=\"nofollow noopener\" target=\"_blank\">Su\u00e9doises<\/a>, qui ont battu un peu plus t\u00f4t le Danemark sur un score plus \u00e9triqu\u00e9 (1-0).<\/p>\n<p>Il a fallu un exploit individuel de la recrue lyonnaise Jule Brand, 22 ans, pour d\u00e9bloquer le match d\u2019une frappe limpide du gauche d\u00e9coch\u00e9e depuis l\u2019entr\u00e9e de la surface, pleine lucarne, qui n\u2019a laiss\u00e9 aucune chance \u00e0 Kinga Szemik (1-0, 52e).<\/p>\n<p>Capitaine bless\u00e9e<\/p>\n<p>Dans une seconde p\u00e9riode plus d\u00e9brid\u00e9e que la premi\u00e8re, Lea Sch\u00fcller a doubl\u00e9 la mise en reprenant de la t\u00eate un long centre venu de la droite, toujours de Jule Brand (2-0, 66e).<\/p>\n<p>La soir\u00e9e allemande est cependant ternie par la sortie \u00e0 la 40e minute de sa lat\u00e9rale droite et capitaine <a href=\"https:\/\/www.20min.ch\/fr\/story\/playboy-veut-photographier-une-joueuse-allemande-nue-elle-refuse-197420454735\" rel=\"nofollow noopener\" target=\"_blank\">Giulia Gwinn<\/a>, manifestement touch\u00e9e au genou gauche apr\u00e8s une intervention d\u00e9fensive face \u00e0 Ewa Pajor.<\/p>\n","protected":false},"excerpt":{"rendered":"Publi\u00e94. juillet 2025, 23:08 Euro 2025: L&rsquo;Allemagne ne manque pas son entr\u00e9e en lice Les Allemandes ont facilement&hellip;\n","protected":false},"author":2,"featured_media":227335,"comment_status":"","ping_status":"","sticky":false,"template":"","format":"standard","meta":{"footnotes":""},"categories":[1587],"tags":[11,672,1804,1805,1803,1777,674,1801,12,1802],"class_list":{"0":"post-227334","1":"post","2":"type-post","3":"status-publish","4":"format-standard","5":"has-post-thumbnail","7":"category-allemagne","8":"tag-actualites","9":"tag-allemagne","10":"tag-bundesrepublik-deutschland","11":"tag-de","12":"tag-deutschland","13":"tag-eu","14":"tag-europe","15":"tag-germany","16":"tag-news","17":"tag-republique-federale-dallemagne"},"share_on_mastodon":{"url":"https:\/\/pubeurope.com\/@fr\/114798857178836166","error":""},"_links":{"self":[{"href":"https:\/\/www.europesays.com\/fr\/wp-json\/wp\/v2\/posts\/227334","targetHints":{"allow":["GET"]}}],"collection":[{"href":"https:\/\/www.europesays.com\/fr\/wp-json\/wp\/v2\/posts"}],"about":[{"href":"https:\/\/www.europesays.com\/fr\/wp-json\/wp\/v2\/types\/post"}],"author":[{"embeddable":true,"href":"https:\/\/www.europesays.com\/fr\/wp-json\/wp\/v2\/users\/2"}],"replies":[{"embeddable":true,"href":"https:\/\/www.europesays.com\/fr\/wp-json\/wp\/v2\/comments?post=227334"}],"version-history":[{"count":0,"href":"https:\/\/www.europesays.com\/fr\/wp-json\/wp\/v2\/posts\/227334\/revisions"}],"wp:featuredmedia":[{"embeddable":true,"href":"https:\/\/www.europesays.com\/fr\/wp-json\/wp\/v2\/media\/227335"}],"wp:attachment":[{"href":"https:\/\/www.europesays.com\/fr\/wp-json\/wp\/v2\/media?parent=227334"}],"wp:term":[{"taxonomy":"category","embeddable":true,"href":"https:\/\/www.europesays.com\/fr\/wp-json\/wp\/v2\/categories?post=227334"},{"taxonomy":"post_tag","embeddable":true,"href":"https:\/\/www.europesays.com\/fr\/wp-json\/wp\/v2\/tags?post=227334"}],"curies":[{"name":"wp","href":"https:\/\/api.w.org\/{rel}","templated":true}]}}