{"id":227336,"date":"2025-07-05T04:58:09","date_gmt":"2025-07-05T04:58:09","guid":{"rendered":"https:\/\/www.europesays.com\/fr\/227336\/"},"modified":"2025-07-05T04:58:09","modified_gmt":"2025-07-05T04:58:09","slug":"soumission-collusion-militarisation-les-trois-signes-de-la-regression-europeenne-la-chronique-de-francis-wurtz-5-juillet-2025","status":"publish","type":"post","link":"https:\/\/www.europesays.com\/fr\/227336\/","title":{"rendered":"Soumission, collusion, militarisation\u00a0: les trois signes de la r\u00e9gression europ\u00e9enne &#8211; La chronique de Francis Wurtz &#8211; 5 juillet 2025"},"content":{"rendered":"<p>L\u2019Union europ\u00e9enne (UE) n\u2019a jamais brill\u00e9 par son ind\u00e9pendance strat\u00e9gique vis-\u00e0-vis des \u00c9tats-Unis, ni par son courage politique \u00e0 l\u2019\u00e9gard des proches alli\u00e9s de l\u2019Occident, fussent-ils \u00e9minemment bl\u00e2mables, ni par sa r\u00e9sistance aux injonctions de l\u2019Otan. Depuis plusieurs ann\u00e9es \u2013 l\u2019\u00e9largissement \u00e0 l\u2019Est aidant \u2013, la tendance \u00e0 l\u2019alignement syst\u00e9matique sur Washington, \u00e0 l\u2019impunit\u00e9 absolue garantie \u00e0 Isra\u00ebl, \u00e0 la <a href=\"https:\/\/www.humanite.fr\/monde\/donald-trump\/sommet-de-lotan-tout-comprendre-a-la-hausse-historique-des-budgets-militaires-des-membres-de-lalliance\" target=\"_blank\" rel=\"noopener\">militarisation acc\u00e9l\u00e9r\u00e9e de l\u2019Europe n\u2019a fait que s\u2019accentuer<\/a>. La riposte \u00e0 l\u2019agression russe contre l\u2019Ukraine, devenue l\u2019axe strat\u00e9gique quasi unique de l\u2019UE, a servi de justification et d\u2019amplificateur \u00e0 ces d\u00e9rives.<\/p>\n<p>Aujourd\u2019hui, un cap sans pr\u00e9c\u00e9dent vient d\u2019\u00eatre franchi dans cette r\u00e9gression, l\u2019Europe renon\u00e7ant ouvertement \u00e0 sa raison d\u2019\u00eatre d\u2019actrice autonome dans les relations internationales. Trois rep\u00e8res d\u2019une gravit\u00e9 in\u00e9dite viennent d\u2019illustrer quasi simultan\u00e9ment ce point de bascule.<\/p>\n<blockquote class=\"wp-block-quote is-layout-flow wp-block-quote-is-layout-flow\">\n<p>Une soumission aussi humiliante refl\u00e8te un rapport de vassaux \u00e0 leur suzerain, sinon de valets \u00e0 leur ma\u00eetre.<\/p>\n<\/blockquote>\n<p>Le premier est le <a href=\"https:\/\/www.humanite.fr\/monde\/defense\/donald-trump-dicte-leurope-sexecute-lotan-pris-dans-la-spirale-du-rearmement-impose-par-washington\" target=\"_blank\" rel=\"noopener\">stup\u00e9fiant \u00ab\u00a0accueil\u00a0\u00bb r\u00e9serv\u00e9 le 25\u00a0juin dernier par le secr\u00e9taire g\u00e9n\u00e9ral de l\u2019Otan<\/a>, Mark Rutte, au pr\u00e9sident am\u00e9ricain. Avec le consentement des 32 \u00c9tats membres de l\u2019alliance militaire transatlantique \u2013 dont 23 des 27 pays de l\u2019Union europ\u00e9enne \u2013 l\u2019ex-premier ministre des Pays-Bas a us\u00e9 \u00e0 l\u2019\u00e9gard de Trump d\u2019une flagornerie d\u2019une ind\u00e9cence jamais vue en Europe, jusqu\u2019\u00e0 l\u2019appeler \u00ab\u00a0Daddy\u00a0\u00bb, tel un enfant s\u2019adressant \u00e0 son papa. Une soumission aussi humiliante refl\u00e8te non une relation d\u2019alli\u00e9s \u00e0 alli\u00e9, mais un rapport de vassaux \u00e0 leur suzerain, sinon de valets \u00e0 leur ma\u00eetre. C\u2019est une abdication publique de toute souverainet\u00e9 au sein de \u00ab\u00a0l\u2019espace euro-atlantique\u00a0\u00bb.<\/p>\n<p>Le deuxi\u00e8me moment charni\u00e8re qui vient de confirmer cette descente aux enfers de l\u2019action ext\u00e9rieure de l\u2019UE est le blocage, officiellement constat\u00e9 le 27\u00a0juin dernier, du projet de suspension de l\u2019accord d\u2019association qui lie l\u2019Union europ\u00e9enne \u00e0 Isra\u00ebl. D\u00e9j\u00e0 aura-t-il fallu au Service europ\u00e9en pour l\u2019action ext\u00e9rieure <a href=\"https:\/\/www.humanite.fr\/monde\/guerre-israel-hamas\/malgre-la-violation-du-droit-international-lunion-europeenne-narrive-pas-a-saccorder-sur-les-sanctions-a-adopter-contre-israel\" target=\"_blank\" rel=\"noopener\">plus d\u2019un mois d\u2019investigations pour savoir si Isra\u00ebl violait ou non les droits de l\u2019homme<\/a>. Le rapport issu de cette enqu\u00eate ayant (quand\u00a0m\u00eame) conclu que oui, il revenait aux 27 gouvernements de d\u00e9cider ou non la suspension de l\u2019accord d\u2019association (qui exige express\u00e9ment, en son article\u00a02, le respect des droits humains).<\/p>\n<p>Les 56\u00a0000 morts de Gaza, les 400 Palestiniens tu\u00e9s de sang-froid par les soldats isra\u00e9liens ces derniers jours lors des distributions d\u2019aide alimentaire, toutes les formes de la barbarie illustrant le g\u00e9nocide en cours \u2013 et m\u00eame<a href=\"https:\/\/www.humanite.fr\/monde\/aide-alimentaire\/notre-moyen-de-communication-cest-la-fusillade-quand-les-soldats-israeliens-temoignent-de-la-guerre-a-gaza\" target=\"_blank\" rel=\"noopener\"> les r\u00e9v\u00e9lations bouleversantes de militaires isra\u00e9liens<\/a> r\u00e9guli\u00e8rement publi\u00e9es dans\u00a0Haaretz sur les ordres re\u00e7us de tuer des innocents \u2013 n\u2019auront pas suffi pour convaincre une \u00ab\u00a0majorit\u00e9 qualifi\u00e9e\u00a0\u00bb de gouvernements europ\u00e9ens qu\u2019il \u00e9tait temps d\u2019en finir avec la totale impunit\u00e9 accord\u00e9e jusqu\u2019ici \u00e0 ce pouvoir hors la loi. Cela s\u2019appelle de la collusion avec des criminels.<\/p>\n<p>Enfin, il y a la folle d\u00e9cision collective prise sans barguigner par les \u00c9tats membres de l\u2019Otan (\u00e0 la notable exception du chef du gouvernement espagnol), le 25\u00a0juin, de rehausser de 150\u00a0%, en l\u2019espace d\u2019une d\u00e9cennie, la part des richesses cr\u00e9\u00e9es consacr\u00e9e aux d\u00e9penses d\u2019armement, comme prix de l\u2019all\u00e9geance \u00e0 Trump (et \u00e0 ses marchands d\u2019armes). Les\u00a0<a href=\"https:\/\/www.humanite.fr\/monde\/defense\/donald-trump-dicte-leurope-sexecute-lotan-pris-dans-la-spirale-du-rearmement-impose-par-washington\" target=\"_blank\" rel=\"noopener\">congratulations\u00a0adress\u00e9es \u00e0 ce propos par le secr\u00e9taire g\u00e9n\u00e9ral de l\u2019Otan \u00e0 Trump<\/a> laissent pantois\u00a0: \u00ab\u00a0L\u2019Europe va payer un prix \u00c9NORME pour sa d\u00e9fense. Et ce sera votre victoire.\u00a0\u00bb Soumission, collusion, militarisation\u00a0: l\u2019Europe s\u2019enfonce.<\/p>\n<p>\u00catre le journal de la paix, notre d\u00e9fi quotidien<\/p>\n<p>Depuis Jaur\u00e8s, la d\u00e9fense de la paix est dans notre ADN.<\/p>\n<ul class=\"wp-block-list\">\n<li>Qui informe encore aujourd\u2019hui sur <strong>les actions des pacifistes<\/strong> pour le d\u00e9sarmement\u00a0?<\/li>\n<li>Combien de m\u00e9dias rappellent que <strong>les combats de d\u00e9colonisation <\/strong>ont encore cours, et qu\u2019ils doivent \u00eatre soutenus\u00a0?<\/li>\n<li>Combien valorisent les <strong>solidarit\u00e9s internationales<\/strong>, et s\u2019engagent sans ambigu\u00eft\u00e9 aux c\u00f4t\u00e9s des exil\u00e9s\u00a0?<\/li>\n<\/ul>\n<p><strong>Nos valeurs n\u2019ont pas de fronti\u00e8res.<\/strong><\/p>\n<p>Aidez-nous \u00e0 soutenir le droit \u00e0 l\u2019autod\u00e9termination et l\u2019option de la paix.<br \/><a href=\"https:\/\/www.humanite.fr\/lhumanite-cest-vous\" target=\"_blank\" rel=\"noopener\">Je veux en savoir plus\u00a0!<\/a><\/p>\n","protected":false},"excerpt":{"rendered":"L\u2019Union europ\u00e9enne (UE) n\u2019a jamais brill\u00e9 par son ind\u00e9pendance strat\u00e9gique vis-\u00e0-vis des \u00c9tats-Unis, ni par son courage politique&hellip;\n","protected":false},"author":2,"featured_media":4519,"comment_status":"","ping_status":"","sticky":false,"template":"","format":"standard","meta":{"footnotes":""},"categories":[1586],"tags":[11,1777,674,1011,27,2928,12,25],"class_list":{"0":"post-227336","1":"post","2":"type-post","3":"status-publish","4":"format-standard","5":"has-post-thumbnail","7":"category-europe","8":"tag-actualites","9":"tag-eu","10":"tag-europe","11":"tag-fr","12":"tag-france","13":"tag-la-chronique-de-francis-wurtz","14":"tag-news","15":"tag-republique-francaise"},"share_on_mastodon":{"url":"https:\/\/pubeurope.com\/@fr\/114798861018754784","error":""},"_links":{"self":[{"href":"https:\/\/www.europesays.com\/fr\/wp-json\/wp\/v2\/posts\/227336","targetHints":{"allow":["GET"]}}],"collection":[{"href":"https:\/\/www.europesays.com\/fr\/wp-json\/wp\/v2\/posts"}],"about":[{"href":"https:\/\/www.europesays.com\/fr\/wp-json\/wp\/v2\/types\/post"}],"author":[{"embeddable":true,"href":"https:\/\/www.europesays.com\/fr\/wp-json\/wp\/v2\/users\/2"}],"replies":[{"embeddable":true,"href":"https:\/\/www.europesays.com\/fr\/wp-json\/wp\/v2\/comments?post=227336"}],"version-history":[{"count":0,"href":"https:\/\/www.europesays.com\/fr\/wp-json\/wp\/v2\/posts\/227336\/revisions"}],"wp:featuredmedia":[{"embeddable":true,"href":"https:\/\/www.europesays.com\/fr\/wp-json\/wp\/v2\/media\/4519"}],"wp:attachment":[{"href":"https:\/\/www.europesays.com\/fr\/wp-json\/wp\/v2\/media?parent=227336"}],"wp:term":[{"taxonomy":"category","embeddable":true,"href":"https:\/\/www.europesays.com\/fr\/wp-json\/wp\/v2\/categories?post=227336"},{"taxonomy":"post_tag","embeddable":true,"href":"https:\/\/www.europesays.com\/fr\/wp-json\/wp\/v2\/tags?post=227336"}],"curies":[{"name":"wp","href":"https:\/\/api.w.org\/{rel}","templated":true}]}}