{"id":22734,"date":"2025-04-13T17:46:08","date_gmt":"2025-04-13T17:46:08","guid":{"rendered":"https:\/\/www.europesays.com\/fr\/22734\/"},"modified":"2025-04-13T17:46:08","modified_gmt":"2025-04-13T17:46:08","slug":"cyclisme-circuit-des-ardennes-brady-gilmore-la-4e-etape-et-gagne-du-temps-au-general","status":"publish","type":"post","link":"https:\/\/www.europesays.com\/fr\/22734\/","title":{"rendered":"Cyclisme. Circuit des Ardennes &#8211; Brady Gilmore la 4e \u00e9tape&#8230; et gagne du temps au g\u00e9n\u00e9ral"},"content":{"rendered":"<p><strong>Brady Gilmore<\/strong> a d\u00e9croch\u00e9, ce samedi, sa cinqui\u00e8me victoire de la saison 2025 et fait un pas de plus vers la succession du coureur de son \u00e9quipier <strong>Joseph Blackmore<\/strong> au palmar\u00e8s du <strong>Circuit des Ardennes.<\/strong> D\u00e9j\u00e0 mont\u00e9 sur le podium lors de chacune des premi\u00e8res \u00e9tapes de l\u2019\u00e9preuve class\u00e9e 2.2, l\u2019Australien de 23 ans a remport\u00e9 au sprint la 4e \u00e9tape disput\u00e9e dans le nord-est de la France. Il a \u00e9galement augment\u00e9 son avance au g\u00e9n\u00e9ral.<\/p>\n<p>Vid\u00e9o &#8211; Jarno Widar, 2e du classement g\u00e9n\u00e9ral Lire la suite de l&rsquo;article&#13;<\/p>\n<p>\u00a0<\/p>\n<p>&#13;<br \/>\n9 secondes d&rsquo;avance sur Widar&#13;<\/p>\n<p><strong>Gilmore<\/strong> a devanc\u00e9 au sprint <strong>Giacomo Ballabio<\/strong> (Hrinkow Advarics) et <strong>Morten Aalling Nortft<\/strong> (Team ColoQuick). Gr\u00e2ce aux 10 secondes de bonification glan\u00e9es sur la ligne, Gilmore consolide sa position en t\u00eate du classement g\u00e9n\u00e9ral, avec d\u00e9sormais neuf secondes d\u2019avance sur son plus proche poursuivant, le grimpeur <strong>Jarno Widar<\/strong> (Lotto Dstny Development), \u00e0 la veille d\u2019une derni\u00e8re \u00e9tape a priori plus favorable aux sprinteurs.<\/p>\n<p>Circuit des Ardennes &#8211; Classement de la 4\u00e8 \u00e9tape Circuit des Ardennes &#8211; Classement g\u00e9n\u00e9ral provisoire apr\u00e8s la 4\u00e8 \u00e9tape<\/p>\n","protected":false},"excerpt":{"rendered":"Brady Gilmore a d\u00e9croch\u00e9, ce samedi, sa cinqui\u00e8me victoire de la saison 2025 et fait un pas de&hellip;\n","protected":false},"author":2,"featured_media":22735,"comment_status":"","ping_status":"","sticky":false,"template":"","format":"standard","meta":{"footnotes":""},"categories":[1411],"tags":[8413,1154,207,211,1011,27,209,60,210,212,208,213],"class_list":{"0":"post-22734","1":"post","2":"type-post","3":"status-publish","4":"format-standard","5":"has-post-thumbnail","7":"category-cyclisme","8":"tag-circuit-des-ardennes","9":"tag-cycling","10":"tag-cyclisme","11":"tag-ffc","12":"tag-fr","13":"tag-france","14":"tag-route","15":"tag-sports","16":"tag-tour-de-france","17":"tag-uci","18":"tag-velo","19":"tag-world-tour"},"share_on_mastodon":{"url":"https:\/\/pubeurope.com\/@fr\/114331909049810691","error":""},"_links":{"self":[{"href":"https:\/\/www.europesays.com\/fr\/wp-json\/wp\/v2\/posts\/22734","targetHints":{"allow":["GET"]}}],"collection":[{"href":"https:\/\/www.europesays.com\/fr\/wp-json\/wp\/v2\/posts"}],"about":[{"href":"https:\/\/www.europesays.com\/fr\/wp-json\/wp\/v2\/types\/post"}],"author":[{"embeddable":true,"href":"https:\/\/www.europesays.com\/fr\/wp-json\/wp\/v2\/users\/2"}],"replies":[{"embeddable":true,"href":"https:\/\/www.europesays.com\/fr\/wp-json\/wp\/v2\/comments?post=22734"}],"version-history":[{"count":0,"href":"https:\/\/www.europesays.com\/fr\/wp-json\/wp\/v2\/posts\/22734\/revisions"}],"wp:featuredmedia":[{"embeddable":true,"href":"https:\/\/www.europesays.com\/fr\/wp-json\/wp\/v2\/media\/22735"}],"wp:attachment":[{"href":"https:\/\/www.europesays.com\/fr\/wp-json\/wp\/v2\/media?parent=22734"}],"wp:term":[{"taxonomy":"category","embeddable":true,"href":"https:\/\/www.europesays.com\/fr\/wp-json\/wp\/v2\/categories?post=22734"},{"taxonomy":"post_tag","embeddable":true,"href":"https:\/\/www.europesays.com\/fr\/wp-json\/wp\/v2\/tags?post=22734"}],"curies":[{"name":"wp","href":"https:\/\/api.w.org\/{rel}","templated":true}]}}