{"id":227360,"date":"2025-07-05T05:15:21","date_gmt":"2025-07-05T05:15:21","guid":{"rendered":"https:\/\/www.europesays.com\/fr\/227360\/"},"modified":"2025-07-05T05:15:21","modified_gmt":"2025-07-05T05:15:21","slug":"secret-story-2025-quotidienne-du-4-juillet-2025-secret-story","status":"publish","type":"post","link":"https:\/\/www.europesays.com\/fr\/227360\/","title":{"rendered":"Secret story 2025 &#8211; Quotidienne du 4 juillet 2025 &#8211; Secret Story"},"content":{"rendered":"<p id=\"descriptionPanel\" aria-labelledby=\"descriptionArrow\" aria-expanded=\"false\" class=\"mr-2 line-clamp-2 pr-2.5 text-secondary overflow-visible\">La Voix a une annonce de la plus haute importance \u00e0 vous faire&#8230; Cette ann\u00e9e, La Voix a d\u00e9cid\u00e9 de ne pas prendre de vacances et de vous pr\u00e9parer un \u00e9t\u00e9 100% Secret Story !&#13;Apr\u00e8s son grand retour en 2024, \u00a0\u00bb Secret Story \u00a0\u00bb revient, pr\u00e9sent\u00e9e par Christophe Beaugrand, pour une saison comme vous ne l&rsquo;avez jamais vue et qui pourrait vous r\u00e9v\u00e9ler des secrets bien gard\u00e9s. La Voix ouvre un nouveau chapitre avec un retour aux sources qui risque de vous rappeler de vieux souvenirs. Chaque jour, revivez les moments forts de la vie des habitants dans la Maison des Secrets ! Chaque mardi, place aux nominations : des habitants seront d\u00e9sign\u00e9s par leurs camarades, et l&rsquo;un d&rsquo;entre eux quittera la Maison apr\u00e8s le vote du public chaque semaine lors des primes. Pr\u00e9parez-vous \u00e0 un \u00a0\u00bb Secret Story \u00a0\u00bb comme vous ne l&rsquo;avez jamais vu ! &#8230; Un \u00e9t\u00e9 plein de secrets, de jeu, de strat\u00e9gie&#8230; et de nostalgie. La Voix vous l&rsquo;a toujours dit : m\u00e9fiez-vous des apparences ! &#8230; Et plus que jamais cette ann\u00e9e !<br \/>En savoir plus sur <a class=\"text-white hover:text-blue-500\" href=\"https:\/\/www.tf1.fr\/dossier\/pimprenelle-secret-story-2025-14042527\" rel=\"nofollow noopener\" target=\"_blank\">Pimprenelle <\/a>, <a class=\"text-white hover:text-blue-500\" href=\"https:\/\/www.tf1.fr\/dossier\/anita-secret-story-2025-76856519\" rel=\"nofollow noopener\" target=\"_blank\">Anita<\/a>, <a class=\"text-white hover:text-blue-500\" href=\"https:\/\/www.tf1.fr\/dossier\/aimed-secret-story-2025-63413122\" rel=\"nofollow noopener\" target=\"_blank\">A\u00efmed<\/a>, <a class=\"text-white hover:text-blue-500\" href=\"https:\/\/www.tf1.fr\/dossier\/adrien-secret-story-2025-32674291\" rel=\"nofollow noopener\" target=\"_blank\">Adrien<\/a>, <a class=\"text-white hover:text-blue-500\" href=\"https:\/\/www.tf1.fr\/dossier\/marianne-secret-story-2025-37810778\" rel=\"nofollow noopener\" target=\"_blank\">Marianne<\/a>, <a class=\"text-white hover:text-blue-500\" href=\"https:\/\/www.tf1.fr\/dossier\/christophe-beaugrand\" rel=\"nofollow noopener\" target=\"_blank\">Christophe Beaugrand<\/a>, <a class=\"text-white hover:text-blue-500\" href=\"https:\/\/www.tf1.fr\/dossier\/celia-secret-story-2025-18208385\" rel=\"nofollow noopener\" target=\"_blank\">C\u00e9lia<\/a>, <a class=\"text-white hover:text-blue-500\" href=\"https:\/\/www.tf1.fr\/dossier\/romy-secret-story-2025-96898096\" rel=\"nofollow noopener\" target=\"_blank\">Romy<\/a>, <a class=\"text-white hover:text-blue-500\" href=\"https:\/\/www.tf1.fr\/dossier\/constance-secret-story-2025-97345810\" rel=\"nofollow noopener\" target=\"_blank\">Constance<\/a>, <a class=\"text-white hover:text-blue-500\" href=\"https:\/\/www.tf1.fr\/dossier\/mayer-secret-story-2025-05398248\" rel=\"nofollow noopener\" target=\"_blank\">Mayer<\/a> ou <a class=\"text-white hover:text-blue-500\" href=\"https:\/\/www.tf1.fr\/dossier\/noah-secret-story-2025-07015147\" rel=\"nofollow noopener\" target=\"_blank\">Noah<\/a><\/p>\n<p><a class=\"shrink-0\" href=\"https:\/\/www.tf1.fr\/tf1\/secret-story\" rel=\"nofollow noopener\" target=\"_blank\"><img decoding=\"async\" src=\"https:\/\/www.europesays.com\/fr\/wp-content\/uploads\/2025\/07\/program-card-portrait-1-secret-nominations-03-98d238-ebd360-0@1x.jpg\" width=\"138\" height=\"184\" alt=\"\" loading=\"eager\" fetchpriority=\"auto\" class=\"aspect-[3\/4] h-24 w-auto rounded-3px\" aria-hidden=\"true\"\/><\/a><\/p>\n","protected":false},"excerpt":{"rendered":"La Voix a une annonce de la plus haute importance \u00e0 vous faire&#8230; Cette ann\u00e9e, La Voix a&hellip;\n","protected":false},"author":2,"featured_media":227361,"comment_status":"","ping_status":"","sticky":false,"template":"","format":"standard","meta":{"footnotes":""},"categories":[1356],"tags":[58,59,1365,32484,1011,27,29901,32485,32205,252,1364,32206,32204],"class_list":{"0":"post-227360","1":"post","2":"type-post","3":"status-publish","4":"format-standard","5":"has-post-thumbnail","7":"category-television","8":"tag-divertissement","9":"tag-entertainment","10":"tag-episode","11":"tag-episode-secret-story","12":"tag-fr","13":"tag-france","14":"tag-secret-story","15":"tag-secret-story-episode","16":"tag-streaming-secret-story","17":"tag-television","18":"tag-tv","19":"tag-video-en-streaming-secret-story","20":"tag-video-secret-story"},"share_on_mastodon":{"url":"https:\/\/pubeurope.com\/@fr\/114798927816741154","error":""},"_links":{"self":[{"href":"https:\/\/www.europesays.com\/fr\/wp-json\/wp\/v2\/posts\/227360","targetHints":{"allow":["GET"]}}],"collection":[{"href":"https:\/\/www.europesays.com\/fr\/wp-json\/wp\/v2\/posts"}],"about":[{"href":"https:\/\/www.europesays.com\/fr\/wp-json\/wp\/v2\/types\/post"}],"author":[{"embeddable":true,"href":"https:\/\/www.europesays.com\/fr\/wp-json\/wp\/v2\/users\/2"}],"replies":[{"embeddable":true,"href":"https:\/\/www.europesays.com\/fr\/wp-json\/wp\/v2\/comments?post=227360"}],"version-history":[{"count":0,"href":"https:\/\/www.europesays.com\/fr\/wp-json\/wp\/v2\/posts\/227360\/revisions"}],"wp:featuredmedia":[{"embeddable":true,"href":"https:\/\/www.europesays.com\/fr\/wp-json\/wp\/v2\/media\/227361"}],"wp:attachment":[{"href":"https:\/\/www.europesays.com\/fr\/wp-json\/wp\/v2\/media?parent=227360"}],"wp:term":[{"taxonomy":"category","embeddable":true,"href":"https:\/\/www.europesays.com\/fr\/wp-json\/wp\/v2\/categories?post=227360"},{"taxonomy":"post_tag","embeddable":true,"href":"https:\/\/www.europesays.com\/fr\/wp-json\/wp\/v2\/tags?post=227360"}],"curies":[{"name":"wp","href":"https:\/\/api.w.org\/{rel}","templated":true}]}}