{"id":227376,"date":"2025-07-05T05:24:10","date_gmt":"2025-07-05T05:24:10","guid":{"rendered":"https:\/\/www.europesays.com\/fr\/227376\/"},"modified":"2025-07-05T05:24:10","modified_gmt":"2025-07-05T05:24:10","slug":"on-fait-comme-si-cetait-extraordinaire-mais-ce-qui-nest-pas-normal-cest-den-avoir-ete-prive-pendant-un-siecle-liberation","status":"publish","type":"post","link":"https:\/\/www.europesays.com\/fr\/227376\/","title":{"rendered":"\u00abOn fait comme si c\u2019\u00e9tait extraordinaire, mais ce qui n\u2019est pas normal, c\u2019est d\u2019en avoir \u00e9t\u00e9 priv\u00e9 pendant un si\u00e8cle\u00bb \u2013 Lib\u00e9ration"},"content":{"rendered":"<p class=\"sc-ksZaOG ehjQrN text-element\">Un retour \u00e0 la normalit\u00e9 qui a le go\u00fbt d\u2019une premi\u00e8re fois. Cet \u00e9t\u00e9 \u00e0 Paris, il sera possible de nager gratuitement dans la Seine, o\u00f9 trois sites de baignade sont ouverts par la ville ce samedi 5 juillet. Une petite r\u00e9volution pour ce grand fleuve pollu\u00e9 ces derni\u00e8res d\u00e9cennies \u00e0 force de rejets industriels et m\u00e9nagers. Depuis un si\u00e8cle, il \u00e9tait interdit d\u2019y piquer une t\u00eate \u00e0 cause de la concentration en mati\u00e8res f\u00e9cales dangereuses (ent\u00e9rocoques et E. coli) et compos\u00e9s chimiques, mais aussi de l\u2019essor de la navigation fluviale. Les Parisiens et Parisiennes \u00abavaient tourn\u00e9 le dos \u00e0 la Seine\u00bb, illustre Pierre Rabadan, adjoint aux Sports \u00e0 la mairie.<\/p>\n<p class=\"sc-ksZaOG ehjQrN text-element\">Avec ces zones de trempette, l\u2019objectif est donc de \u00abreconnecter les habitants\u00bb avec le temp\u00e9tueux cours d\u2019eau et de \u00abrecr\u00e9er des points de rafra\u00eechissement\u00bb en milieu urbain, o\u00f9 les saisons estivales sont de plus en plus \u00e9touffantes, poursuit l\u2019\u00e9lu socialiste. Et d\u2019ajouter : \u00abOn vise notamment ceux qui partent peu ou pas du tout en vacances.\u00bb De fait, \u00abcette d\u00e9marche est une \u00e9tape importante au niveau de la justice sociale, pointe Marine Calmet, avocate \u00e0 l\u2019association Wild Legal, qui milite pour les droits de la nature. Avec la mont\u00e9e du thermom\u00e8tre mondial, garantir un acc\u00e8s de tous \u00e0 des points d\u2019eau devient primordial.\u00bb <a href=\"https:\/\/www.liberation.fr\/tags\/canicule\/\" target=\"_blank\" rel=\"nofollow noopener\" title=\"https:\/\/www.liberation.fr\/tags\/canicule\/\">L\u2019\u00e9pisode de canicule pr\u00e9coce<\/a><\/p>\n","protected":false},"excerpt":{"rendered":"Un retour \u00e0 la normalit\u00e9 qui a le go\u00fbt d\u2019une premi\u00e8re fois. Cet \u00e9t\u00e9 \u00e0 Paris, il sera&hellip;\n","protected":false},"author":2,"featured_media":227377,"comment_status":"","ping_status":"","sticky":false,"template":"","format":"standard","meta":{"footnotes":""},"categories":[4],"tags":[11,5253,1011,27,12,626,25,13527],"class_list":{"0":"post-227376","1":"post","2":"type-post","3":"status-publish","4":"format-standard","5":"has-post-thumbnail","7":"category-france","8":"tag-actualites","9":"tag-biodiversite-cest-la-sante","10":"tag-fr","11":"tag-france","12":"tag-news","13":"tag-paris","14":"tag-republique-francaise","15":"tag-seine"},"share_on_mastodon":{"url":"https:\/\/pubeurope.com\/@fr\/114798963150009808","error":""},"_links":{"self":[{"href":"https:\/\/www.europesays.com\/fr\/wp-json\/wp\/v2\/posts\/227376","targetHints":{"allow":["GET"]}}],"collection":[{"href":"https:\/\/www.europesays.com\/fr\/wp-json\/wp\/v2\/posts"}],"about":[{"href":"https:\/\/www.europesays.com\/fr\/wp-json\/wp\/v2\/types\/post"}],"author":[{"embeddable":true,"href":"https:\/\/www.europesays.com\/fr\/wp-json\/wp\/v2\/users\/2"}],"replies":[{"embeddable":true,"href":"https:\/\/www.europesays.com\/fr\/wp-json\/wp\/v2\/comments?post=227376"}],"version-history":[{"count":0,"href":"https:\/\/www.europesays.com\/fr\/wp-json\/wp\/v2\/posts\/227376\/revisions"}],"wp:featuredmedia":[{"embeddable":true,"href":"https:\/\/www.europesays.com\/fr\/wp-json\/wp\/v2\/media\/227377"}],"wp:attachment":[{"href":"https:\/\/www.europesays.com\/fr\/wp-json\/wp\/v2\/media?parent=227376"}],"wp:term":[{"taxonomy":"category","embeddable":true,"href":"https:\/\/www.europesays.com\/fr\/wp-json\/wp\/v2\/categories?post=227376"},{"taxonomy":"post_tag","embeddable":true,"href":"https:\/\/www.europesays.com\/fr\/wp-json\/wp\/v2\/tags?post=227376"}],"curies":[{"name":"wp","href":"https:\/\/api.w.org\/{rel}","templated":true}]}}