{"id":22738,"date":"2025-04-13T17:48:08","date_gmt":"2025-04-13T17:48:08","guid":{"rendered":"https:\/\/www.europesays.com\/fr\/22738\/"},"modified":"2025-04-13T17:48:08","modified_gmt":"2025-04-13T17:48:08","slug":"les-confidences-de-gabriel-nabi-gueye-de-the-voice","status":"publish","type":"post","link":"https:\/\/www.europesays.com\/fr\/22738\/","title":{"rendered":"les confidences de Gabriel Nabi Gueye de \u00abThe Voice\u00bb"},"content":{"rendered":"<p><strong>ENTRETIEN &#8211;<\/strong> Chanteur \u00e0 la voix hors norme selon son coach Florent Pagny, le Franco S\u00e9n\u00e9galais de 35 ans qualifi\u00e9 pour les battles nous raconte son parcours fait de passion et de spiritualit\u00e9.<\/p>\n<p class=\"fig-paragraph\">Lors des auditions \u00e0 l\u2019aveugle de la saison 14 de\u00a0<a href=\"https:\/\/tvmag.lefigaro.fr\/programme-tv\/programme\/the-voice-la-plus-belle-voix-f1096325069\" target=\"_blank\" rel=\"noopener\" data-gtm-custom-categorie=\"navigation\" data-gtm-custom-action=\"crossclick\" data-gtm-custom-label=\"Contextuel\" data-gtm-event=\"customEventSPE\"><strong>\u00ab The Voice\u00a0\u00bb<\/strong><\/a>, <strong>Gabriel Nabi Gueye<\/strong> avait enchant\u00e9 les coachs avec sa sublime reprise de Say something de Great Big World et ce n\u2019est qu\u2019\u00e0 5 secondes de la fin de sa prestation que Florent Pagny puis Patricia Kaas s\u2019\u00e9taient retourn\u00e9s. \u00ab Vous avez une voix hors norme, avait soulign\u00e9 le premier. Vous allez \u00eatre ce que vous \u00eates.\u00a0\u00bb<\/p>\n<p class=\"fig-paragraph\">Chez Florent Pagny, Gabriel Gueye a partag\u00e9 le titre Proud Mary avec Tifany B. et Th\u00e9o Bellanca dans un tableau joyeux et dynamique lors de\u00a0<a href=\"http:\/\/tvmag.lefigaro.fr\/programme-tv\/actu-tele\/la-meilleure-etape-de-the-voice-en-quoi-consiste-la-nouvelle-phase-des-groupes-20250405\" target=\"_blank\" data-fig-type=\"Article\" rel=\"noopener\" data-gtm-custom-categorie=\"navigation\" data-gtm-custom-action=\"crossclick\" data-gtm-custom-label=\"Contextuel\" data-gtm-event=\"customEventSPE\" data-fig-domain=\"TVMAG\">la phase des groupes<\/a>. \u00ab Tu as une voix et une prestance incroyables\u00a0\u00bb, lui a d\u00e9clar\u00e9 Zaz. Le chanteur de 35 ans originaire de Cannes s\u2019est qualifi\u00e9 pour la prochaine phase des battles.<\/p>\n<p class=\"fig-body-link\">\n            \u00c0 lire aussi<br \/>\n        <a class=\"fig-body-link__link\" href=\"http:\/\/tvmag.lefigaro.fr\/programme-tv\/actu-tele\/the-voice-top-10-des-auditions-a-l-aveugle-de-la-saison-14-les-plus-regardees-sur-youtube-20250404\" target=\"_blank\" data-fig-type=\"Article\" rel=\"noopener\" data-gtm-custom-categorie=\"navigation\" data-gtm-custom-action=\"crossclick\" data-gtm-custom-label=\"Contextuel\" data-gtm-event=\"customEventSPE\" data-fig-domain=\"TVMAG\">\u00abThe Voice\u00bb\u00a0: top 10 des auditions \u00e0 l\u2019aveugle de la saison 14 les plus regard\u00e9es sur YouTube<br \/>\n    <\/a>\n<\/p>\n<p class=\"fig-paragraph\"><strong>LE FIGARO. \u2013 Comment vous \u00eates-vous retrouv\u00e9 engag\u00e9 dans cette saison de \u00ab The Voice\u00a0\u00bb\u00a0?\u00a0<\/strong><br \/><strong>Gabriel Nabi GUEYE. &#8211; <\/strong>J\u2019avais chant\u00e9 pour l\u2019anniversaire d\u2019une cliente \u00e0 Deauville qui avait ador\u00e9 ma prestation et qui avait indirectement fait suivre mon contact \u00e0 un membre de l\u2019\u00e9quipe de casting. Au d\u00e9part, j\u2019avais peur de me lancer parce que je ne comprenais pas l\u2019int\u00e9r\u00eat du jugement et de l\u2019\u00e9limination. C\u2019\u00e9tait peut-\u00eatre li\u00e9 \u00e0 l\u2019angoisse du rejet et au syndrome de l\u2019abandon. C\u2019\u00e9tait extr\u00eamement angoissant. Je chante dans des contextes l\u00e9gers pour des raisons profondes. Pour moi, la musique est un destin, une caste sociale. C\u2019est ma nature, ma communaut\u00e9 et mon histoire. Je ne percevais pas la pertinence d\u2019un tel concours. Je sous-estimais tout le c\u00f4t\u00e9 m\u00e9diatique qui pouvait \u00eatre favorable \u00e0 l\u2019artiste et \u00e0 son \u0153uvre. J\u2019ai beaucoup de gratitude et de bonheur d\u2019avoir pu participer \u00e0 cette \u00e9mission.<\/p>\n<p class=\"fig-paragraph\"><strong>Pour comprendre votre \u00e9tat d\u2019esprit, votre spiritualit\u00e9, il faut conna\u00eetre votre histoire. Quel est votre parcours\u00a0?\u00a0<\/strong><br \/>La spiritualit\u00e9, c\u2019est mon contexte de naissance puisque je suis n\u00e9 avec des parents qui \u00e9taient tous deux de fervents disciples Mourides, une confr\u00e9rie religieuse spirituelle issue du soufi. Maman \u00e9tait issue d\u2019une famille artistique, elle \u00e9tait chanteuse comme mon grand-p\u00e8re. Quand elle a rencontr\u00e9 mon p\u00e8re, elle a un peu d\u00e9laiss\u00e9 cette carri\u00e8re pour une vie plus s\u00e9dentaire, plus religieuse et plus familiale. Par ce reformatage de la pens\u00e9e, mes parents n\u2019ont pas toujours \u00e9t\u00e9 tr\u00e8s favorables \u00e0 ce que je r\u00e9alise une carri\u00e8re musicale. Donc, j\u2019ai fait des \u00e9tudes de droit \u00e0 Aix-en-Provence et \u00e0 Paris. \u00c0 25 ans, j\u2019ai pris une ann\u00e9e sabbatique et je me suis mis \u00e0 chanter.<\/p>\n<p class=\"fig-paragraph\"><strong>\u00c0 quel moment la musique est-elle devenue un m\u00e9tier \u00e0 part enti\u00e8re\u00a0?\u00a0<\/strong><br \/>Au bout de trois mois, j\u2019ai \u00e9t\u00e9 rep\u00e9r\u00e9 dans un bar \u00e0 Cannes pour chanter pour\u00a0<a href=\"http:\/\/www.lefigaro.fr\/economie\/bernard-arnault-accelere-le-renouvellement-et-le-rajeunissement-a-la-tete-de-lvmh-20241114\" target=\"_blank\" data-fig-type=\"Article\" rel=\"noopener\" data-gtm-custom-categorie=\"navigation\" data-gtm-custom-action=\"crossclick\" data-gtm-custom-label=\"Contextuel\" data-gtm-event=\"customEventSPE\" data-fig-domain=\"LEFIGARO\">Monsieur Bernard Arnault, patron de LVMH<\/a>, \u00e0 Courchevel \u00e0 Cheval Blanc un 17 d\u00e9cembre, pour les f\u00eates de No\u00ebl. \u00c0 partir de l\u00e0, le groupe m\u2019a sign\u00e9 pour plusieurs ann\u00e9es pour tous les \u00e9v\u00e9nements de Dior et de Fendi via l\u2019agence artistique Salt in Bank pr\u00e9sid\u00e9 par Bruno Cheno que je remercie pour ce beau chapitre de mon parcours. Cela a \u00e9t\u00e9 un d\u00e9but de carri\u00e8re dans l\u2019animation de f\u00eates jet-set et mondaines en Europe.<\/p>\n<blockquote class=\"fig-quote&#10;    \">\n<p class=\"fig-quote__text\">\u00ab Je n\u2019\u00e9tais pas conscient des raisons pour lesquelles je chantais\u00a0\u00bb<\/p>\n<p>            Gabriel Nabi Gueye\n    <\/p><\/blockquote>\n<p class=\"fig-paragraph\"><strong>Qu\u2019est-ce qui vous a amen\u00e9 \u00e0 vous installer au S\u00e9n\u00e9gal en 2021\u00a0?\u00a0<\/strong><br \/>J\u2019ai v\u00e9cu le syndrome du retour. J\u2019\u00e9tais \u00e9puis\u00e9 par une carri\u00e8re qui se r\u00e9sumait \u00e0 l\u2019animation de soir\u00e9es et qui avait engendr\u00e9 une forme de frustration intellectuelle et artistique. Je n\u2019\u00e9tais pas conscient des raisons pour lesquelles je chantais. J\u2019avais besoin d\u2019une qualit\u00e9 d\u2019\u00e9coute. Malgr\u00e9 cette \u00e9nergie qui est la mienne, j\u2019aspirais \u00e0 un \u00e9change intellectuel et spirituel avec mon public.<\/p>\n<p class=\"fig-paragraph\"><strong>Avez-vous eu la volont\u00e9 de cr\u00e9er vos propres chansons et d\u2019avoir vos propres concerts\u00a0?\u00a0<\/strong><br \/>C\u2019est ce que j\u2019ai mis du temps \u00e0 d\u00e9cider parce que j\u2019ai toujours pens\u00e9 que cela viendrait naturellement. Je croyais au sc\u00e9nario de\u00a0: \u00ab On va te rencontrer, on va te d\u00e9couvrir et on va te prendre en charge\u00a0\u00bb. Mais ce rendez-vous n\u2019est jamais arriv\u00e9 alors j\u2019ai continu\u00e9 et le temps est pass\u00e9 vite. J\u2019ai encha\u00een\u00e9 les ann\u00e9es, les contrats, les hivers \u00e0 Courchevel et les \u00e9t\u00e9s \u00e0 Saint-Tropez ou \u00e0 Mykonos. Je me suis laiss\u00e9 embarquer par ce mode de vie. En 2021, j\u2019ai ressenti ce besoin de simplicit\u00e9 et de repos dans un contexte beaucoup plus d\u00e9surbanis\u00e9.<\/p>\n<p class=\"fig-paragraph\"><strong>\u00c0 quoi ressemble votre vie au S\u00e9n\u00e9gal\u00a0?\u00a0<\/strong><br \/>Je viens m\u2019y ressourcer. C\u2019est un peu devenu mon ancre, mon temple. J\u2019\u00e9tudie dans un daara, une \u00e9cole, pr\u00e8s de Diourbel, le village natal de mes parents. C\u2019est un endroit au milieu d\u2019une steppe aride o\u00f9 il n\u2019y a pas \u00e9lectricit\u00e9 et juste un point d\u2019eau. J\u2019y pratique la lecture de textes anciens religieux et philosophiques. Par ce biais-l\u00e0, je renforce ma foi, ma culture g\u00e9n\u00e9rale et les choses qui sont cens\u00e9es me r\u00e9concilier avec ma g\u00e9n\u00e9ration et l\u2019id\u00e9e de vivre dans ce monde.<\/p>\n<blockquote class=\"fig-quote&#10;    \">\n<p class=\"fig-quote__text\">\u00ab Mes amis m\u2019ont dit que si Florent Pagny venait \u00e0 se retourner, il fallait aller dans son \u00e9quipe\u00a0\u00bb<\/p>\n<p>            Gabriel Nabi Gueye\n    <\/p><\/blockquote>\n<p class=\"fig-paragraph\"><strong>Comment vous \u00eates-vous senti dans le processus de\u00a0<\/strong><a href=\"http:\/\/tvmag.lefigaro.fr\/programme-tv\/actu-tele\/j-etais-sur-une-autre-planete-comment-manon-mirto-a-subjugue-florent-pagny-dans-the-voice-20250315\" target=\"_blank\" data-fig-type=\"Article\" rel=\"noopener\" data-gtm-custom-categorie=\"navigation\" data-gtm-custom-action=\"crossclick\" data-gtm-custom-label=\"Contextuel\" data-gtm-event=\"customEventSPE\" data-fig-domain=\"TVMAG\"><strong>\u00ab The Voice\u00a0\u00bb<\/strong><\/a> <strong>\u00a0?\u00a0<\/strong><br \/>Tr\u00e8s bien dans la mesure o\u00f9 j\u2019ai senti une bienveillance sinc\u00e8re de toute l\u2019\u00e9quipe de production. Pendant les auditions \u00e0 l\u2019aveugle, \u00e0 20 secondes de la fin, j\u2019\u00e9tais convaincu que personne n\u2019allait se retourner. J\u2019ai pens\u00e9 \u00e0 mes amis qui s\u2019\u00e9taient d\u00e9plac\u00e9s, j\u2019ai eu un sentiment de tristesse pour eux. Mais j\u2019avais la satisfaction d\u2019\u00eatre rest\u00e9 fid\u00e8le \u00e0 ce que je suis, d\u2019avoir propos\u00e9 quelque chose d\u2019authentique. J\u2019ai tr\u00e8s vite compris que, quoi qu\u2019il arrive, j\u2019aurai tr\u00e8s peu de regrets.<\/p>\n<p class=\"fig-paragraph\"><strong>Qu\u2019avez-vous pens\u00e9 de la r\u00e9action des coachs\u00a0?\u00a0<\/strong><br \/>J\u2019ai un proverbe qui dit\u00a0: \u00ab La diff\u00e9rence entre la r\u00e9alit\u00e9 et la fiction, c\u2019est que la r\u00e9alit\u00e9 est v\u00e9rifiable\u00a0\u00bb. Je ne comprends pas toujours ce qui peut se cacher dans la psychique des gens. Je pars du principe qu\u2019il y a chez eux quelque chose qui est de l\u2019ordre du myst\u00e8re. Je ne sais pas si c\u2019est parce qu\u2019ils n\u2019aiment pas ou parce qu\u2019ils ne comprennent pas tout de suite. Ce qu\u2019ils entendent pose \u00e0 r\u00e9fl\u00e9chir et c\u2019est la satisfaction que j\u2019en tire. L\u2019artiste aime cette id\u00e9e de faire quelque chose qui ne ressemble qu\u2019\u00e0 lui. J\u2019ai aim\u00e9 que Florent Pagny dise que ma proposition \u00e9tait particuli\u00e8re.<\/p>\n<p class=\"fig-paragraph\"><strong>Pourquoi avoir choisi Florent Pagny plut\u00f4t que Patricia Kaas\u00a0?\u00a0<\/strong><br \/>Mes amis m\u2019ont dit que si Florent Pagny venait \u00e0 se retourner, il fallait aller dans son \u00e9quipe et je ne voulais pas les d\u00e9cevoir. Je n\u2019ai pas cherch\u00e9 \u00e0 savoir pourquoi et je l\u2019ai fait. C\u2019est vrai qu\u2019aujourd\u2019hui, quand je prends le temps de m\u2019int\u00e9resser au parcours et \u00e0 la personnalit\u00e9 des diff\u00e9rents coachs de \u00ab The Voice\u00a0\u00bb, je vois que j\u2019ai plus d\u2019affinit\u00e9s avec Patricia Kaas. Toute ma vie, j\u2019ai toujours \u00e9t\u00e9 plus complice avec les femmes qu\u2019avec les hommes parce qu\u2019il y a cette f\u00e9minit\u00e9 qui est en moi, qui est palpable. Je suis plus sensible \u00e0 certaines chansons de Patricia que celles de Florent.<\/p>\n<\/p>\n<blockquote class=\"fig-quote&#10;    \">\n<p class=\"fig-quote__text\">\u00ab J\u2019ai \u00e9t\u00e9 abord\u00e9 par plusieurs personnes et deux maisons de disques qui ont envie de produire quelques chansons et quelques clips\u00a0\u00bb<\/p>\n<p>            Gabriel Nabi Gueye\n    <\/p><\/blockquote>\n<p class=\"fig-paragraph\"><strong>Comment avez-vous v\u00e9cu cette \u00e9tape des groupes aux c\u00f4t\u00e9s de Tifany B. et Th\u00e9o Bellanca\u00a0?\u00a0<\/strong><br \/>J\u2019ai ador\u00e9 leur personnalit\u00e9. Th\u00e9o est un gar\u00e7on tellement passionn\u00e9. Il y a quelque chose de tr\u00e8s pur chez lui parce qu\u2019on sent qu\u2019il aime sa musique, son chant et son personnage pour des raisons qui n\u2019ont rien \u00e0 voir avec la gloire. Tifany est, tout comme moi, plus famili\u00e8re avec certains automatismes du spectacle et avec la notion de carri\u00e8re. Pour moi, c\u2019\u00e9tait le trio id\u00e9al. J\u2019ai ador\u00e9 la chanson et l\u2019ambiance qu\u2019il y a eues pendant cette \u00e9tape. Notre complicit\u00e9 \u00e9tait imperturbable.<\/p>\n<p class=\"fig-paragraph\"><strong>Auriez-vous accept\u00e9 si Florent Pagny vous avait propos\u00e9 de former un trio pour la suite de la comp\u00e9tition\u00a0<\/strong><a href=\"http:\/\/tvmag.lefigaro.fr\/programme-tv\/actu-tele\/c-est-une-grande-premiere-emu-aux-larmes-florent-pagny-tente-un-coup-de-poker-dans-the-voice-20250405\" target=\"_blank\" data-fig-type=\"Article\" rel=\"noopener\" data-gtm-custom-categorie=\"navigation\" data-gtm-custom-action=\"crossclick\" data-gtm-custom-label=\"Contextuel\" data-gtm-event=\"customEventSPE\" data-fig-domain=\"TVMAG\"><strong>comme il l\u2019a fait avec Il Cello<\/strong><\/a> <strong>\u00a0?\u00a0<\/strong><br \/>Je n\u2019aurais jamais refus\u00e9 une telle proposition. Je sais qu\u2019une des candidates de Patricia Kaas a refus\u00e9 et a fini par \u00eatre \u00e9limin\u00e9e. Je n\u2019ai pas compris ce geste. Il ne faut pas penser que la fusion va vous emp\u00eacher d\u2019exister individuellement. Tifany et Th\u00e9o sont des artistes que j\u2019adore donc j\u2019aurais accept\u00e9. C\u2019est dans mon \u00e9tat d\u2019esprit, j\u2019aime l\u2019esprit d\u2019\u00e9quipe, les orchestrations et la vie en communaut\u00e9 en g\u00e9n\u00e9ral.<\/p>\n<p class=\"fig-paragraph\"><strong>La diffusion de votre audition \u00e0 l\u2019aveugle, et son succ\u00e8s sur YouTube, vous a-t-elle apport\u00e9 de nouvelles opportunit\u00e9s\u00a0?\u00a0<\/strong><br \/>Je viens de terminer un marathon de dates et je me consacre d\u00e9sormais \u00e0 l\u2019\u00e9criture de mes propres chansons. J\u2019ai \u00e9t\u00e9 tr\u00e8s inspir\u00e9 par\u00a0<a href=\"http:\/\/tvmag.lefigaro.fr\/programme-tv\/actu-tele\/the-voice-qui-sont-les-68-talents-qualifies-a-l-issue-des-auditions-a-l-aveugle-20250329\" target=\"_blank\" data-fig-type=\"Article\" rel=\"noopener\" data-gtm-custom-categorie=\"navigation\" data-gtm-custom-action=\"crossclick\" data-gtm-custom-label=\"Contextuel\" data-gtm-event=\"customEventSPE\" data-fig-domain=\"TVMAG\">tous ces jeunes talents de \u00ab The Voice\u00a0\u00bb<\/a>\u00a0qui ont d\u00e9j\u00e0 des projets. Ils ont trouv\u00e9 le courage, la force, la confiance et le temps pour cr\u00e9er des choses. J\u2019ai \u00e9t\u00e9 abord\u00e9 par plusieurs personnes et deux maisons de disques qui ont envie de produire quelques chansons et quelques clips. C\u2019est en cours de n\u00e9gociation. Je n\u2019ai pas de plan B dans mon existence, je ne fais pas tout \u00e7a pour la c\u00e9l\u00e9brit\u00e9 mais parce que c\u2019est en moi. J\u2019ai la conviction de vouloir m\u2019\u00e9panouir aupr\u00e8s d\u2019un public. Les analyses pertinentes d\u2019un artiste aussi accompli que monsieur\u00a0<a href=\"http:\/\/tvmag.lefigaro.fr\/programme-tv\/actu-tele\/florent-pagny-de-retour-dans-the-voice-j-ai-l-impression-de-n-etre-jamais-parti-20250130\" target=\"_blank\" data-fig-type=\"Article\" rel=\"noopener\" data-gtm-custom-categorie=\"navigation\" data-gtm-custom-action=\"crossclick\" data-gtm-custom-label=\"Contextuel\" data-gtm-event=\"customEventSPE\" data-fig-domain=\"TVMAG\">Florent Pagny<\/a>\u00a0me laissent uniquement concentr\u00e9s et occup\u00e9s par la nature tr\u00e8s enrichissante, b\u00e9n\u00e9fique et salvatrice de son accompagnement. Un grand merci \u00e0 lui.<\/p>\n<p>\u00a0\u00bb<br \/>\n        data-script=\u00a0\u00bbhttps:\/\/static.lefigaro.fr\/widget-video\/short-ttl\/video\/index.js\u00a0\u00bb<br \/>\n    &gt;<\/p>\n","protected":false},"excerpt":{"rendered":"ENTRETIEN &#8211; Chanteur \u00e0 la voix hors norme selon son coach Florent Pagny, le Franco S\u00e9n\u00e9galais de 35&hellip;\n","protected":false},"author":2,"featured_media":22739,"comment_status":"","ping_status":"","sticky":false,"template":"","format":"standard","meta":{"footnotes":""},"categories":[1359],"tags":[497,496,499,58,59,3109,1011,27,500,504,505,495,973,503,502,501,3074,498],"class_list":{"0":"post-22738","1":"post","2":"type-post","3":"status-publish","4":"format-standard","5":"has-post-thumbnail","7":"category-people","8":"tag-actu-tv","9":"tag-actualite-tv","10":"tag-buzz-tv","11":"tag-divertissement","12":"tag-entertainment","13":"tag-florent-pagny","14":"tag-fr","15":"tag-france","16":"tag-medias","17":"tag-news-tele","18":"tag-news-television","19":"tag-news-tv","20":"tag-people","21":"tag-programme-tele","22":"tag-programme-tv","23":"tag-quiz-tv","24":"tag-the-voice","25":"tag-tv-actu"},"share_on_mastodon":{"url":"https:\/\/pubeurope.com\/@fr\/114331917074244839","error":""},"_links":{"self":[{"href":"https:\/\/www.europesays.com\/fr\/wp-json\/wp\/v2\/posts\/22738","targetHints":{"allow":["GET"]}}],"collection":[{"href":"https:\/\/www.europesays.com\/fr\/wp-json\/wp\/v2\/posts"}],"about":[{"href":"https:\/\/www.europesays.com\/fr\/wp-json\/wp\/v2\/types\/post"}],"author":[{"embeddable":true,"href":"https:\/\/www.europesays.com\/fr\/wp-json\/wp\/v2\/users\/2"}],"replies":[{"embeddable":true,"href":"https:\/\/www.europesays.com\/fr\/wp-json\/wp\/v2\/comments?post=22738"}],"version-history":[{"count":0,"href":"https:\/\/www.europesays.com\/fr\/wp-json\/wp\/v2\/posts\/22738\/revisions"}],"wp:featuredmedia":[{"embeddable":true,"href":"https:\/\/www.europesays.com\/fr\/wp-json\/wp\/v2\/media\/22739"}],"wp:attachment":[{"href":"https:\/\/www.europesays.com\/fr\/wp-json\/wp\/v2\/media?parent=22738"}],"wp:term":[{"taxonomy":"category","embeddable":true,"href":"https:\/\/www.europesays.com\/fr\/wp-json\/wp\/v2\/categories?post=22738"},{"taxonomy":"post_tag","embeddable":true,"href":"https:\/\/www.europesays.com\/fr\/wp-json\/wp\/v2\/tags?post=22738"}],"curies":[{"name":"wp","href":"https:\/\/api.w.org\/{rel}","templated":true}]}}