{"id":227394,"date":"2025-07-05T05:37:08","date_gmt":"2025-07-05T05:37:08","guid":{"rendered":"https:\/\/www.europesays.com\/fr\/227394\/"},"modified":"2025-07-05T05:37:08","modified_gmt":"2025-07-05T05:37:08","slug":"reseau-unique-gratuite-rer-metropolitain-le-smmag-garde-le-cap","status":"publish","type":"post","link":"https:\/\/www.europesays.com\/fr\/227394\/","title":{"rendered":"r\u00e9seau unique, gratuit\u00e9, RER m\u00e9tropolitain&#8230; Le SMMAG garde le cap"},"content":{"rendered":"<p>            Par<br \/>\n        <strong><br \/>\n            <a href=\"https:\/\/actu.fr\/auteur\/lisa-rodrigues\" title=\"Consulter tous les articles de Lisa Rodrigues\" target=\"_blank\" rel=\"noopener\">Lisa Rodrigues<\/a><br \/>\n        <\/strong><\/p>\n<p>        Publi\u00e9 le<\/p>\n<p>            5 juil. 2025 \u00e0 7h32        <\/p>\n<p>Le <strong>SMMAG<\/strong> (Syndicat mixte des mobilit\u00e9s de l\u2019aire grenobloise), ce sont 90,6 millions de voyages r\u00e9alis\u00e9s en 2024, 1 427 kilom\u00e8tres cumul\u00e9s de lignes de transports et trois collectivit\u00e9s desservies : <a href=\"https:\/\/actu.fr\/tag\/grenoble-alpes-metropole\" target=\"_blank\" rel=\"noopener\">Grenoble-Alpes M\u00e9tropole<\/a>, la communaut\u00e9 de communes du Gr\u00e9sivaudan et le Pays Voironnais.<br \/>Alors que le mandat du bureau actuel touche \u00e0 sa fin, le SMMAG a pr\u00e9sent\u00e9 son bilan depuis 2020, marqu\u00e9 par de <strong>grands bouleversements<\/strong> pour le r\u00e9seau de mobilit\u00e9s du bassin de vie grenoblois. Et d\u2019en profiter pour esquisser les <strong>principaux changements \u00e0 venir<\/strong> dans les transports sur les prochaines ann\u00e9es.<\/p>\n<p>\u00ab\u00a0Un exemple de coop\u00e9ration in\u00e9gal\u00e9\u00a0\u00bb<\/p>\n<p class=\" wall-content\">C\u00f4t\u00e9 r\u00e9alisations, il y a forc\u00e9ment la cr\u00e9ation du <a href=\"https:\/\/actu.fr\/auvergne-rhone-alpes\/grenoble_38185\/grenoble-la-tag-a-un-nouveau-nom-voici-ce-qui-va-changer-pour-les-transports_61526212.html\" target=\"_blank\" rel=\"noopener\">r\u00e9seau unique<\/a> de transports en commun, MR\u00e9so, la tarification unique sur tout le r\u00e9seau depuis le Voironnais <a href=\"https:\/\/actu.fr\/auvergne-rhone-alpes\/grenoble_38185\/grenoble-bouleversement-sur-le-reseau-tag-de-gros-changements-en-septembre_61198598.html\" target=\"_blank\" rel=\"noopener\">jusqu\u2019au Gr\u00e9sivaudan<\/a>, ou le d\u00e9veloppement du v\u00e9lo et du covoiturage.\u00a0<\/p>\n<p class=\" wall-content\">Le tout, sur une aire g\u00e9ographique de <strong>123 communes<\/strong> pour un peu plus de 640 000 habitants, chiffre Sylvain Laval, pr\u00e9sident du SMMAG. \u00ab\u00a0C\u2019est un exemple de coop\u00e9ration in\u00e9gal\u00e9 en France. Il me semble difficile de faire mieux en mati\u00e8re d\u2019offre de transport collectif.\u00a0\u00bb<\/p>\n<p class=\" wall-content\">Pour ce qui est des investissements, on peut noter <a href=\"https:\/\/actu.fr\/auvergne-rhone-alpes\/grenoble_38185\/grenoble-cette-ligne-de-tram-est-totalement-modifiee-voici-ce-qui-change_61540573.html\" target=\"_blank\" rel=\"noopener\">l\u2019extension r\u00e9cente de la ligne de tram D<\/a> ou le renouvellement de la flotte de v\u00e9hicules de transports urbains. \u00ab\u00a0Ce mandat, c\u2019est aussi l\u2019achat de 78 nouveaux bus \u00e0 faibles \u00e9missions et le lancement d\u2019une op\u00e9ration de <strong>renouvellement des 53 anciennes rames de tramway<\/strong> par de nouvelles rames de grande capacit\u00e9\u00a0\u00bb, poursuit Christophe Ferrari, pr\u00e9sident de Grenoble-Alpes M\u00e9tropole.<\/p>\n<p class=\" wall-content\">Le renouvellement des tramways est chiffr\u00e9 \u00e0 plus de <strong>218 millions d\u2019euros<\/strong>. Ils ne devraient pas \u00eatre mis en circulation avant 2028.\u00a0<\/p>\n<p>Les transports gratuits pour tous, c\u2019est non<\/p>\n<p class=\" wall-content\">Il y a bien eu un petit mot sur le sempiternel d\u00e9bat sur la tarification des transports en commun. Plusieurs \u00e9lus, comme encore r\u00e9cemment \u00c9ric Piolle, plaidant pour la <strong>gratuit\u00e9 des transports<\/strong> comme \u00e0 Montpellier ou Dunkerque. Une option balay\u00e9e par le SMMAG.<\/p>\n<p class=\" wall-content\">\u00ab\u00a0Il va falloir nous expliquer comment, avec deux euros sur un m\u00eame titre pour faire tous ses milliers de kilom\u00e8tres, on a un r\u00e9seau trop cher\u00a0\u00bb, tacle Sylvain Laval.<\/p>\n<blockquote class=\"ac-article-quote wall-content\">\n<p>Ce n&rsquo;est pas une non-tarification dans le centre urbain qui produit un report modal pour les habitants des p\u00e9riph\u00e9ries. Toute comparaison avec d&rsquo;autres territoires n&rsquo;a pas de sens : ce sont des p\u00e9rim\u00e8tres plus petits, avec des niveaux de service plus faibles.<\/p>\n<p>    <strong>Sylvain Laval<\/strong><br \/>\n        Pr\u00e9sident du SMMAG    <\/p><\/blockquote>\n<p class=\" wall-content\">Et au syndicat de rappeler qu\u2019une tarification solidaire est en vigueur avec, pour les plus modestes comme les \u00e9tudiants boursiers, un abonnement mensuel \u00e0 2,50 euros. \u00ab\u00a0Aujourd\u2019hui, <strong>36% des abonnements<\/strong> rel\u00e8vent de la tarification solidaire\u00a0\u00bb, note Christophe Ferrari.<\/p>\n<p>Concernant le Serm, \u00ab\u00a0notre boulot est fait\u00a0\u00bb<\/p>\n<p class=\" wall-content\">Le sujet du <strong>Serm<\/strong> (Service express r\u00e9gional m\u00e9tropolitain) a \u00e9galement \u00e9t\u00e9 \u00e9voqu\u00e9. Apr\u00e8s l\u2019annonce en d\u00e9but d\u2019ann\u00e9e 2025 du <a href=\"https:\/\/actu.fr\/auvergne-rhone-alpes\/grenoble_38185\/grenoble-renouveau-du-projet-de-rer-metropolitain-nous-ne-partons-pas-de-rien_62144715.html\" target=\"_blank\" rel=\"noopener\">lancement des \u00e9tudes<\/a>, pas grand-chose n\u2019a boug\u00e9. \u00ab\u00a0C\u2019est <strong>un objet flottant tr\u00e8s identifi\u00e9<\/strong>\u00ab\u00a0, ironise Christophe Ferrari.<\/p>\n<p class=\" wall-content\">\u00ab\u00a0L\u2019ensemble des \u00e9changes que nous pouvons avoir avec SNCF R\u00e9seau n\u2019est pas toujours tr\u00e8s constructif, soupire Henri Baile, pr\u00e9sident de la communaut\u00e9 de communes du Gr\u00e9sivaudan. Il faut plus d\u2019\u00e9coute, plus de fluidit\u00e9, plus d\u2019implication de la part de l\u2019\u00c9tat et de SNCF R\u00e9seau.\u00a0\u00bb<\/p>\n<p class=\" wall-content\">Car c\u00f4t\u00e9 finances, les inqui\u00e9tudes sont l\u00e0. \u00ab\u00a0Il y a un <strong>d\u00e9rapage de l\u2019\u00c9tat<\/strong>. D\u2019une dizaine de Serm, aujourd\u2019hui, on en est \u00e0 26 ou 27 projets, abonde Bruno Cattin, pr\u00e9sident du Pays Voironnais. \u00c7a suppose un saupoudrage de l\u2019\u00c9tat dans un contexte de finances particuli\u00e8rement difficile.\u00a0\u00bb\u00a0<\/p>\n<p class=\" wall-content\">En tout cas, le SMMAG se dit pr\u00eat. \u00ab\u00a0Notre boulot est fait, est m\u00eame en avance par rapport \u00e0 d\u2019autres territoires, insiste Sylvain Laval. La balle est dans le camp de ceux qui doivent valider et coordonner ce dossier.\u00a0\u00bb C\u2019est-\u00e0-dire l\u2019\u00c9tat, seule autorit\u00e9 comp\u00e9tente en mati\u00e8re d\u2019investissement ferroviaire.<\/p>\n<p class=\" wall-content\">Suivez toute l\u2019actualit\u00e9 de vos villes et m\u00e9dias favoris en vous inscrivant \u00e0 <a href=\"https:\/\/moncompte.actu.fr\" title=\"D\u00e9couvez Mon Actu\" rel=\"nofollow noopener\" data-trk=\"{&quot;cta&quot;:{&quot;action&quot;:&quot;https:\\\/\\\/moncompte.actu.fr&quot;,&quot;category&quot;:&quot;mon compte&quot;,&quot;from&quot;:&quot;article footer&quot;,&quot;name&quot;:&quot;Mon actu&quot;,&quot;type&quot;:&quot;cta&quot;}}\" target=\"_blank\">Mon Actu<\/a>.<\/p>\n","protected":false},"excerpt":{"rendered":"Par Lisa Rodrigues Publi\u00e9 le 5 juil. 2025 \u00e0 7h32 Le SMMAG (Syndicat mixte des mobilit\u00e9s de l\u2019aire&hellip;\n","protected":false},"author":2,"featured_media":227395,"comment_status":"","ping_status":"","sticky":false,"template":"","format":"standard","meta":{"footnotes":""},"categories":[9566],"tags":[1111,11,2430,1777,674,1011,27,2731,12,25,17089,104,2803,8194],"class_list":{"0":"post-227394","1":"post","2":"type-post","3":"status-publish","4":"format-standard","5":"has-post-thumbnail","7":"category-grenoble","8":"tag-actu","9":"tag-actualites","10":"tag-auvergne-rhone-alpes","11":"tag-eu","12":"tag-europe","13":"tag-fr","14":"tag-france","15":"tag-grenoble","16":"tag-news","17":"tag-republique-francaise","18":"tag-rer-metropolitain","19":"tag-societe","20":"tag-transport","21":"tag-transport-de-lagglomeration-grenobloise-tag"},"share_on_mastodon":{"url":"https:\/\/pubeurope.com\/@fr\/114799014285351773","error":""},"_links":{"self":[{"href":"https:\/\/www.europesays.com\/fr\/wp-json\/wp\/v2\/posts\/227394","targetHints":{"allow":["GET"]}}],"collection":[{"href":"https:\/\/www.europesays.com\/fr\/wp-json\/wp\/v2\/posts"}],"about":[{"href":"https:\/\/www.europesays.com\/fr\/wp-json\/wp\/v2\/types\/post"}],"author":[{"embeddable":true,"href":"https:\/\/www.europesays.com\/fr\/wp-json\/wp\/v2\/users\/2"}],"replies":[{"embeddable":true,"href":"https:\/\/www.europesays.com\/fr\/wp-json\/wp\/v2\/comments?post=227394"}],"version-history":[{"count":0,"href":"https:\/\/www.europesays.com\/fr\/wp-json\/wp\/v2\/posts\/227394\/revisions"}],"wp:featuredmedia":[{"embeddable":true,"href":"https:\/\/www.europesays.com\/fr\/wp-json\/wp\/v2\/media\/227395"}],"wp:attachment":[{"href":"https:\/\/www.europesays.com\/fr\/wp-json\/wp\/v2\/media?parent=227394"}],"wp:term":[{"taxonomy":"category","embeddable":true,"href":"https:\/\/www.europesays.com\/fr\/wp-json\/wp\/v2\/categories?post=227394"},{"taxonomy":"post_tag","embeddable":true,"href":"https:\/\/www.europesays.com\/fr\/wp-json\/wp\/v2\/tags?post=227394"}],"curies":[{"name":"wp","href":"https:\/\/api.w.org\/{rel}","templated":true}]}}